{"id":257765,"date":"2026-05-18T16:52:00","date_gmt":"2026-05-18T21:52:00","guid":{"rendered":"http:\/\/vertienteglobal.com\/?p=257765"},"modified":"2026-05-18T22:56:51","modified_gmt":"2026-05-19T03:56:51","slug":"mara-lezama-brinda-976-atenciones-en-la-audiencia-publica-la-voz-del-pueblo-celebrada-en-bacalar","status":"publish","type":"post","link":"http:\/\/vertienteglobal.com\/?p=257765","title":{"rendered":"Mara Lezama brinda 976 atenciones en la audiencia p\u00fablica \u201cLa Voz del Pueblo\u201d celebrada en Bacalar"},"content":{"rendered":"\n<div class=\"twitterbutton\" style=\"float: right; padding-left: 5px;\"><a href=\"http:\/\/twitter.com\/share\" class=\"twitter-share-button\" data-count=\"horizontal\" data-text=\"Mara Lezama brinda 976 atenciones en la audiencia p\u00fablica \u201cLa Voz del Pueblo?...\" data-via=\"https:\/\/twitter.com\/VertienteGloba1\" data-url=\"http:\/\/vertienteglobal.com\/?p=257765\" data-lang=\"es\" data-related=\"Informaci\u00f3n general:S\u00edguenos para que est\u00e9ss informado\"><\/a><\/div>\n<figure class=\"wp-block-image size-large\"><img loading=\"lazy\" decoding=\"async\" width=\"1024\" height=\"683\" src=\"http:\/\/vertienteglobal.com\/wp-content\/uploads\/2026\/05\/1001257562-1024x683.jpg\" alt=\"\" class=\"wp-image-257766\" srcset=\"http:\/\/vertienteglobal.com\/wp-content\/uploads\/2026\/05\/1001257562-1024x683.jpg 1024w, http:\/\/vertienteglobal.com\/wp-content\/uploads\/2026\/05\/1001257562-300x200.jpg 300w, http:\/\/vertienteglobal.com\/wp-content\/uploads\/2026\/05\/1001257562-150x100.jpg 150w, http:\/\/vertienteglobal.com\/wp-content\/uploads\/2026\/05\/1001257562-768x512.jpg 768w, http:\/\/vertienteglobal.com\/wp-content\/uploads\/2026\/05\/1001257562.jpg 1280w\" sizes=\"auto, (max-width: 1024px) 100vw, 1024px\" \/><\/figure>\n\n\n\n<p>(Redacci\u00f3n)<\/p>\n\n\n\n<p>La Gobernadora encabez\u00f3 una jornada de atenci\u00f3n ciudadana directa, frente a frente, en la que escuch\u00f3 y resolvi\u00f3 diversos problemas acompa\u00f1ada por secretarios, dependencias federales y autoridades municipales<\/p>\n\n\n\n<p>Bacalar, Quintana Roo 18 de mayo 2026.- Al destacar que este gobierno diferente es de territorio, cercano a las personas y enfocado en escuchar para resolver, la gobernadora Mara Lezama Espinosa encabez\u00f3 la audiencia p\u00fablica \u201cLa Voz del Pueblo\u201d en el municipio de Bacalar, donde dispuso atenci\u00f3n directa y personalizada por parte de todo el gabinete estatal, dependencias federales y municipales.<\/p>\n\n\n\n<p>Durante el evento, en el domo Luis Donaldo Colosio y acompa\u00f1ada de la presidenta honoraria del DIF Quintana Roo, Ver\u00f3nica Lezama, y del presidente municipal Jos\u00e9 Alfredo Contreras M\u00e9ndez, la Gobernadora expres\u00f3 que su presencia tiene por objetivo \u201cescucharlos, atenderles, pero sobre todo para resolverles\u201d, ante decenas de ciudadanos reunidos en la audiencia p\u00fablica.<\/p>\n\n\n\n<p>La se\u00f1ora Mar\u00eda Guadalupe Cupul Balam fue la primera en ser atendida personalmente por Mara Lezama, de un total de 976 atenciones. Durante \u201cLa Voz del Pueblo\u201d, la titular del Ejecutivo realiz\u00f3 diversas actividades, como la entrega de 10 tinacos, 2 parrillas de 4 quemadores y 2 bicicletas para habitantes de Zamora, Maya Balam, San Rom\u00e1n, Kuchumat\u00e1n, entre otras, que corresponden al programa Apoyos del Bienestar.<\/p>\n\n\n\n<p>Asimismo, l\u00e1minas a 44 familias de comunidades de San Rom\u00e1n, Caanlumil y Maya Balam. Tambi\u00e9n, 18 t\u00edtulos de propiedad para familias de Maya Balam.<\/p>\n\n\n\n<p>En materia de salud, tambi\u00e9n entreg\u00f3 4 pr\u00f3tesis a personas que recuperan la movilidad, y aparatos auditivos, entre ellos al menor Joshua Uc\u00e1n Peraza, de Jos\u00e9 Mar\u00eda Morelos, a quien le colocaron aparatos auditivos bilaterales, que lo auxiliar\u00e1 para sobrellevar su padecimiento de s\u00edndrome treacher collins.<\/p>\n\n\n\n<p>Para fomentar la lectura entre j\u00f3venes de 15 a 30 a\u00f1os de edad, Mara Lezama entreg\u00f3 855 libros del programa 25\u00d725, que impulsa la Presidenta Claudia Sheinbaum, para 5 escuelas de Bacalar, que corresponden a 27 t\u00edtulos de 14 autores nacionales e internacionales, en los g\u00e9neros de narrativa, poes\u00eda, novela, entre otros. En total, este programa contempla la distribuci\u00f3n de 6 mil 470 libros en todo el estado.<\/p>\n\n\n\n<p>Asimismo, a lo largo de la audiencia y con el apoyo del Registro Civil, la Gobernadora entreg\u00f3 actas de nacimiento a: Mar\u00eda, de 79 a\u00f1os; Benjam\u00edn, de 70 a\u00f1os; Blanca, de 17 a\u00f1os; Yessica, de 16 a\u00f1os; Yorli, de 14 a\u00f1os y a Claudia, de 18 a\u00f1os.<\/p>\n\n\n\n<p>En el evento participaron representantes de dependencias federales como CONAGUA, PROFECO e INFONAVIT, adem\u00e1s del programa Vivienda para el Bienestar impulsado por la Presidenta Claudia Sheinbaum Pardo.<\/p>\n\n\n\n<p>Asimismo, Mara Lezama agradeci\u00f3 la presencia de integrantes del Poder Legislativo, Poder Judicial, Fiscal\u00eda General del Estado y fuerzas federales. La pr\u00f3xima audiencia se realizar\u00e1 en Puerto Morelos.<\/p>\n\n\n\n<figure class=\"wp-block-image size-large\"><img loading=\"lazy\" decoding=\"async\" width=\"1024\" height=\"683\" src=\"http:\/\/vertienteglobal.com\/wp-content\/uploads\/2026\/05\/1001257563-1024x683.jpg\" alt=\"\" class=\"wp-image-257767\" srcset=\"http:\/\/vertienteglobal.com\/wp-content\/uploads\/2026\/05\/1001257563-1024x683.jpg 1024w, http:\/\/vertienteglobal.com\/wp-content\/uploads\/2026\/05\/1001257563-300x200.jpg 300w, http:\/\/vertienteglobal.com\/wp-content\/uploads\/2026\/05\/1001257563-150x100.jpg 150w, http:\/\/vertienteglobal.com\/wp-content\/uploads\/2026\/05\/1001257563-768x512.jpg 768w, http:\/\/vertienteglobal.com\/wp-content\/uploads\/2026\/05\/1001257563.jpg 1280w\" sizes=\"auto, (max-width: 1024px) 100vw, 1024px\" \/><\/figure>\n\n\n\n<figure class=\"wp-block-image size-large\"><img loading=\"lazy\" decoding=\"async\" width=\"1024\" height=\"683\" src=\"http:\/\/vertienteglobal.com\/wp-content\/uploads\/2026\/05\/1001257564-1024x683.jpg\" alt=\"\" class=\"wp-image-257768\" srcset=\"http:\/\/vertienteglobal.com\/wp-content\/uploads\/2026\/05\/1001257564-1024x683.jpg 1024w, http:\/\/vertienteglobal.com\/wp-content\/uploads\/2026\/05\/1001257564-300x200.jpg 300w, http:\/\/vertienteglobal.com\/wp-content\/uploads\/2026\/05\/1001257564-150x100.jpg 150w, http:\/\/vertienteglobal.com\/wp-content\/uploads\/2026\/05\/1001257564-768x512.jpg 768w, http:\/\/vertienteglobal.com\/wp-content\/uploads\/2026\/05\/1001257564.jpg 1280w\" sizes=\"auto, (max-width: 1024px) 100vw, 1024px\" \/><\/figure>\n\n\n\n<figure class=\"wp-block-image size-large\"><img loading=\"lazy\" decoding=\"async\" width=\"1024\" height=\"755\" src=\"http:\/\/vertienteglobal.com\/wp-content\/uploads\/2026\/05\/1001257565-1024x755.jpg\" alt=\"\" class=\"wp-image-257769\" srcset=\"http:\/\/vertienteglobal.com\/wp-content\/uploads\/2026\/05\/1001257565-1024x755.jpg 1024w, http:\/\/vertienteglobal.com\/wp-content\/uploads\/2026\/05\/1001257565-300x221.jpg 300w, http:\/\/vertienteglobal.com\/wp-content\/uploads\/2026\/05\/1001257565-150x111.jpg 150w, http:\/\/vertienteglobal.com\/wp-content\/uploads\/2026\/05\/1001257565-768x566.jpg 768w, http:\/\/vertienteglobal.com\/wp-content\/uploads\/2026\/05\/1001257565.jpg 1280w\" sizes=\"auto, (max-width: 1024px) 100vw, 1024px\" \/><\/figure>\n\n\n\n<figure class=\"wp-block-embed is-type-video is-provider-youtube wp-block-embed-youtube wp-embed-aspect-16-9 wp-has-aspect-ratio\"><div class=\"wp-block-embed__wrapper\">\n<div class=\"oceanwp-oembed-wrap clr\"><iframe loading=\"lazy\" title=\"Mara Lezama brinda 976 atenciones en la audiencia p\u00fablica \u201cLa Voz del Pueblo\u201d celebrada en Bacalar\" width=\"1200\" height=\"675\" src=\"https:\/\/www.youtube.com\/embed\/GpmrA429wLI?feature=oembed\" frameborder=\"0\" allow=\"accelerometer; autoplay; clipboard-write; encrypted-media; gyroscope; picture-in-picture; web-share\" referrerpolicy=\"strict-origin-when-cross-origin\" allowfullscreen><\/iframe><\/div>\n<\/div><\/figure>\n","protected":false},"excerpt":{"rendered":"<p>(Redacci\u00f3n) La Gobernadora encabez\u00f3 una jornada de atenci\u00f3n ciudadana directa, frente a frente, en la que escuch\u00f3 y resolvi\u00f3 diversos problemas acompa\u00f1ada por secretarios, dependencias federales y autoridades municipales Bacalar, Quintana Roo 18 de mayo 2026.- Al destacar que este gobierno diferente es de territorio, cercano a las personas y enfocado en escuchar para resolver, [&hellip;]<\/p>\n","protected":false},"author":6,"featured_media":257766,"comment_status":"open","ping_status":"open","sticky":false,"template":"","format":"standard","meta":{"footnotes":""},"categories":[3],"tags":[],"class_list":["post-257765","post","type-post","status-publish","format-standard","has-post-thumbnail","hentry","category-quintana-roo","entry","has-media"],"jetpack_featured_media_url":"http:\/\/vertienteglobal.com\/wp-content\/uploads\/2026\/05\/1001257562.jpg","_links":{"self":[{"href":"http:\/\/vertienteglobal.com\/index.php?rest_route=\/wp\/v2\/posts\/257765","targetHints":{"allow":["GET"]}}],"collection":[{"href":"http:\/\/vertienteglobal.com\/index.php?rest_route=\/wp\/v2\/posts"}],"about":[{"href":"http:\/\/vertienteglobal.com\/index.php?rest_route=\/wp\/v2\/types\/post"}],"author":[{"embeddable":true,"href":"http:\/\/vertienteglobal.com\/index.php?rest_route=\/wp\/v2\/users\/6"}],"replies":[{"embeddable":true,"href":"http:\/\/vertienteglobal.com\/index.php?rest_route=%2Fwp%2Fv2%2Fcomments&post=257765"}],"version-history":[{"count":1,"href":"http:\/\/vertienteglobal.com\/index.php?rest_route=\/wp\/v2\/posts\/257765\/revisions"}],"predecessor-version":[{"id":257770,"href":"http:\/\/vertienteglobal.com\/index.php?rest_route=\/wp\/v2\/posts\/257765\/revisions\/257770"}],"wp:featuredmedia":[{"embeddable":true,"href":"http:\/\/vertienteglobal.com\/index.php?rest_route=\/wp\/v2\/media\/257766"}],"wp:attachment":[{"href":"http:\/\/vertienteglobal.com\/index.php?rest_route=%2Fwp%2Fv2%2Fmedia&parent=257765"}],"wp:term":[{"taxonomy":"category","embeddable":true,"href":"http:\/\/vertienteglobal.com\/index.php?rest_route=%2Fwp%2Fv2%2Fcategories&post=257765"},{"taxonomy":"post_tag","embeddable":true,"href":"http:\/\/vertienteglobal.com\/index.php?rest_route=%2Fwp%2Fv2%2Ftags&post=257765"}],"curies":[{"name":"wp","href":"https:\/\/api.w.org\/{rel}","templated":true}]}}