{"id":256785,"date":"2026-05-04T12:24:00","date_gmt":"2026-05-04T17:24:00","guid":{"rendered":"http:\/\/vertienteglobal.com\/?p=256785"},"modified":"2026-05-05T07:09:18","modified_gmt":"2026-05-05T12:09:18","slug":"omar-garcia-harfuch-garantiza-atencion-a-la-seguridad-de-sinaloa","status":"publish","type":"post","link":"http:\/\/vertienteglobal.com\/?p=256785","title":{"rendered":"Omar Garc\u00eda Harfuch garantiza atenci\u00f3n a la seguridad de Sinaloa"},"content":{"rendered":"\n<div class=\"twitterbutton\" style=\"float: right; padding-left: 5px;\"><a href=\"http:\/\/twitter.com\/share\" class=\"twitter-share-button\" data-count=\"horizontal\" data-text=\"Omar Garc\u00eda Harfuch garantiza atenci\u00f3n a la seguridad de Sinaloa\" data-via=\"https:\/\/twitter.com\/VertienteGloba1\" data-url=\"http:\/\/vertienteglobal.com\/?p=256785\" data-lang=\"es\" data-related=\"Informaci\u00f3n general:S\u00edguenos para que est\u00e9ss informado\"><\/a><\/div>\n<figure class=\"wp-block-image size-full\"><img loading=\"lazy\" decoding=\"async\" width=\"1024\" height=\"683\" src=\"http:\/\/vertienteglobal.com\/wp-content\/uploads\/2026\/05\/1001217587.webp\" alt=\"\" class=\"wp-image-256786\" srcset=\"http:\/\/vertienteglobal.com\/wp-content\/uploads\/2026\/05\/1001217587.webp 1024w, http:\/\/vertienteglobal.com\/wp-content\/uploads\/2026\/05\/1001217587-300x200.webp 300w, http:\/\/vertienteglobal.com\/wp-content\/uploads\/2026\/05\/1001217587-150x100.webp 150w, http:\/\/vertienteglobal.com\/wp-content\/uploads\/2026\/05\/1001217587-768x512.webp 768w\" sizes=\"auto, (max-width: 1024px) 100vw, 1024px\" \/><\/figure>\n\n\n\n<p>(Redacci\u00f3n)<\/p>\n\n\n\n<p>Garc\u00eda Harfuch reafirm\u00f3 el apoyo de las fuerzas de seguridad al gobierno estatal en un territorio que tendr\u00e1 \u00abespecial atenci\u00f3n, presencia territorial, seguimiento diario y acciones firmes para proteger a la poblaci\u00f3n\u00bb<\/p>\n\n\n\n<p>Culiac\u00e1n, Sinaloa, 04 de mayo 2026.- El secretario de Seguridad y Protecci\u00f3n Ciudadana, Omar Garc\u00eda Harfuch, asegur\u00f3 este lunes que el Gobierno federal \u00abno se retirar\u00e1\u00bb de Sinaloa y ofrecer\u00e1 una \u00abespecial atenci\u00f3n\u00bb a la seguridad del estado despu\u00e9s de que el mandatario estatal, Rub\u00e9n Rocha Moya, acusado de tener v\u00ednculos con el narcotr\u00e1fico por EEUU se retirara temporalmente del cargo.<\/p>\n\n\n\n<p>En rueda de prensa del Gabinete de Seguridad desde Culiac\u00e1n, y acompa\u00f1ado por altos cargos militares y la nueva gobernadora interina de Sinaloa, Yeraldine Bonilla, Garc\u00eda Harfuch reafirm\u00f3 el apoyo de las fuerzas de seguridad al gobierno estatal en un territorio que tendr\u00e1 \u00abespecial atenci\u00f3n, presencia territorial, seguimiento diario y acciones firmes para proteger a la poblaci\u00f3n\u00bb.<\/p>\n\n\n\n<p>Protecci\u00f3n de \u00abpocos elementos\u00bb para el gobernador<\/p>\n\n\n\n<p>Respecto a la situaci\u00f3n del gobernador acusado por Estados Unidos de colaborar con el Cartel de Sinaloa, aclar\u00f3 que \u00e9l no solicit\u00f3 protecci\u00f3n al abandonar el cargo, pero que las autoridades federales recomendaron que tuviera un \u00abcuerpo de seguridad\u00bb de \u00abpocos elementos\u00bb al ser Sinaloa un estado donde \u00abha habido hechos violentos\u00bb.<\/p>\n\n\n\n<p>No obstante, el titular de la Secretar\u00eda de Seguridad indic\u00f3 que no tiene \u00abning\u00fan indicio\u00bb de que el mandatario con licencia temporal vaya a ser atacado o haya sufrido alguna amenaza reciente.<\/p>\n\n\n\n<p>Tambi\u00e9n, agreg\u00f3 que al tomar licencia temporal ya no tiene fuero, a diferencia del senador oficialista se\u00f1alado, Enrique Inzunza, quien de momento permanece en el cargo.(Fuente: EFE\/XEVA)<\/p>\n","protected":false},"excerpt":{"rendered":"<p>(Redacci\u00f3n) Garc\u00eda Harfuch reafirm\u00f3 el apoyo de las fuerzas de seguridad al gobierno estatal en un territorio que tendr\u00e1 \u00abespecial atenci\u00f3n, presencia territorial, seguimiento diario y acciones firmes para proteger a la poblaci\u00f3n\u00bb Culiac\u00e1n, Sinaloa, 04 de mayo 2026.- El secretario de Seguridad y Protecci\u00f3n Ciudadana, Omar Garc\u00eda Harfuch, asegur\u00f3 este lunes que el Gobierno [&hellip;]<\/p>\n","protected":false},"author":6,"featured_media":256786,"comment_status":"open","ping_status":"open","sticky":false,"template":"","format":"standard","meta":{"footnotes":""},"categories":[8],"tags":[],"class_list":["post-256785","post","type-post","status-publish","format-standard","has-post-thumbnail","hentry","category-pais","entry","has-media"],"jetpack_featured_media_url":"http:\/\/vertienteglobal.com\/wp-content\/uploads\/2026\/05\/1001217587.webp","_links":{"self":[{"href":"http:\/\/vertienteglobal.com\/index.php?rest_route=\/wp\/v2\/posts\/256785","targetHints":{"allow":["GET"]}}],"collection":[{"href":"http:\/\/vertienteglobal.com\/index.php?rest_route=\/wp\/v2\/posts"}],"about":[{"href":"http:\/\/vertienteglobal.com\/index.php?rest_route=\/wp\/v2\/types\/post"}],"author":[{"embeddable":true,"href":"http:\/\/vertienteglobal.com\/index.php?rest_route=\/wp\/v2\/users\/6"}],"replies":[{"embeddable":true,"href":"http:\/\/vertienteglobal.com\/index.php?rest_route=%2Fwp%2Fv2%2Fcomments&post=256785"}],"version-history":[{"count":1,"href":"http:\/\/vertienteglobal.com\/index.php?rest_route=\/wp\/v2\/posts\/256785\/revisions"}],"predecessor-version":[{"id":256787,"href":"http:\/\/vertienteglobal.com\/index.php?rest_route=\/wp\/v2\/posts\/256785\/revisions\/256787"}],"wp:featuredmedia":[{"embeddable":true,"href":"http:\/\/vertienteglobal.com\/index.php?rest_route=\/wp\/v2\/media\/256786"}],"wp:attachment":[{"href":"http:\/\/vertienteglobal.com\/index.php?rest_route=%2Fwp%2Fv2%2Fmedia&parent=256785"}],"wp:term":[{"taxonomy":"category","embeddable":true,"href":"http:\/\/vertienteglobal.com\/index.php?rest_route=%2Fwp%2Fv2%2Fcategories&post=256785"},{"taxonomy":"post_tag","embeddable":true,"href":"http:\/\/vertienteglobal.com\/index.php?rest_route=%2Fwp%2Fv2%2Ftags&post=256785"}],"curies":[{"name":"wp","href":"https:\/\/api.w.org\/{rel}","templated":true}]}}