{"id":256421,"date":"2026-04-30T07:55:00","date_gmt":"2026-04-30T12:55:00","guid":{"rendered":"http:\/\/vertienteglobal.com\/?p=256421"},"modified":"2026-04-30T11:13:16","modified_gmt":"2026-04-30T16:13:16","slug":"supervisan-avances-y-proximas-fases-del-puerto-de-altura-de-progreso","status":"publish","type":"post","link":"http:\/\/vertienteglobal.com\/?p=256421","title":{"rendered":"Supervisan avances y pr\u00f3ximas fases del Puerto de Altura de Progreso\u00a0"},"content":{"rendered":"\n<div class=\"twitterbutton\" style=\"float: right; padding-left: 5px;\"><a href=\"http:\/\/twitter.com\/share\" class=\"twitter-share-button\" data-count=\"horizontal\" data-text=\"Supervisan avances y pr\u00f3ximas fases del Puerto de Altura de Progreso\u00a0\" data-via=\"https:\/\/twitter.com\/VertienteGloba1\" data-url=\"http:\/\/vertienteglobal.com\/?p=256421\" data-lang=\"es\" data-related=\"Informaci\u00f3n general:S\u00edguenos para que est\u00e9ss informado\"><\/a><\/div>\n<figure class=\"wp-block-image size-large\"><img loading=\"lazy\" decoding=\"async\" width=\"1024\" height=\"765\" src=\"http:\/\/vertienteglobal.com\/wp-content\/uploads\/2026\/04\/1001203675-1024x765.jpg\" alt=\"\" class=\"wp-image-256422\" srcset=\"http:\/\/vertienteglobal.com\/wp-content\/uploads\/2026\/04\/1001203675-1024x765.jpg 1024w, http:\/\/vertienteglobal.com\/wp-content\/uploads\/2026\/04\/1001203675-300x224.jpg 300w, http:\/\/vertienteglobal.com\/wp-content\/uploads\/2026\/04\/1001203675-150x112.jpg 150w, http:\/\/vertienteglobal.com\/wp-content\/uploads\/2026\/04\/1001203675-768x574.jpg 768w, http:\/\/vertienteglobal.com\/wp-content\/uploads\/2026\/04\/1001203675-1536x1148.jpg 1536w, http:\/\/vertienteglobal.com\/wp-content\/uploads\/2026\/04\/1001203675.jpg 1600w\" sizes=\"auto, (max-width: 1024px) 100vw, 1024px\" \/><\/figure>\n\n\n\n<p>(Redacci\u00f3n)<br><br><em>El Gobernador Joaqu\u00edn D\u00edaz Mena se reuni\u00f3 con el secretario de Marina para dar seguimiento a esta obra clave para el desarrollo econ\u00f3mico y log\u00edstico de Yucat\u00e1n<\/em><\/p>\n\n\n\n<p>Ciudad de M\u00e9xico, a 30 de abril de 2026.-El Gobernador Joaqu\u00edn D\u00edaz Mena sostuvo una reuni\u00f3n de trabajo con el secretario de Marina, Raymundo Pedro Morales \u00c1ngeles, para dar continuidad al desarrollo del Proyecto de Ampliaci\u00f3n y Modernizaci\u00f3n del Puerto de Altura de Progreso, una de las principales obras estrat\u00e9gicas para el crecimiento econ\u00f3mico del estado.<br>\u00a0<br>Durante el encuentro, se revisaron los avances de la Etapa 1, pr\u00f3xima a concluir, as\u00ed como la planeaci\u00f3n de las Etapas 2 y 3, que permitir\u00e1n fortalecer la infraestructura portuaria y consolidar a Yucat\u00e1n como un nodo log\u00edstico de alcance internacional.<br>\u00a0<br>D\u00edaz Mena destac\u00f3 que este proyecto representa una de las inversiones m\u00e1s relevantes de las \u00faltimas d\u00e9cadas, al permitir la llegada de embarcaciones de mayor calado, el incremento en la capacidad de carga y el impulso al comercio exterior, posicionando a Progreso como puerta estrat\u00e9gica hacia Estados Unidos, el Caribe, Centroam\u00e9rica y Europa.<br>\u00a0<br>\u201cEsta obra es clave para fortalecer la competitividad del sureste mexicano, generar empleos bien remunerados y mejorar el bienestar de las familias yucatecas. Forma parte del Renacimiento Maya que estamos construyendo de manera coordinada\u201d, afirm\u00f3 el titular del Ejecutivo estatal.<br>\u00a0<br>Asimismo, reconoci\u00f3 la participaci\u00f3n de la Secretar\u00eda de Marina como autoridad portuaria y su papel en la seguridad mar\u00edtima y el desarrollo ordenado de las costas, elementos fundamentales para garantizar el \u00e9xito del proyecto.<br>\u00a0<br>Por su parte, el secretario de Marina, Raymundo Pedro Morales \u00c1ngeles, reafirm\u00f3 el respaldo del Gobierno de M\u00e9xico y la disposici\u00f3n de mantener una coordinaci\u00f3n permanente con la administraci\u00f3n que encabeza D\u00edaz Mena para asegurar el cumplimiento de los objetivos establecidos.<br>\u00a0<br>La ampliaci\u00f3n y modernizaci\u00f3n del Puerto de Altura de Progreso generar\u00e1 una importante derrama econ\u00f3mica, impulsar\u00e1 la creaci\u00f3n de empleos y fortalecer\u00e1 sectores estrat\u00e9gicos como el agroindustrial, energ\u00e9tico, tur\u00edstico y manufacturero.<br>\u00a0<br>El Gobierno del Estado continuar\u00e1 dando seguimiento a esta obra, considerada clave para ampliar las oportunidades de desarrollo econ\u00f3mico y social en Yucat\u00e1n.<br>\u00a0<\/p>\n","protected":false},"excerpt":{"rendered":"<p>(Redacci\u00f3n) El Gobernador Joaqu\u00edn D\u00edaz Mena se reuni\u00f3 con el secretario de Marina para dar seguimiento a esta obra clave para el desarrollo econ\u00f3mico y log\u00edstico de Yucat\u00e1n Ciudad de M\u00e9xico, a 30 de abril de 2026.-El Gobernador Joaqu\u00edn D\u00edaz Mena sostuvo una reuni\u00f3n de trabajo con el secretario de Marina, Raymundo Pedro Morales \u00c1ngeles, [&hellip;]<\/p>\n","protected":false},"author":6,"featured_media":256422,"comment_status":"open","ping_status":"open","sticky":false,"template":"","format":"standard","meta":{"footnotes":""},"categories":[8,2],"tags":[],"class_list":["post-256421","post","type-post","status-publish","format-standard","has-post-thumbnail","hentry","category-pais","category-yucatan","entry","has-media"],"jetpack_featured_media_url":"http:\/\/vertienteglobal.com\/wp-content\/uploads\/2026\/04\/1001203675.jpg","_links":{"self":[{"href":"http:\/\/vertienteglobal.com\/index.php?rest_route=\/wp\/v2\/posts\/256421","targetHints":{"allow":["GET"]}}],"collection":[{"href":"http:\/\/vertienteglobal.com\/index.php?rest_route=\/wp\/v2\/posts"}],"about":[{"href":"http:\/\/vertienteglobal.com\/index.php?rest_route=\/wp\/v2\/types\/post"}],"author":[{"embeddable":true,"href":"http:\/\/vertienteglobal.com\/index.php?rest_route=\/wp\/v2\/users\/6"}],"replies":[{"embeddable":true,"href":"http:\/\/vertienteglobal.com\/index.php?rest_route=%2Fwp%2Fv2%2Fcomments&post=256421"}],"version-history":[{"count":1,"href":"http:\/\/vertienteglobal.com\/index.php?rest_route=\/wp\/v2\/posts\/256421\/revisions"}],"predecessor-version":[{"id":256423,"href":"http:\/\/vertienteglobal.com\/index.php?rest_route=\/wp\/v2\/posts\/256421\/revisions\/256423"}],"wp:featuredmedia":[{"embeddable":true,"href":"http:\/\/vertienteglobal.com\/index.php?rest_route=\/wp\/v2\/media\/256422"}],"wp:attachment":[{"href":"http:\/\/vertienteglobal.com\/index.php?rest_route=%2Fwp%2Fv2%2Fmedia&parent=256421"}],"wp:term":[{"taxonomy":"category","embeddable":true,"href":"http:\/\/vertienteglobal.com\/index.php?rest_route=%2Fwp%2Fv2%2Fcategories&post=256421"},{"taxonomy":"post_tag","embeddable":true,"href":"http:\/\/vertienteglobal.com\/index.php?rest_route=%2Fwp%2Fv2%2Ftags&post=256421"}],"curies":[{"name":"wp","href":"https:\/\/api.w.org\/{rel}","templated":true}]}}