{"id":256418,"date":"2026-04-28T20:46:00","date_gmt":"2026-04-29T01:46:00","guid":{"rendered":"http:\/\/vertienteglobal.com\/?p=256418"},"modified":"2026-04-30T06:33:05","modified_gmt":"2026-04-30T11:33:05","slug":"alicia-villarreal-presenta-su-proxima-gira-llamada-bendita-locura","status":"publish","type":"post","link":"http:\/\/vertienteglobal.com\/?p=256418","title":{"rendered":"Alicia Villarreal presenta su pr\u00f3xima gira llamada &#8216;Bendita locura&#8217;"},"content":{"rendered":"\n<div class=\"twitterbutton\" style=\"float: right; padding-left: 5px;\"><a href=\"http:\/\/twitter.com\/share\" class=\"twitter-share-button\" data-count=\"horizontal\" data-text=\"Alicia Villarreal presenta su pr\u00f3xima gira llamada &#8216;Bendita locura&#8217;\" data-via=\"https:\/\/twitter.com\/VertienteGloba1\" data-url=\"http:\/\/vertienteglobal.com\/?p=256418\" data-lang=\"es\" data-related=\"Informaci\u00f3n general:S\u00edguenos para que est\u00e9ss informado\"><\/a><\/div>\n<figure class=\"wp-block-image size-full\"><img loading=\"lazy\" decoding=\"async\" width=\"1024\" height=\"683\" src=\"http:\/\/vertienteglobal.com\/wp-content\/uploads\/2026\/04\/1001203387.webp\" alt=\"\" class=\"wp-image-256419\" srcset=\"http:\/\/vertienteglobal.com\/wp-content\/uploads\/2026\/04\/1001203387.webp 1024w, http:\/\/vertienteglobal.com\/wp-content\/uploads\/2026\/04\/1001203387-300x200.webp 300w, http:\/\/vertienteglobal.com\/wp-content\/uploads\/2026\/04\/1001203387-150x100.webp 150w, http:\/\/vertienteglobal.com\/wp-content\/uploads\/2026\/04\/1001203387-768x512.webp 768w\" sizes=\"auto, (max-width: 1024px) 100vw, 1024px\" \/><\/figure>\n\n\n\n<p>(Redacci\u00f3n)<\/p>\n\n\n\n<p>En conferencia a medios sobre su pr\u00f3ximo concierto el 14 de mayo en el Auditorio Nacional de la Ciudad de M\u00e9xico<\/p>\n\n\n\n<p>Ciudad de M\u00e9xico 28 de abril de 2026.-La cantante Alicia Villarreal, destacada figura del g\u00e9nero grupero y regional mexicano, present\u00f3 su pr\u00f3xima gira \u2018Bendita locura\u2019, un proyecto \u201cvaliente\u201d -que ella misma produce- para sorprender al p\u00fablico con nuevos invitados y canciones que recordar\u00e1n sus m\u00e1s de 30 a\u00f1os de carrera.<\/p>\n\n\n\n<p>\u201cSer\u00e1 una noche incre\u00edble en la que solo van a escuchar los \u00e9xitos que el p\u00fablico ha logrado conmigo\u201d, explic\u00f3 en conferencia a medios sobre su pr\u00f3ximo concierto el 14 de mayo en el Auditorio Nacional de la Ciudad de M\u00e9xico.<\/p>\n\n\n\n<p>Despu\u00e9s de meses de ensayos y una dura selecci\u00f3n de sus cl\u00e1sicos y la producci\u00f3n de nuevas versiones, Villarreal (1970, Nuevo Le\u00f3n) aterriza de nuevo en los escenarios de M\u00e9xico.<\/p>\n\n\n\n<p>\u201cLa industria, la verdad, ha sido una cosa dif\u00edcil para m\u00ed, una pelea, una guerra, -por ser mujer- en la que he tenido que soltar\u201d, lamenta la artista, quien empez\u00f3 a cantar profesionalmente a los 17 a\u00f1os y que ahora es un s\u00edmbolo de cl\u00e1sicos del regional mexicano con temas como \u2018Vete\u2019 (1995).<\/p>\n\n\n\n<p>Adem\u00e1s de producir \u2018Bendita locura\u2019, la compositora cont\u00f3 que este a\u00f1o va a lanzar dos \u00e1lbumes con diferentes versiones de sus canciones, ya que el g\u00e9nero que representa ahora se escucha \u201chasta en Europa\u201d.<\/p>\n\n\n\n<p>\u201cMe da mucho gusto que podamos darnos cuenta de que el regional mexicano ha trascendido en los \u00faltimos tiempos, que lo cantan artistas en Europa y hasta en otros idiomas\u201d, reconoci\u00f3 la conocida por el p\u00fablico como \u2018La Jefa\u2019. (Fuente:EFE\/XEU)<\/p>\n","protected":false},"excerpt":{"rendered":"<p>(Redacci\u00f3n) En conferencia a medios sobre su pr\u00f3ximo concierto el 14 de mayo en el Auditorio Nacional de la Ciudad de M\u00e9xico Ciudad de M\u00e9xico 28 de abril de 2026.-La cantante Alicia Villarreal, destacada figura del g\u00e9nero grupero y regional mexicano, present\u00f3 su pr\u00f3xima gira \u2018Bendita locura\u2019, un proyecto \u201cvaliente\u201d -que ella misma produce- para [&hellip;]<\/p>\n","protected":false},"author":6,"featured_media":256419,"comment_status":"open","ping_status":"open","sticky":false,"template":"","format":"standard","meta":{"footnotes":""},"categories":[10],"tags":[],"class_list":["post-256418","post","type-post","status-publish","format-standard","has-post-thumbnail","hentry","category-espectaculos","entry","has-media"],"jetpack_featured_media_url":"http:\/\/vertienteglobal.com\/wp-content\/uploads\/2026\/04\/1001203387.webp","_links":{"self":[{"href":"http:\/\/vertienteglobal.com\/index.php?rest_route=\/wp\/v2\/posts\/256418","targetHints":{"allow":["GET"]}}],"collection":[{"href":"http:\/\/vertienteglobal.com\/index.php?rest_route=\/wp\/v2\/posts"}],"about":[{"href":"http:\/\/vertienteglobal.com\/index.php?rest_route=\/wp\/v2\/types\/post"}],"author":[{"embeddable":true,"href":"http:\/\/vertienteglobal.com\/index.php?rest_route=\/wp\/v2\/users\/6"}],"replies":[{"embeddable":true,"href":"http:\/\/vertienteglobal.com\/index.php?rest_route=%2Fwp%2Fv2%2Fcomments&post=256418"}],"version-history":[{"count":1,"href":"http:\/\/vertienteglobal.com\/index.php?rest_route=\/wp\/v2\/posts\/256418\/revisions"}],"predecessor-version":[{"id":256420,"href":"http:\/\/vertienteglobal.com\/index.php?rest_route=\/wp\/v2\/posts\/256418\/revisions\/256420"}],"wp:featuredmedia":[{"embeddable":true,"href":"http:\/\/vertienteglobal.com\/index.php?rest_route=\/wp\/v2\/media\/256419"}],"wp:attachment":[{"href":"http:\/\/vertienteglobal.com\/index.php?rest_route=%2Fwp%2Fv2%2Fmedia&parent=256418"}],"wp:term":[{"taxonomy":"category","embeddable":true,"href":"http:\/\/vertienteglobal.com\/index.php?rest_route=%2Fwp%2Fv2%2Fcategories&post=256418"},{"taxonomy":"post_tag","embeddable":true,"href":"http:\/\/vertienteglobal.com\/index.php?rest_route=%2Fwp%2Fv2%2Ftags&post=256418"}],"curies":[{"name":"wp","href":"https:\/\/api.w.org\/{rel}","templated":true}]}}