{"id":256414,"date":"2026-04-27T21:44:00","date_gmt":"2026-04-28T02:44:00","guid":{"rendered":"http:\/\/vertienteglobal.com\/?p=256414"},"modified":"2026-04-30T06:35:05","modified_gmt":"2026-04-30T11:35:05","slug":"ovacion-de-pie-para-premiar-a-veronica-castro-por-60-anos-de-trayectoria","status":"publish","type":"post","link":"http:\/\/vertienteglobal.com\/?p=256414","title":{"rendered":"Ovaci\u00f3n de pie para premiar a Ver\u00f3nica Castro por 60 a\u00f1os de trayectoria"},"content":{"rendered":"\n<div class=\"twitterbutton\" style=\"float: right; padding-left: 5px;\"><a href=\"http:\/\/twitter.com\/share\" class=\"twitter-share-button\" data-count=\"horizontal\" data-text=\"Ovaci\u00f3n de pie para premiar a Ver\u00f3nica Castro por 60 a\u00f1os de trayectoria\" data-via=\"https:\/\/twitter.com\/VertienteGloba1\" data-url=\"http:\/\/vertienteglobal.com\/?p=256414\" data-lang=\"es\" data-related=\"Informaci\u00f3n general:S\u00edguenos para que est\u00e9ss informado\"><\/a><\/div>\n<figure class=\"wp-block-image size-full\"><img loading=\"lazy\" decoding=\"async\" width=\"1024\" height=\"683\" src=\"http:\/\/vertienteglobal.com\/wp-content\/uploads\/2026\/04\/1001203386.webp\" alt=\"\" class=\"wp-image-256415\" srcset=\"http:\/\/vertienteglobal.com\/wp-content\/uploads\/2026\/04\/1001203386.webp 1024w, http:\/\/vertienteglobal.com\/wp-content\/uploads\/2026\/04\/1001203386-300x200.webp 300w, http:\/\/vertienteglobal.com\/wp-content\/uploads\/2026\/04\/1001203386-150x100.webp 150w, http:\/\/vertienteglobal.com\/wp-content\/uploads\/2026\/04\/1001203386-768x512.webp 768w\" sizes=\"auto, (max-width: 1024px) 100vw, 1024px\" \/><\/figure>\n\n\n\n<p>(Redacci\u00f3n)<\/p>\n\n\n\n<p>\u00a1La eterna reina de las telenovelas!<\/p>\n\n\n\n<p>Ciudad de M\u00e9xico 27 de abril de 2026.-En una noche cargada de nostalgia y elegancia, el mundo del espect\u00e1culo se rindi\u00f3 ante la presencia de una de sus figuras m\u00e1s ic\u00f3nicas: Ver\u00f3nica Castro, conocida cari\u00f1osamente como \u00abLa Chaparrita de Oro\u00bb, recibi\u00f3 el prestigioso Premio Leyenda durante la edici\u00f3n de los Premios Aura 2026, celebrando as\u00ed m\u00e1s de 60 a\u00f1os de una trayectoria impecable que ha traspasado fronteras.<\/p>\n\n\n\n<p>Y es que el momento culminante de la gala ocurri\u00f3 cuando el reconocido actor y productor Eugenio Derbez subi\u00f3 al escenario para entregar la distinci\u00f3n, con palabras llenas de admiraci\u00f3n, Derbez reconoci\u00f3 en ella a una mujer talentosa, disciplinada y con un \u00e1ngel enorme, cualidades que la han mantenido en la cima de la industria por m\u00e1s de seis d\u00e9cadas.<\/p>\n\n\n\n<p>Al anunciarse su nombre, el recinto estall\u00f3 en una ovaci\u00f3n de pie, un tributo espont\u00e1neo a la mujer que redefini\u00f3 el g\u00e9nero de la telenovela y la conducci\u00f3n en espa\u00f1ol.<\/p>\n\n\n\n<p>Visiblemente emocionada, Castro agradeci\u00f3 el reconocimiento que valida no solo su \u00e9xito comercial, sino su capacidad de conectar con el coraz\u00f3n del p\u00fablico.<\/p>\n\n\n\n<p>Los asistentes a los Premios Aura fueron testigos de un hito hist\u00f3rico: el reconocimiento a una leyenda viviente que sigue brillando con luz propia.<\/p>\n\n\n\n<figure class=\"wp-block-image size-full\"><img loading=\"lazy\" decoding=\"async\" width=\"658\" height=\"800\" src=\"http:\/\/vertienteglobal.com\/wp-content\/uploads\/2026\/04\/1001203385.jpg\" alt=\"\" class=\"wp-image-256416\" srcset=\"http:\/\/vertienteglobal.com\/wp-content\/uploads\/2026\/04\/1001203385.jpg 658w, http:\/\/vertienteglobal.com\/wp-content\/uploads\/2026\/04\/1001203385-247x300.jpg 247w, http:\/\/vertienteglobal.com\/wp-content\/uploads\/2026\/04\/1001203385-123x150.jpg 123w\" sizes=\"auto, (max-width: 658px) 100vw, 658px\" \/><\/figure>\n","protected":false},"excerpt":{"rendered":"<p>(Redacci\u00f3n) \u00a1La eterna reina de las telenovelas! Ciudad de M\u00e9xico 27 de abril de 2026.-En una noche cargada de nostalgia y elegancia, el mundo del espect\u00e1culo se rindi\u00f3 ante la presencia de una de sus figuras m\u00e1s ic\u00f3nicas: Ver\u00f3nica Castro, conocida cari\u00f1osamente como \u00abLa Chaparrita de Oro\u00bb, recibi\u00f3 el prestigioso Premio Leyenda durante la edici\u00f3n [&hellip;]<\/p>\n","protected":false},"author":6,"featured_media":256415,"comment_status":"open","ping_status":"open","sticky":false,"template":"","format":"standard","meta":{"footnotes":""},"categories":[10],"tags":[],"class_list":["post-256414","post","type-post","status-publish","format-standard","has-post-thumbnail","hentry","category-espectaculos","entry","has-media"],"jetpack_featured_media_url":"http:\/\/vertienteglobal.com\/wp-content\/uploads\/2026\/04\/1001203386.webp","_links":{"self":[{"href":"http:\/\/vertienteglobal.com\/index.php?rest_route=\/wp\/v2\/posts\/256414","targetHints":{"allow":["GET"]}}],"collection":[{"href":"http:\/\/vertienteglobal.com\/index.php?rest_route=\/wp\/v2\/posts"}],"about":[{"href":"http:\/\/vertienteglobal.com\/index.php?rest_route=\/wp\/v2\/types\/post"}],"author":[{"embeddable":true,"href":"http:\/\/vertienteglobal.com\/index.php?rest_route=\/wp\/v2\/users\/6"}],"replies":[{"embeddable":true,"href":"http:\/\/vertienteglobal.com\/index.php?rest_route=%2Fwp%2Fv2%2Fcomments&post=256414"}],"version-history":[{"count":1,"href":"http:\/\/vertienteglobal.com\/index.php?rest_route=\/wp\/v2\/posts\/256414\/revisions"}],"predecessor-version":[{"id":256417,"href":"http:\/\/vertienteglobal.com\/index.php?rest_route=\/wp\/v2\/posts\/256414\/revisions\/256417"}],"wp:featuredmedia":[{"embeddable":true,"href":"http:\/\/vertienteglobal.com\/index.php?rest_route=\/wp\/v2\/media\/256415"}],"wp:attachment":[{"href":"http:\/\/vertienteglobal.com\/index.php?rest_route=%2Fwp%2Fv2%2Fmedia&parent=256414"}],"wp:term":[{"taxonomy":"category","embeddable":true,"href":"http:\/\/vertienteglobal.com\/index.php?rest_route=%2Fwp%2Fv2%2Fcategories&post=256414"},{"taxonomy":"post_tag","embeddable":true,"href":"http:\/\/vertienteglobal.com\/index.php?rest_route=%2Fwp%2Fv2%2Ftags&post=256414"}],"curies":[{"name":"wp","href":"https:\/\/api.w.org\/{rel}","templated":true}]}}