{"id":256404,"date":"2026-04-29T08:32:00","date_gmt":"2026-04-29T13:32:00","guid":{"rendered":"http:\/\/vertienteglobal.com\/?p=256404"},"modified":"2026-04-30T06:06:36","modified_gmt":"2026-04-30T11:06:36","slug":"la-presidenta-claudia-sheinbaum-firma-acuerdo-para-que-en-la-obra-publica-se-use-acero-mexicano","status":"publish","type":"post","link":"http:\/\/vertienteglobal.com\/?p=256404","title":{"rendered":"La Presidenta Claudia Sheinbaum firma acuerdo para que en la obra p\u00fablica se use acero mexicano"},"content":{"rendered":"\n<div class=\"twitterbutton\" style=\"float: right; padding-left: 5px;\"><a href=\"http:\/\/twitter.com\/share\" class=\"twitter-share-button\" data-count=\"horizontal\" data-text=\"La Presidenta Claudia Sheinbaum firma acuerdo para que en la obra p\u00fablica se us...\" data-via=\"https:\/\/twitter.com\/VertienteGloba1\" data-url=\"http:\/\/vertienteglobal.com\/?p=256404\" data-lang=\"es\" data-related=\"Informaci\u00f3n general:S\u00edguenos para que est\u00e9ss informado\"><\/a><\/div>\n<figure class=\"wp-block-image size-full\"><img loading=\"lazy\" decoding=\"async\" width=\"1500\" height=\"1000\" src=\"http:\/\/vertienteglobal.com\/wp-content\/uploads\/2026\/04\/1001203368.jpg\" alt=\"\" class=\"wp-image-256406\" srcset=\"http:\/\/vertienteglobal.com\/wp-content\/uploads\/2026\/04\/1001203368.jpg 1500w, http:\/\/vertienteglobal.com\/wp-content\/uploads\/2026\/04\/1001203368-300x200.jpg 300w, http:\/\/vertienteglobal.com\/wp-content\/uploads\/2026\/04\/1001203368-1024x683.jpg 1024w, http:\/\/vertienteglobal.com\/wp-content\/uploads\/2026\/04\/1001203368-150x100.jpg 150w, http:\/\/vertienteglobal.com\/wp-content\/uploads\/2026\/04\/1001203368-768x512.jpg 768w\" sizes=\"auto, (max-width: 1500px) 100vw, 1500px\" \/><\/figure>\n\n\n\n<p>(Redacci\u00f3n)<\/p>\n\n\n\n<p>Reafirmo: \u00abLo que se produce en M\u00e9xico, se consume en M\u00e9xico\u00bb<\/p>\n\n\n\n<p>Ciudad de M\u00e9xico 29 de abril de 2026.-La presidenta Claudia Sheinbaum Pardo, firm\u00f3 un acuerdo para el fomento de la industria sider\u00fargica nacional, en el que se establece que el gobierno priorice la compra del acero producido en el pa\u00eds.<\/p>\n\n\n\n<p>Y es que en la conferencia ma\u00f1anera del pueblo, la PresidentA, detallo que solamente se utilizar\u00e1 acero importado en los tipos que no se produzcan en M\u00e9xico, el resto ser\u00e1 nacional.<\/p>\n\n\n\n<p>Reafirmo: \u00abLo que se produce en M\u00e9xico, se consume en M\u00e9xico\u00bb.<\/p>\n\n\n\n<p>Explic\u00f3 la mandataria que este acuerdo con empresarios del sector forma parte del Plan M\u00e9xico.<\/p>\n\n\n\n<p>En la conferencia se detall\u00f3 que la importaci\u00f3n de acero es principalmente de Estados Unidos, Jap\u00f3n, China y Corea.<\/p>\n\n\n\n<p>Con este acuerdo se busca preservar los 90 mil empleos del sector e incrementar con nuevas inversiones.<\/p>\n\n\n\n<p>Cabe recordar que en el 2025 se registr\u00f3 una disminuci\u00f3n en la producci\u00f3n de acero nacional debido a la ca\u00edda de las exportaciones por los aranceles de Estados Unidos, en el \u00faltimo a\u00f1o se tuvo una producci\u00f3n de 14 millones de toneladas y se consumi\u00f3 28 millones de toneladas, la diferencia es lo que se pretende crecer en la producci\u00f3n.(XEU)<\/p>\n","protected":false},"excerpt":{"rendered":"<p>(Redacci\u00f3n) Reafirmo: \u00abLo que se produce en M\u00e9xico, se consume en M\u00e9xico\u00bb Ciudad de M\u00e9xico 29 de abril de 2026.-La presidenta Claudia Sheinbaum Pardo, firm\u00f3 un acuerdo para el fomento de la industria sider\u00fargica nacional, en el que se establece que el gobierno priorice la compra del acero producido en el pa\u00eds. Y es que [&hellip;]<\/p>\n","protected":false},"author":6,"featured_media":256406,"comment_status":"open","ping_status":"open","sticky":false,"template":"","format":"standard","meta":{"footnotes":""},"categories":[8],"tags":[],"class_list":["post-256404","post","type-post","status-publish","format-standard","has-post-thumbnail","hentry","category-pais","entry","has-media"],"jetpack_featured_media_url":"http:\/\/vertienteglobal.com\/wp-content\/uploads\/2026\/04\/1001203368.jpg","_links":{"self":[{"href":"http:\/\/vertienteglobal.com\/index.php?rest_route=\/wp\/v2\/posts\/256404","targetHints":{"allow":["GET"]}}],"collection":[{"href":"http:\/\/vertienteglobal.com\/index.php?rest_route=\/wp\/v2\/posts"}],"about":[{"href":"http:\/\/vertienteglobal.com\/index.php?rest_route=\/wp\/v2\/types\/post"}],"author":[{"embeddable":true,"href":"http:\/\/vertienteglobal.com\/index.php?rest_route=\/wp\/v2\/users\/6"}],"replies":[{"embeddable":true,"href":"http:\/\/vertienteglobal.com\/index.php?rest_route=%2Fwp%2Fv2%2Fcomments&post=256404"}],"version-history":[{"count":1,"href":"http:\/\/vertienteglobal.com\/index.php?rest_route=\/wp\/v2\/posts\/256404\/revisions"}],"predecessor-version":[{"id":256407,"href":"http:\/\/vertienteglobal.com\/index.php?rest_route=\/wp\/v2\/posts\/256404\/revisions\/256407"}],"wp:featuredmedia":[{"embeddable":true,"href":"http:\/\/vertienteglobal.com\/index.php?rest_route=\/wp\/v2\/media\/256406"}],"wp:attachment":[{"href":"http:\/\/vertienteglobal.com\/index.php?rest_route=%2Fwp%2Fv2%2Fmedia&parent=256404"}],"wp:term":[{"taxonomy":"category","embeddable":true,"href":"http:\/\/vertienteglobal.com\/index.php?rest_route=%2Fwp%2Fv2%2Fcategories&post=256404"},{"taxonomy":"post_tag","embeddable":true,"href":"http:\/\/vertienteglobal.com\/index.php?rest_route=%2Fwp%2Fv2%2Ftags&post=256404"}],"curies":[{"name":"wp","href":"https:\/\/api.w.org\/{rel}","templated":true}]}}