{"id":256396,"date":"2026-04-28T10:26:00","date_gmt":"2026-04-28T15:26:00","guid":{"rendered":"http:\/\/vertienteglobal.com\/?p=256396"},"modified":"2026-04-29T14:14:39","modified_gmt":"2026-04-29T19:14:39","slug":"el-objetivo-es-otorgar-el-derecho-a-la-salud-presidenta-anuncia-que-la-semana-nacional-de-vacunacion-se-extendera-hasta-mayo","status":"publish","type":"post","link":"http:\/\/vertienteglobal.com\/?p=256396","title":{"rendered":"El objetivo es otorgar el derecho a la salud: Presidenta anuncia que la semana nacional de vacunaci\u00f3n se extender\u00e1 hasta mayo"},"content":{"rendered":"\n<div class=\"twitterbutton\" style=\"float: right; padding-left: 5px;\"><a href=\"http:\/\/twitter.com\/share\" class=\"twitter-share-button\" data-count=\"horizontal\" data-text=\"El objetivo es otorgar el derecho a la salud: Presidenta anuncia que la semana n...\" data-via=\"https:\/\/twitter.com\/VertienteGloba1\" data-url=\"http:\/\/vertienteglobal.com\/?p=256396\" data-lang=\"es\" data-related=\"Informaci\u00f3n general:S\u00edguenos para que est\u00e9ss informado\"><\/a><\/div>\n<figure class=\"wp-block-image size-full\"><img loading=\"lazy\" decoding=\"async\" width=\"650\" height=\"380\" src=\"http:\/\/vertienteglobal.com\/wp-content\/uploads\/2026\/04\/1001201431.jpg\" alt=\"\" class=\"wp-image-256397\" srcset=\"http:\/\/vertienteglobal.com\/wp-content\/uploads\/2026\/04\/1001201431.jpg 650w, http:\/\/vertienteglobal.com\/wp-content\/uploads\/2026\/04\/1001201431-300x175.jpg 300w, http:\/\/vertienteglobal.com\/wp-content\/uploads\/2026\/04\/1001201431-150x88.jpg 150w\" sizes=\"auto, (max-width: 650px) 100vw, 650px\" \/><\/figure>\n\n\n\n<p>(Redacci\u00f3n)<\/p>\n\n\n\n<p>\u201cDe todas maneras en todo mayo vamos a seguir vacunando en Centros de Salud y hospitales\u201d, se\u00f1al\u00f3<\/p>\n\n\n\n<p>Destac\u00f3 que en los gobiernos de la Cuarta Transformaci\u00f3n en siete a\u00f1os se han creado 4 mil 700 camas, la meta es de 12 mil y se han integrado este a\u00f1o 18 mil 962 especialistas, mientras que en 36 a\u00f1os de neoliberalismo se crearon 4 mil 300 camas e incorporaron m\u00e1ximo 8 mil m\u00e9dicas y m\u00e9dicos cada a\u00f1o<\/p>\n\n\n\n<p>Por primera vez, se incluye en el esquema de vacunaci\u00f3n para embarazadas entre la semana 32 a 36 contra el virus sincicial respiratorio para reducir riesgo de enfermedad grave en reci\u00e9n nacidos: Salud<\/p>\n\n\n\n<p>Ciudad de M\u00e9xico 28 de abril de 2026.-La Presidenta Claudia Sheinbaum Pardo destac\u00f3 que el objetivo de su Gobierno es otorgar el derecho a la salud al pueblo de M\u00e9xico a trav\u00e9s de la formaci\u00f3n de m\u00e1s m\u00e9dicos y m\u00e9dicas, la construcci\u00f3n de 12 mil camas al final del sexenio y la apertura de nuevos Hospitales y Centros de Salud, as\u00ed como incentivar la salud preventiva; por ello, desde el 25 de abril se puso en marcha la 24\u00b0 Semana Nacional de Vacunaci\u00f3n, la cual se extender\u00e1 hasta mayo y que al corte del 27 de abril ha aplicado 916 mil 258 dosis.<\/p>\n\n\n\n<p>\u201cNuestro objetivo es seguir creciendo: m\u00e1s m\u00e9dicos, m\u00e1s enfermeras, m\u00e1s Centros de Salud, m\u00e1s hospitales. Y muy importante, la salud preventiva. Por eso es el Salud Casa por Casa. Por eso la Semana Nacional de Vacunaci\u00f3n. Que por cierto, se queda todo mayo, equipo de todas las instituciones. En la Semana Nacional salen las enfermeras y enfermeros principalmente a vacunar fuera de los Centros de Salud. De todas maneras, en todo mayo vamos a seguir vacunando en Centros de Salud y en hospitales\u201d, puntualiz\u00f3 en la conferencia matutina: \u201cLas ma\u00f1aneras del pueblo\u201d.<\/p>\n\n\n\n<p>Resalt\u00f3 que en siete a\u00f1os de la Cuarta Transformaci\u00f3n se han creado 4 mil 700 camas, en comparaci\u00f3n con los 36 a\u00f1os del periodo neoliberal en el que se crearon 4 mil 300 camas. Adem\u00e1s, detall\u00f3 que en lo que va de 2026 se integraron 18 mil 962 especialistas y en el neoliberalismo se incorporaba, en promedio, m\u00e1ximo 8 mil m\u00e9dicas y m\u00e9dicos.<\/p>\n\n\n\n<p>El secretario de Salud, David Kershenobich, detall\u00f3 que en la 24\u00b0 Semana Nacional de Vacunaci\u00f3n deben vacunarse embarazadas con 20 semanas contra el t\u00e9tanos, difteria y tos ferina; en cualquier etapa de la gestaci\u00f3n contra la influenza; a partir del segundo trimestre contra el Covid-19 y se incluye en el esquema de vacunaci\u00f3n para embarazadas entre la semana 32 a 36 contra el virus sincicial respiratorio (VSR), con ello se reduce la posibilidad en reci\u00e9n nacidos de desarrollar enfermedad grave en el 80 por ciento de los casos y de hospitalizaciones en alrededor del 70 por ciento de los casos.<\/p>\n\n\n\n<p>Ni\u00f1as y ni\u00f1os menores a 1 a\u00f1o: Al nacer, contra la tuberculosis; a los 7 d\u00edas, contra la hepatitis A; a los dos, cuatro y seis meses, se debe aplicar la vacuna hexavalente; a los dos y cuatro meses, contra el rotavirus y el neumococo; y finalmente, a los seis y siete meses, contra la influenza.<\/p>\n\n\n\n<p>Para ni\u00f1as y ni\u00f1os de 1 a\u00f1o: La recomendaci\u00f3n es a los seis, 12 y 18 meses, contra el sarampi\u00f3n, rub\u00e9ola y parotiditis; a los 12 meses, contra el neumococo; a los 18 meses, la hexavalente y de hepatitis A, adem\u00e1s durante los 4 primeros a\u00f1os se debe aplicar de forma anual la vacuna contra la influenza.<\/p>\n\n\n\n<p>En ni\u00f1as y ni\u00f1os menores de 8 a\u00f1os: a los 4 a\u00f1os debe aplicarse dosis contra la difteria, tos ferina y t\u00e9tanos; en caso de tener factores de riesgo, se aplica contra la influenza y a partir de los cinco a\u00f1os, la del Covid-19.<\/p>\n\n\n\n<p>En adolescentes: contra el VPH para estudiantes de quinto de primaria y de 11 a\u00f1os; contra el t\u00e9tanos\/Difteria, la revacunaci\u00f3n debe ser cada 10 a\u00f1os; contra la influenza en caso de factores de riesgo; contra el sarampi\u00f3n\/rub\u00e9ola, solo en caso de no tener el esquema completo; contra hepatitis B en caso de no contar con ninguna dosis y contra el Covid-19 si se tiene factores de riesgo.<\/p>\n\n\n\n<p>Para adultos entre 20 y 59 a\u00f1os las vacunas que deben aplicarse son contra el t\u00e9tanos (revacunaci\u00f3n cada 10 a\u00f1os), influenza, en caso de tener factores de riesgo; contra el sarampi\u00f3n\/rub\u00e9ola, solo en caso de no tener el esquema completo; hepatitis B, si no se cuenta con ninguna dosis o si se es personal de salud, y de Covid-19 en caso de factores de riesgo. Y Para las y los adultos mayores la vacunaci\u00f3n debe ser contra la influenza, el neumococo y el Covid-19.<\/p>\n\n\n\n<p>Para consultar puntos de vacunaci\u00f3n visita:\u00a0<a href=\"http:\/\/dondemevacuno.salud.gob.mx\/\">dondemevacuno.salud.gob.mx<\/a><\/p>\n","protected":false},"excerpt":{"rendered":"<p>(Redacci\u00f3n) \u201cDe todas maneras en todo mayo vamos a seguir vacunando en Centros de Salud y hospitales\u201d, se\u00f1al\u00f3 Destac\u00f3 que en los gobiernos de la Cuarta Transformaci\u00f3n en siete a\u00f1os se han creado 4 mil 700 camas, la meta es de 12 mil y se han integrado este a\u00f1o 18 mil 962 especialistas, mientras que [&hellip;]<\/p>\n","protected":false},"author":6,"featured_media":256397,"comment_status":"open","ping_status":"open","sticky":false,"template":"","format":"standard","meta":{"footnotes":""},"categories":[8],"tags":[],"class_list":["post-256396","post","type-post","status-publish","format-standard","has-post-thumbnail","hentry","category-pais","entry","has-media"],"jetpack_featured_media_url":"http:\/\/vertienteglobal.com\/wp-content\/uploads\/2026\/04\/1001201431.jpg","_links":{"self":[{"href":"http:\/\/vertienteglobal.com\/index.php?rest_route=\/wp\/v2\/posts\/256396","targetHints":{"allow":["GET"]}}],"collection":[{"href":"http:\/\/vertienteglobal.com\/index.php?rest_route=\/wp\/v2\/posts"}],"about":[{"href":"http:\/\/vertienteglobal.com\/index.php?rest_route=\/wp\/v2\/types\/post"}],"author":[{"embeddable":true,"href":"http:\/\/vertienteglobal.com\/index.php?rest_route=\/wp\/v2\/users\/6"}],"replies":[{"embeddable":true,"href":"http:\/\/vertienteglobal.com\/index.php?rest_route=%2Fwp%2Fv2%2Fcomments&post=256396"}],"version-history":[{"count":1,"href":"http:\/\/vertienteglobal.com\/index.php?rest_route=\/wp\/v2\/posts\/256396\/revisions"}],"predecessor-version":[{"id":256398,"href":"http:\/\/vertienteglobal.com\/index.php?rest_route=\/wp\/v2\/posts\/256396\/revisions\/256398"}],"wp:featuredmedia":[{"embeddable":true,"href":"http:\/\/vertienteglobal.com\/index.php?rest_route=\/wp\/v2\/media\/256397"}],"wp:attachment":[{"href":"http:\/\/vertienteglobal.com\/index.php?rest_route=%2Fwp%2Fv2%2Fmedia&parent=256396"}],"wp:term":[{"taxonomy":"category","embeddable":true,"href":"http:\/\/vertienteglobal.com\/index.php?rest_route=%2Fwp%2Fv2%2Fcategories&post=256396"},{"taxonomy":"post_tag","embeddable":true,"href":"http:\/\/vertienteglobal.com\/index.php?rest_route=%2Fwp%2Fv2%2Ftags&post=256396"}],"curies":[{"name":"wp","href":"https:\/\/api.w.org\/{rel}","templated":true}]}}