{"id":256393,"date":"2026-04-28T21:35:00","date_gmt":"2026-04-29T02:35:00","guid":{"rendered":"http:\/\/vertienteglobal.com\/?p=256393"},"modified":"2026-04-29T12:37:23","modified_gmt":"2026-04-29T17:37:23","slug":"presidenta-claudia-sheinbaum-anuncia-acuerdo-con-gasolineros-para-disminuir-el-precio-del-diesel-a-27-pesos-el-litro","status":"publish","type":"post","link":"http:\/\/vertienteglobal.com\/?p=256393","title":{"rendered":"Presidenta Claudia Sheinbaum anuncia acuerdo con gasolineros para disminuir el precio del di\u00e9sel a 27 pesos el litro"},"content":{"rendered":"\n<div class=\"twitterbutton\" style=\"float: right; padding-left: 5px;\"><a href=\"http:\/\/twitter.com\/share\" class=\"twitter-share-button\" data-count=\"horizontal\" data-text=\"Presidenta Claudia Sheinbaum anuncia acuerdo con gasolineros para disminuir el p...\" data-via=\"https:\/\/twitter.com\/VertienteGloba1\" data-url=\"http:\/\/vertienteglobal.com\/?p=256393\" data-lang=\"es\" data-related=\"Informaci\u00f3n general:S\u00edguenos para que est\u00e9ss informado\"><\/a><\/div>\n<figure class=\"wp-block-image size-full\"><img loading=\"lazy\" decoding=\"async\" width=\"650\" height=\"380\" src=\"http:\/\/vertienteglobal.com\/wp-content\/uploads\/2026\/04\/1001201009.jpg\" alt=\"\" class=\"wp-image-256394\" srcset=\"http:\/\/vertienteglobal.com\/wp-content\/uploads\/2026\/04\/1001201009.jpg 650w, http:\/\/vertienteglobal.com\/wp-content\/uploads\/2026\/04\/1001201009-300x175.jpg 300w, http:\/\/vertienteglobal.com\/wp-content\/uploads\/2026\/04\/1001201009-150x88.jpg 150w\" sizes=\"auto, (max-width: 650px) 100vw, 650px\" \/><\/figure>\n\n\n\n<p>(Redacci\u00f3n)<\/p>\n\n\n\n<p>Es a partir de la pr\u00f3xima semana que, poco a poco, se va a ir ajustando para llegar a 27 pesos\u201d, detall\u00f3 la Jefa del Ejecutivo Federal<\/p>\n\n\n\n<p>Ciudad de M\u00e9xico 28 de abril de 2026.-La Presidenta Claudia Sheinbaum Pardo inform\u00f3 que el Gobierno de M\u00e9xico lleg\u00f3 a un acuerdo con due\u00f1os de gasolineras de todo el pa\u00eds para que el precio del di\u00e9sel disminuya a 27 pesos el litro a partir de la pr\u00f3xima semana, en beneficio de la econom\u00eda de las familias mexicanas.<\/p>\n\n\n\n<p>\u201cMe da mucho informarles que hemos llegado a un gran acuerdo: El precio del di\u00e9sel va a llegar a 27 pesos. Y eso es a partir de la pr\u00f3xima semana que, poco a poco, se va a ir ajustando para llegar a 27 pesos\u201d, dio a conocer a trav\u00e9s de un video publicado en sus redes.<\/p>\n\n\n\n<p>Desde el Sal\u00f3n de Tesorer\u00eda, la Jefa del Ejecutivo Federal record\u00f3 que adem\u00e1s ayer, 27 de abril, se firm\u00f3 un acuerdo con la Asociaci\u00f3n de Bancos de M\u00e9xico (ABM) y la Asociaci\u00f3n de Sociedades de Vales (ASEVAL) para que se reduzcan las comisiones en el pago de gasolinas y di\u00e9sel con tarjetas y vales en beneficio de la econom\u00eda de las familias mexicanas.<\/p>\n","protected":false},"excerpt":{"rendered":"<p>(Redacci\u00f3n) Es a partir de la pr\u00f3xima semana que, poco a poco, se va a ir ajustando para llegar a 27 pesos\u201d, detall\u00f3 la Jefa del Ejecutivo Federal Ciudad de M\u00e9xico 28 de abril de 2026.-La Presidenta Claudia Sheinbaum Pardo inform\u00f3 que el Gobierno de M\u00e9xico lleg\u00f3 a un acuerdo con due\u00f1os de gasolineras de [&hellip;]<\/p>\n","protected":false},"author":6,"featured_media":256394,"comment_status":"open","ping_status":"open","sticky":false,"template":"","format":"standard","meta":{"footnotes":""},"categories":[8],"tags":[],"class_list":["post-256393","post","type-post","status-publish","format-standard","has-post-thumbnail","hentry","category-pais","entry","has-media"],"jetpack_featured_media_url":"http:\/\/vertienteglobal.com\/wp-content\/uploads\/2026\/04\/1001201009.jpg","_links":{"self":[{"href":"http:\/\/vertienteglobal.com\/index.php?rest_route=\/wp\/v2\/posts\/256393","targetHints":{"allow":["GET"]}}],"collection":[{"href":"http:\/\/vertienteglobal.com\/index.php?rest_route=\/wp\/v2\/posts"}],"about":[{"href":"http:\/\/vertienteglobal.com\/index.php?rest_route=\/wp\/v2\/types\/post"}],"author":[{"embeddable":true,"href":"http:\/\/vertienteglobal.com\/index.php?rest_route=\/wp\/v2\/users\/6"}],"replies":[{"embeddable":true,"href":"http:\/\/vertienteglobal.com\/index.php?rest_route=%2Fwp%2Fv2%2Fcomments&post=256393"}],"version-history":[{"count":1,"href":"http:\/\/vertienteglobal.com\/index.php?rest_route=\/wp\/v2\/posts\/256393\/revisions"}],"predecessor-version":[{"id":256395,"href":"http:\/\/vertienteglobal.com\/index.php?rest_route=\/wp\/v2\/posts\/256393\/revisions\/256395"}],"wp:featuredmedia":[{"embeddable":true,"href":"http:\/\/vertienteglobal.com\/index.php?rest_route=\/wp\/v2\/media\/256394"}],"wp:attachment":[{"href":"http:\/\/vertienteglobal.com\/index.php?rest_route=%2Fwp%2Fv2%2Fmedia&parent=256393"}],"wp:term":[{"taxonomy":"category","embeddable":true,"href":"http:\/\/vertienteglobal.com\/index.php?rest_route=%2Fwp%2Fv2%2Fcategories&post=256393"},{"taxonomy":"post_tag","embeddable":true,"href":"http:\/\/vertienteglobal.com\/index.php?rest_route=%2Fwp%2Fv2%2Ftags&post=256393"}],"curies":[{"name":"wp","href":"https:\/\/api.w.org\/{rel}","templated":true}]}}