{"id":256387,"date":"2026-04-29T07:24:00","date_gmt":"2026-04-29T12:24:00","guid":{"rendered":"http:\/\/vertienteglobal.com\/?p=256387"},"modified":"2026-04-29T11:35:51","modified_gmt":"2026-04-29T16:35:51","slug":"gobierno-de-campeche-quebrado-no-hay-ni-para-pagar-la-luz-layda-sansores-sanroman","status":"publish","type":"post","link":"http:\/\/vertienteglobal.com\/?p=256387","title":{"rendered":"Gobierno de Campeche, quebrado; no hay ni para pagar la luz: Layda Sansores Sanroman"},"content":{"rendered":"\n<div class=\"twitterbutton\" style=\"float: right; padding-left: 5px;\"><a href=\"http:\/\/twitter.com\/share\" class=\"twitter-share-button\" data-count=\"horizontal\" data-text=\"Gobierno de Campeche, quebrado; no hay ni para pagar la luz: Layda Sansores Sanr...\" data-via=\"https:\/\/twitter.com\/VertienteGloba1\" data-url=\"http:\/\/vertienteglobal.com\/?p=256387\" data-lang=\"es\" data-related=\"Informaci\u00f3n general:S\u00edguenos para que est\u00e9ss informado\"><\/a><\/div>\n<figure class=\"wp-block-image size-large\"><img loading=\"lazy\" decoding=\"async\" width=\"1024\" height=\"724\" src=\"http:\/\/vertienteglobal.com\/wp-content\/uploads\/2026\/04\/1001200651-1024x724.webp\" alt=\"\" class=\"wp-image-256388\" srcset=\"http:\/\/vertienteglobal.com\/wp-content\/uploads\/2026\/04\/1001200651-1024x724.webp 1024w, http:\/\/vertienteglobal.com\/wp-content\/uploads\/2026\/04\/1001200651-300x212.webp 300w, http:\/\/vertienteglobal.com\/wp-content\/uploads\/2026\/04\/1001200651-150x106.webp 150w, http:\/\/vertienteglobal.com\/wp-content\/uploads\/2026\/04\/1001200651-768x543.webp 768w, http:\/\/vertienteglobal.com\/wp-content\/uploads\/2026\/04\/1001200651.webp 1200w\" sizes=\"auto, (max-width: 1024px) 100vw, 1024px\" \/><\/figure>\n\n\n\n<p>(Redacci\u00f3n)<\/p>\n\n\n\n<p>Durante la celebraci\u00f3n del D\u00eda del Empleado Estatal, la mandataria admiti\u00f3 que su gobierno carece de liquidez para enfrentar \u00e9ste y otros compromisos<\/p>\n\n\n\n<p>San Francisco de Campeche, Campeche 29 de brio de 2026.-La gobernadora de Campeche, Layda Sansores Sanrom\u00e1n, declar\u00f3 ayer que su administraci\u00f3n se encuentra sin liquidez y ya no les alcanza \u201cni para pagar la luz\u201d, por lo que advirti\u00f3 que si no pueden cubrir el pr\u00f3ximo recibo, \u201cno pedir\u00e9 prestado ni pedir\u00e9 pr\u00f3rroga, apago todas las oficinas y que vean que en Campeche las oficinas se paralizan porque no tenemos recursos\u201d.<\/p>\n\n\n\n<p>Y es que por segunda semana consecutiva, la mandataria mantuvo su afirmaci\u00f3n de que el estado enfrenta una cr\u00edtica situaci\u00f3n financiera a consecuencia del recorte de 4 mil millones de pesos de sus participaciones federales de este a\u00f1o y a consecuencia de lo que ha llamado injusta Ley de Coordinaci\u00f3n Fiscal.<\/p>\n\n\n\n<p>A pesar de que el Congreso estatal aprob\u00f3 contratar una deuda de mil millones de pesos para pagar en 20 a\u00f1os, a fin de realizar \u201cproyectos de inversi\u00f3n productiva\u201d, hasta el momento no ha informado si ya dispone o dispondr\u00e1 del empr\u00e9stito.<\/p>\n\n\n\n<p>Hace unos d\u00edas declar\u00f3 que para pagar el anterior recibo de energ\u00eda el\u00e9ctrica tuvieron que pedir una pr\u00f3rroga de 15 d\u00edas con el fin de reunir la cantidad requerida, situaci\u00f3n que, dijo, la hizo sentir pobre.<\/p>\n\n\n\n<p>Dijo: \u201cCreo que en mi vida nunca la conoc\u00ed (la pobreza) y la vine a conocer ahora al final de mi vida y digo: hoy, despu\u00e9s de todo, se puede ser feliz en la pobreza, porque me siento pobre cuando me dice el secretario de Finanzas que no vamos a poder pagar la luz.\u201d<\/p>\n\n\n\n<p>El martes, durante la celebraci\u00f3n del D\u00eda del Empleado Estatal, la mandataria admiti\u00f3 que su gobierno carece de liquidez para enfrentar \u00e9ste y otros compromisos:<\/p>\n\n\n\n<p>\u201cNo tenemos un peso de liquidez, nunca so\u00f1\u00e9 que en mi vida podr\u00edamos vivirlo y cuando lleg\u00f3 la hora de pagar la luz, pues no ten\u00edamos ni para pagar la luz de este a\u00f1o; as\u00ed es la f\u00f3rmula maldita que nos heredaron quienes eran la derecha, que pensaban que Campeche pod\u00eda producir 80 por ciento del petr\u00f3leo y sufrir todos los sacrificios\u201d, afirm\u00f3.<\/p>\n\n\n\n<p>El bimestre pasado, explic\u00f3, \u201cnos dieron dos o tres semanas de pr\u00f3rroga para que junt\u00e1ramos los centavitos y pudi\u00e9ramos pagarla, pero yo ya les dije, ya fuimos a M\u00e9xico: la pr\u00f3xima vez, que nos apaguen la luz; cuando no tengamos dinero, no la voy a pagar ni voy a pedir prestado ni pr\u00f3rroga, apago todas las oficinas y que vean que en Campeche las oficinas se paralizan porque no tenemos recursos, no tenemos energ\u00eda para que las m\u00e1quinas trabajen, y no porque no queramos, sino porque alguien decidi\u00f3 por nosotros\u201d.<\/p>\n\n\n\n<p>Pese a lo anterior, agradeci\u00f3 a la presidenta Claudia Sheinbaum los apoyos que le ha dado, porque \u201ccomo nunca, he recibido la solidaridad, nunca nos hab\u00edan dado para componer carreteras, para todo este bacheado de los pueblos; el a\u00f1o antepasado nos dieron 80 millones y cero pesos en 2025, ahorita ya nos dieron 328 millones y est\u00e1n trabajando todos los constructores\u201d.<\/p>\n\n\n\n<p>No obstante lo grave de la situaci\u00f3n financiera, asegur\u00f3: \u201cseguiremos luchando, nunca pararemos hasta cumplir con nuestro deber.<\/p>\n\n\n\n<p>\u201cEste camino a veces es muy dif\u00edcil, porque ser oposici\u00f3n no es nada c\u00f3modo; siempre tienes m\u00e1s problemas si eres mujer, pues sufres toda la misoginia sobre tu cabeza; nada m\u00e1s que ya aprend\u00ed a caminar con la frente en alto, aunque me digan puta, que me digan lo que quieran, yo aqu\u00ed estoy con la conciencia tranquila, con el orgullo y la herencia de mis padres, y a m\u00ed no me rinden como no rinden a ninguno de nosotros de un pu\u00f1etazo. (Fuente: LaJornda)<\/p>\n","protected":false},"excerpt":{"rendered":"<p>(Redacci\u00f3n) Durante la celebraci\u00f3n del D\u00eda del Empleado Estatal, la mandataria admiti\u00f3 que su gobierno carece de liquidez para enfrentar \u00e9ste y otros compromisos San Francisco de Campeche, Campeche 29 de brio de 2026.-La gobernadora de Campeche, Layda Sansores Sanrom\u00e1n, declar\u00f3 ayer que su administraci\u00f3n se encuentra sin liquidez y ya no les alcanza \u201cni [&hellip;]<\/p>\n","protected":false},"author":6,"featured_media":256388,"comment_status":"open","ping_status":"open","sticky":false,"template":"","format":"standard","meta":{"footnotes":""},"categories":[4],"tags":[],"class_list":["post-256387","post","type-post","status-publish","format-standard","has-post-thumbnail","hentry","category-campeche","entry","has-media"],"jetpack_featured_media_url":"http:\/\/vertienteglobal.com\/wp-content\/uploads\/2026\/04\/1001200651.webp","_links":{"self":[{"href":"http:\/\/vertienteglobal.com\/index.php?rest_route=\/wp\/v2\/posts\/256387","targetHints":{"allow":["GET"]}}],"collection":[{"href":"http:\/\/vertienteglobal.com\/index.php?rest_route=\/wp\/v2\/posts"}],"about":[{"href":"http:\/\/vertienteglobal.com\/index.php?rest_route=\/wp\/v2\/types\/post"}],"author":[{"embeddable":true,"href":"http:\/\/vertienteglobal.com\/index.php?rest_route=\/wp\/v2\/users\/6"}],"replies":[{"embeddable":true,"href":"http:\/\/vertienteglobal.com\/index.php?rest_route=%2Fwp%2Fv2%2Fcomments&post=256387"}],"version-history":[{"count":1,"href":"http:\/\/vertienteglobal.com\/index.php?rest_route=\/wp\/v2\/posts\/256387\/revisions"}],"predecessor-version":[{"id":256389,"href":"http:\/\/vertienteglobal.com\/index.php?rest_route=\/wp\/v2\/posts\/256387\/revisions\/256389"}],"wp:featuredmedia":[{"embeddable":true,"href":"http:\/\/vertienteglobal.com\/index.php?rest_route=\/wp\/v2\/media\/256388"}],"wp:attachment":[{"href":"http:\/\/vertienteglobal.com\/index.php?rest_route=%2Fwp%2Fv2%2Fmedia&parent=256387"}],"wp:term":[{"taxonomy":"category","embeddable":true,"href":"http:\/\/vertienteglobal.com\/index.php?rest_route=%2Fwp%2Fv2%2Fcategories&post=256387"},{"taxonomy":"post_tag","embeddable":true,"href":"http:\/\/vertienteglobal.com\/index.php?rest_route=%2Fwp%2Fv2%2Ftags&post=256387"}],"curies":[{"name":"wp","href":"https:\/\/api.w.org\/{rel}","templated":true}]}}