{"id":256371,"date":"2026-04-27T22:10:00","date_gmt":"2026-04-28T03:10:00","guid":{"rendered":"http:\/\/vertienteglobal.com\/?p=256371"},"modified":"2026-04-28T23:27:26","modified_gmt":"2026-04-29T04:27:26","slug":"junto-con-lideres-del-turismo-mara-lezama-josefina-rodriguez-y-evelyn-salgado-recorren-el-pabellon-del-caribe-mexicano","status":"publish","type":"post","link":"http:\/\/vertienteglobal.com\/?p=256371","title":{"rendered":"Junto con l\u00edderes del turismo, Mara Lezama, Josefina Rodr\u00edguez y Evelyn Salgado recorren el pabell\u00f3n del Caribe Mexicano"},"content":{"rendered":"\n<div class=\"twitterbutton\" style=\"float: right; padding-left: 5px;\"><a href=\"http:\/\/twitter.com\/share\" class=\"twitter-share-button\" data-count=\"horizontal\" data-text=\"Junto con l\u00edderes del turismo, Mara Lezama, Josefina Rodr\u00edguez y Evelyn Salgad...\" data-via=\"https:\/\/twitter.com\/VertienteGloba1\" data-url=\"http:\/\/vertienteglobal.com\/?p=256371\" data-lang=\"es\" data-related=\"Informaci\u00f3n general:S\u00edguenos para que est\u00e9ss informado\"><\/a><\/div>\n<figure class=\"wp-block-image size-large\"><img loading=\"lazy\" decoding=\"async\" width=\"1024\" height=\"515\" src=\"http:\/\/vertienteglobal.com\/wp-content\/uploads\/2026\/04\/1001199776-1024x515.jpg\" alt=\"\" class=\"wp-image-256372\" srcset=\"http:\/\/vertienteglobal.com\/wp-content\/uploads\/2026\/04\/1001199776-1024x515.jpg 1024w, http:\/\/vertienteglobal.com\/wp-content\/uploads\/2026\/04\/1001199776-300x151.jpg 300w, http:\/\/vertienteglobal.com\/wp-content\/uploads\/2026\/04\/1001199776-150x75.jpg 150w, http:\/\/vertienteglobal.com\/wp-content\/uploads\/2026\/04\/1001199776-768x386.jpg 768w, http:\/\/vertienteglobal.com\/wp-content\/uploads\/2026\/04\/1001199776.jpg 1280w\" sizes=\"auto, (max-width: 1024px) 100vw, 1024px\" \/><\/figure>\n\n\n\n<p>(Redacci\u00f3n)<\/p>\n\n\n\n<p>Quintana Roo despliega entre stands estrat\u00e9gicos, cultura viva y turismo comunitario con sus 12 destinos, durante el recorrido que permite mostrar por qu\u00e9 es Capital Mundial de las Vacaciones<\/p>\n\n\n\n<p>Acapulco, Guerrero. 27 de brio de 2026.Acompa\u00f1ada por la secretaria de Turismo federal (SECTUR) Josefina Rodr\u00edguez Zamora, y la gobernadora de Guerrero, Evelyn Salgado, la gobernadora Mara Lezama Espinosa recorri\u00f3 los stands del pabell\u00f3n del Caribe Mexicano, donde se exponen los productos tur\u00edsticos de los 12 destinos.<\/p>\n\n\n\n<p>El pabell\u00f3n del Caribe Mexicano se concentra en el stand 001, ubicado en una zona estrat\u00e9gica del recinto, lo que garantiza alta visibilidad para los asistentes al evento. Es un espacio de alto impacto de 432 metros cuadrados dise\u00f1ado para posicionar la marca destino como Capital Mundial de las Vacaciones.<\/p>\n\n\n\n<p>De manera paralela, Quintana Roo refuerza su presencia cultural en la secci\u00f3n artesanal del pabell\u00f3n \u201cVentana a M\u00e9xico\u201d, donde artesanas y artesanos exhiben productos representativos del estado, bajo la coordinaci\u00f3n del Instituto de la Cultura y las Artes.<\/p>\n\n\n\n<p>El sector hotelero tambi\u00e9n tiene una presencia destacada con la asistencia del presidente del Consejo Hotelero del Caribe Mexicano, David Ortiz Mena, y dirigentes de asociaciones hoteleras de Canc\u00fan, Puerto Morelos, Isla Mujeres, Costa Mujeres, Riviera Maya, Cozumel, la zona sur del estado, Mahahual, Bacalar y Holbox, as\u00ed como representantes de agencias de viajes.<\/p>\n\n\n\n<figure class=\"wp-block-image size-full\"><img loading=\"lazy\" decoding=\"async\" width=\"585\" height=\"329\" src=\"http:\/\/vertienteglobal.com\/wp-content\/uploads\/2026\/04\/1001199777.jpg\" alt=\"\" class=\"wp-image-256373\" srcset=\"http:\/\/vertienteglobal.com\/wp-content\/uploads\/2026\/04\/1001199777.jpg 585w, http:\/\/vertienteglobal.com\/wp-content\/uploads\/2026\/04\/1001199777-300x169.jpg 300w, http:\/\/vertienteglobal.com\/wp-content\/uploads\/2026\/04\/1001199777-150x84.jpg 150w\" sizes=\"auto, (max-width: 585px) 100vw, 585px\" \/><\/figure>\n\n\n\n<figure class=\"wp-block-image size-full\"><img loading=\"lazy\" decoding=\"async\" width=\"585\" height=\"390\" src=\"http:\/\/vertienteglobal.com\/wp-content\/uploads\/2026\/04\/1001199778.jpg\" alt=\"\" class=\"wp-image-256374\" srcset=\"http:\/\/vertienteglobal.com\/wp-content\/uploads\/2026\/04\/1001199778.jpg 585w, http:\/\/vertienteglobal.com\/wp-content\/uploads\/2026\/04\/1001199778-300x200.jpg 300w, http:\/\/vertienteglobal.com\/wp-content\/uploads\/2026\/04\/1001199778-150x100.jpg 150w\" sizes=\"auto, (max-width: 585px) 100vw, 585px\" \/><\/figure>\n\n\n\n<figure class=\"wp-block-image size-full\"><img loading=\"lazy\" decoding=\"async\" width=\"585\" height=\"390\" src=\"http:\/\/vertienteglobal.com\/wp-content\/uploads\/2026\/04\/1001199779.jpg\" alt=\"\" class=\"wp-image-256375\" srcset=\"http:\/\/vertienteglobal.com\/wp-content\/uploads\/2026\/04\/1001199779.jpg 585w, http:\/\/vertienteglobal.com\/wp-content\/uploads\/2026\/04\/1001199779-300x200.jpg 300w, http:\/\/vertienteglobal.com\/wp-content\/uploads\/2026\/04\/1001199779-150x100.jpg 150w\" sizes=\"auto, (max-width: 585px) 100vw, 585px\" \/><\/figure>\n\n\n\n<figure class=\"wp-block-image size-full\"><img loading=\"lazy\" decoding=\"async\" width=\"585\" height=\"390\" src=\"http:\/\/vertienteglobal.com\/wp-content\/uploads\/2026\/04\/1001199781.jpg\" alt=\"\" class=\"wp-image-256376\" srcset=\"http:\/\/vertienteglobal.com\/wp-content\/uploads\/2026\/04\/1001199781.jpg 585w, http:\/\/vertienteglobal.com\/wp-content\/uploads\/2026\/04\/1001199781-300x200.jpg 300w, http:\/\/vertienteglobal.com\/wp-content\/uploads\/2026\/04\/1001199781-150x100.jpg 150w\" sizes=\"auto, (max-width: 585px) 100vw, 585px\" \/><\/figure>\n\n\n\n<figure class=\"wp-block-image size-full\"><img loading=\"lazy\" decoding=\"async\" width=\"585\" height=\"390\" src=\"http:\/\/vertienteglobal.com\/wp-content\/uploads\/2026\/04\/1001199780.jpg\" alt=\"\" class=\"wp-image-256377\" srcset=\"http:\/\/vertienteglobal.com\/wp-content\/uploads\/2026\/04\/1001199780.jpg 585w, http:\/\/vertienteglobal.com\/wp-content\/uploads\/2026\/04\/1001199780-300x200.jpg 300w, http:\/\/vertienteglobal.com\/wp-content\/uploads\/2026\/04\/1001199780-150x100.jpg 150w\" sizes=\"auto, (max-width: 585px) 100vw, 585px\" \/><\/figure>\n\n\n\n<figure class=\"wp-block-image size-full\"><img loading=\"lazy\" decoding=\"async\" width=\"585\" height=\"390\" src=\"http:\/\/vertienteglobal.com\/wp-content\/uploads\/2026\/04\/1001199782.jpg\" alt=\"\" class=\"wp-image-256378\" srcset=\"http:\/\/vertienteglobal.com\/wp-content\/uploads\/2026\/04\/1001199782.jpg 585w, http:\/\/vertienteglobal.com\/wp-content\/uploads\/2026\/04\/1001199782-300x200.jpg 300w, http:\/\/vertienteglobal.com\/wp-content\/uploads\/2026\/04\/1001199782-150x100.jpg 150w\" sizes=\"auto, (max-width: 585px) 100vw, 585px\" \/><\/figure>\n","protected":false},"excerpt":{"rendered":"<p>(Redacci\u00f3n) Quintana Roo despliega entre stands estrat\u00e9gicos, cultura viva y turismo comunitario con sus 12 destinos, durante el recorrido que permite mostrar por qu\u00e9 es Capital Mundial de las Vacaciones Acapulco, Guerrero. 27 de brio de 2026.Acompa\u00f1ada por la secretaria de Turismo federal (SECTUR) Josefina Rodr\u00edguez Zamora, y la gobernadora de Guerrero, Evelyn Salgado, la [&hellip;]<\/p>\n","protected":false},"author":6,"featured_media":256372,"comment_status":"open","ping_status":"open","sticky":false,"template":"","format":"standard","meta":{"footnotes":""},"categories":[8,3],"tags":[],"class_list":["post-256371","post","type-post","status-publish","format-standard","has-post-thumbnail","hentry","category-pais","category-quintana-roo","entry","has-media"],"jetpack_featured_media_url":"http:\/\/vertienteglobal.com\/wp-content\/uploads\/2026\/04\/1001199776.jpg","_links":{"self":[{"href":"http:\/\/vertienteglobal.com\/index.php?rest_route=\/wp\/v2\/posts\/256371","targetHints":{"allow":["GET"]}}],"collection":[{"href":"http:\/\/vertienteglobal.com\/index.php?rest_route=\/wp\/v2\/posts"}],"about":[{"href":"http:\/\/vertienteglobal.com\/index.php?rest_route=\/wp\/v2\/types\/post"}],"author":[{"embeddable":true,"href":"http:\/\/vertienteglobal.com\/index.php?rest_route=\/wp\/v2\/users\/6"}],"replies":[{"embeddable":true,"href":"http:\/\/vertienteglobal.com\/index.php?rest_route=%2Fwp%2Fv2%2Fcomments&post=256371"}],"version-history":[{"count":1,"href":"http:\/\/vertienteglobal.com\/index.php?rest_route=\/wp\/v2\/posts\/256371\/revisions"}],"predecessor-version":[{"id":256379,"href":"http:\/\/vertienteglobal.com\/index.php?rest_route=\/wp\/v2\/posts\/256371\/revisions\/256379"}],"wp:featuredmedia":[{"embeddable":true,"href":"http:\/\/vertienteglobal.com\/index.php?rest_route=\/wp\/v2\/media\/256372"}],"wp:attachment":[{"href":"http:\/\/vertienteglobal.com\/index.php?rest_route=%2Fwp%2Fv2%2Fmedia&parent=256371"}],"wp:term":[{"taxonomy":"category","embeddable":true,"href":"http:\/\/vertienteglobal.com\/index.php?rest_route=%2Fwp%2Fv2%2Fcategories&post=256371"},{"taxonomy":"post_tag","embeddable":true,"href":"http:\/\/vertienteglobal.com\/index.php?rest_route=%2Fwp%2Fv2%2Ftags&post=256371"}],"curies":[{"name":"wp","href":"https:\/\/api.w.org\/{rel}","templated":true}]}}