{"id":256366,"date":"2026-04-28T12:24:00","date_gmt":"2026-04-28T17:24:00","guid":{"rendered":"http:\/\/vertienteglobal.com\/?p=256366"},"modified":"2026-04-28T23:23:01","modified_gmt":"2026-04-29T04:23:01","slug":"mara-lezama-fortalece-lazos-con-italia-para-impulsar-el-turismo-en-el-caribe-mexicano","status":"publish","type":"post","link":"http:\/\/vertienteglobal.com\/?p=256366","title":{"rendered":"Mara Lezama fortalece lazos con Italia para impulsar el turismo en el Caribe Mexicano"},"content":{"rendered":"\n<div class=\"twitterbutton\" style=\"float: right; padding-left: 5px;\"><a href=\"http:\/\/twitter.com\/share\" class=\"twitter-share-button\" data-count=\"horizontal\" data-text=\"Mara Lezama fortalece lazos con Italia para impulsar el turismo en el Caribe Mex...\" data-via=\"https:\/\/twitter.com\/VertienteGloba1\" data-url=\"http:\/\/vertienteglobal.com\/?p=256366\" data-lang=\"es\" data-related=\"Informaci\u00f3n general:S\u00edguenos para que est\u00e9ss informado\"><\/a><\/div>\n<figure class=\"wp-block-image size-large\"><img loading=\"lazy\" decoding=\"async\" width=\"1024\" height=\"683\" src=\"http:\/\/vertienteglobal.com\/wp-content\/uploads\/2026\/04\/1001199749-1024x683.jpg\" alt=\"\" class=\"wp-image-256367\" srcset=\"http:\/\/vertienteglobal.com\/wp-content\/uploads\/2026\/04\/1001199749-1024x683.jpg 1024w, http:\/\/vertienteglobal.com\/wp-content\/uploads\/2026\/04\/1001199749-300x200.jpg 300w, http:\/\/vertienteglobal.com\/wp-content\/uploads\/2026\/04\/1001199749-150x100.jpg 150w, http:\/\/vertienteglobal.com\/wp-content\/uploads\/2026\/04\/1001199749-768x512.jpg 768w, http:\/\/vertienteglobal.com\/wp-content\/uploads\/2026\/04\/1001199749.jpg 1280w\" sizes=\"auto, (max-width: 1024px) 100vw, 1024px\" \/><\/figure>\n\n\n\n<p>(Redacci\u00f3n)<\/p>\n\n\n\n<p>La Gobernadora se re\u00fane con el embajador Alessandro Modiano para promover la conectividad y posicionar al destino como Capital Mundial de las Vacaciones<\/p>\n\n\n\n<p>Canc\u00fan, Quintana Roo 28 de abril de 2026.-Con el objetivo de consolidar al Caribe Mexicano como uno de los destinos tur\u00edsticos m\u00e1s atractivos a nivel global, la gobernadora Mara Lezama Espinosa sostuvo una reuni\u00f3n de trabajo con el embajador de Italia en M\u00e9xico, Alessandro Modiano.<\/p>\n\n\n\n<p>Durante el encuentro, en el que tambi\u00e9n particip\u00f3 Emanuele D\u2019Andrassi, consejero Pol\u00edtico de la Embajada de Italia en M\u00e9xico, se abordaron estrategias para fortalecer la promoci\u00f3n tur\u00edstica del Caribe Mexicano en el mercado italiano, destacando la importancia de ofrecer experiencias \u00fanicas y positivas a los visitantes internacionales.<\/p>\n\n\n\n<p>La Gobernadora subray\u00f3 que el Caribe Mexicano se consolida como la Capital Mundial de las Vacaciones, gracias a su amplia oferta tur\u00edstica, riqueza natural y servicios de alta calidad, lo que lo convierte en un destino altamente competitivo a nivel internacional.<\/p>\n\n\n\n<p>Asimismo, ambas partes coincidieron en la necesidad de reforzar la conectividad a\u00e9rea entre Italia y el Caribe Mexicano, como un factor clave para incrementar la llegada de turistas europeos y dinamizar la econom\u00eda regional.<\/p>\n\n\n\n<p>Este acercamiento forma parte de los esfuerzos del gobierno estatal por diversificar mercados, fortalecer relaciones internacionales y seguir posicionando al Caribe Mexicano como referente global en materia tur\u00edstica.<\/p>\n\n\n\n<p>Por parte de Gobierno del Estado, acompa\u00f1aron a la Gobernadora, el secretario de Turismo, Bernardo Cueto Riestra, y el secretario de Desarrollo Econ\u00f3mico, Paul Carrillo.<\/p>\n\n\n\n<figure class=\"wp-block-image size-full\"><img loading=\"lazy\" decoding=\"async\" width=\"585\" height=\"390\" src=\"http:\/\/vertienteglobal.com\/wp-content\/uploads\/2026\/04\/1001199750.jpg\" alt=\"\" class=\"wp-image-256368\" srcset=\"http:\/\/vertienteglobal.com\/wp-content\/uploads\/2026\/04\/1001199750.jpg 585w, http:\/\/vertienteglobal.com\/wp-content\/uploads\/2026\/04\/1001199750-300x200.jpg 300w, http:\/\/vertienteglobal.com\/wp-content\/uploads\/2026\/04\/1001199750-150x100.jpg 150w\" sizes=\"auto, (max-width: 585px) 100vw, 585px\" \/><\/figure>\n\n\n\n<figure class=\"wp-block-image size-full\"><img loading=\"lazy\" decoding=\"async\" width=\"585\" height=\"390\" src=\"http:\/\/vertienteglobal.com\/wp-content\/uploads\/2026\/04\/1001199751.jpg\" alt=\"\" class=\"wp-image-256369\" srcset=\"http:\/\/vertienteglobal.com\/wp-content\/uploads\/2026\/04\/1001199751.jpg 585w, http:\/\/vertienteglobal.com\/wp-content\/uploads\/2026\/04\/1001199751-300x200.jpg 300w, http:\/\/vertienteglobal.com\/wp-content\/uploads\/2026\/04\/1001199751-150x100.jpg 150w\" sizes=\"auto, (max-width: 585px) 100vw, 585px\" \/><\/figure>\n","protected":false},"excerpt":{"rendered":"<p>(Redacci\u00f3n) La Gobernadora se re\u00fane con el embajador Alessandro Modiano para promover la conectividad y posicionar al destino como Capital Mundial de las Vacaciones Canc\u00fan, Quintana Roo 28 de abril de 2026.-Con el objetivo de consolidar al Caribe Mexicano como uno de los destinos tur\u00edsticos m\u00e1s atractivos a nivel global, la gobernadora Mara Lezama Espinosa [&hellip;]<\/p>\n","protected":false},"author":6,"featured_media":256367,"comment_status":"open","ping_status":"open","sticky":false,"template":"","format":"standard","meta":{"footnotes":""},"categories":[3],"tags":[],"class_list":["post-256366","post","type-post","status-publish","format-standard","has-post-thumbnail","hentry","category-quintana-roo","entry","has-media"],"jetpack_featured_media_url":"http:\/\/vertienteglobal.com\/wp-content\/uploads\/2026\/04\/1001199749.jpg","_links":{"self":[{"href":"http:\/\/vertienteglobal.com\/index.php?rest_route=\/wp\/v2\/posts\/256366","targetHints":{"allow":["GET"]}}],"collection":[{"href":"http:\/\/vertienteglobal.com\/index.php?rest_route=\/wp\/v2\/posts"}],"about":[{"href":"http:\/\/vertienteglobal.com\/index.php?rest_route=\/wp\/v2\/types\/post"}],"author":[{"embeddable":true,"href":"http:\/\/vertienteglobal.com\/index.php?rest_route=\/wp\/v2\/users\/6"}],"replies":[{"embeddable":true,"href":"http:\/\/vertienteglobal.com\/index.php?rest_route=%2Fwp%2Fv2%2Fcomments&post=256366"}],"version-history":[{"count":1,"href":"http:\/\/vertienteglobal.com\/index.php?rest_route=\/wp\/v2\/posts\/256366\/revisions"}],"predecessor-version":[{"id":256370,"href":"http:\/\/vertienteglobal.com\/index.php?rest_route=\/wp\/v2\/posts\/256366\/revisions\/256370"}],"wp:featuredmedia":[{"embeddable":true,"href":"http:\/\/vertienteglobal.com\/index.php?rest_route=\/wp\/v2\/media\/256367"}],"wp:attachment":[{"href":"http:\/\/vertienteglobal.com\/index.php?rest_route=%2Fwp%2Fv2%2Fmedia&parent=256366"}],"wp:term":[{"taxonomy":"category","embeddable":true,"href":"http:\/\/vertienteglobal.com\/index.php?rest_route=%2Fwp%2Fv2%2Fcategories&post=256366"},{"taxonomy":"post_tag","embeddable":true,"href":"http:\/\/vertienteglobal.com\/index.php?rest_route=%2Fwp%2Fv2%2Ftags&post=256366"}],"curies":[{"name":"wp","href":"https:\/\/api.w.org\/{rel}","templated":true}]}}