{"id":256356,"date":"2026-04-28T18:09:00","date_gmt":"2026-04-28T23:09:00","guid":{"rendered":"http:\/\/vertienteglobal.com\/?p=256356"},"modified":"2026-04-28T23:14:47","modified_gmt":"2026-04-29T04:14:47","slug":"invita-mara-lezama-a-la-ninez-de-cancun-a-disfrutar-del-espectaculo-mundo-de-dinosaurios","status":"publish","type":"post","link":"http:\/\/vertienteglobal.com\/?p=256356","title":{"rendered":"Invita Mara Lezama a la ni\u00f1ez de Canc\u00fan a disfrutar del espect\u00e1culo \u201cMundo de Dinosaurios\u201d"},"content":{"rendered":"\n<div class=\"twitterbutton\" style=\"float: right; padding-left: 5px;\"><a href=\"http:\/\/twitter.com\/share\" class=\"twitter-share-button\" data-count=\"horizontal\" data-text=\"Invita Mara Lezama a la ni\u00f1ez de Canc\u00fan a disfrutar del espect\u00e1culo \u201cMundo ...\" data-via=\"https:\/\/twitter.com\/VertienteGloba1\" data-url=\"http:\/\/vertienteglobal.com\/?p=256356\" data-lang=\"es\" data-related=\"Informaci\u00f3n general:S\u00edguenos para que est\u00e9ss informado\"><\/a><\/div>\n<figure class=\"wp-block-image size-large\"><img loading=\"lazy\" decoding=\"async\" width=\"1024\" height=\"581\" src=\"http:\/\/vertienteglobal.com\/wp-content\/uploads\/2026\/04\/1001199738-1024x581.jpg\" alt=\"\" class=\"wp-image-256357\" srcset=\"http:\/\/vertienteglobal.com\/wp-content\/uploads\/2026\/04\/1001199738-1024x581.jpg 1024w, http:\/\/vertienteglobal.com\/wp-content\/uploads\/2026\/04\/1001199738-300x170.jpg 300w, http:\/\/vertienteglobal.com\/wp-content\/uploads\/2026\/04\/1001199738-150x85.jpg 150w, http:\/\/vertienteglobal.com\/wp-content\/uploads\/2026\/04\/1001199738-768x435.jpg 768w, http:\/\/vertienteglobal.com\/wp-content\/uploads\/2026\/04\/1001199738.jpg 1187w\" sizes=\"auto, (max-width: 1024px) 100vw, 1024px\" \/><\/figure>\n\n\n\n<p>(Redacci\u00f3n)<\/p>\n\n\n\n<p>Como parte de las actividades para celebrar el D\u00eda de las Ni\u00f1as y Ni\u00f1os, que contempl\u00f3 una funci\u00f3n especial para la ni\u00f1ez con discapacidad; hay 2 funciones mi\u00e9rcoles 29 y una funci\u00f3n el jueves 30<\/p>\n\n\n\n<p>Canc\u00fan, Quintana Roo, a 28 de abril de 2026.- Como parte de las actividades para celebrar el D\u00eda de las Ni\u00f1as y Ni\u00f1os, la gobernadora Mara Lezama Espinosa anunci\u00f3 la realizaci\u00f3n en Canc\u00fan del espect\u00e1culo \u201cMundo de Dinosaurios\u201d, un evento gratuito inclusivo que busca ofrecer una experiencia distinta y memorable para la infancia.<\/p>\n\n\n\n<p>La gobernadora Mara Lezama inform\u00f3 que las actividades para festejar a la ni\u00f1ez, organizadas por el gobierno de Quintana Roo, en coordinaci\u00f3n con el DIF estatal y los DIF municipales, contin\u00faan luego de las jornadas simult\u00e1neas realizadas en 125 comunidades.<\/p>\n\n\n\n<p>En Canc\u00fan, la sede del espect\u00e1culo se ubica en la intersecci\u00f3n de las avenidas Kabah y Xcaret. Inici\u00f3 este martes 28 e incluy\u00f3 una funci\u00f3n especial destinada a ni\u00f1as y ni\u00f1os con discapacidad provenientes de: Centro de Atenci\u00f3n M\u00faltiple, Centro de Rehabilitaci\u00f3n Integral Municipal (CRIM) y del Centro de Rehabilitaci\u00f3n Integral e Infantil Telet\u00f3n (CRIT).<\/p>\n\n\n\n<p>Al hacer una invitaci\u00f3n a todas las ni\u00f1as y ni\u00f1os a disfrutar de este espect\u00e1culo, inform\u00f3 que hay dos funciones programadas para este mi\u00e9rcoles 29, a las 5 de la tarde y ocho de la noche. Y el jueves 30 de abril una \u00fanica funci\u00f3n a las 5 de la tarde.<\/p>\n\n\n\n<p>A\u00f1adi\u00f3 que los boletos son gratuitos y pueden recogerse previamente, de 9 de la ma\u00f1ana a 4 de la tarde en las instalaciones del DIF Benito Ju\u00e1rez, ubicadas en la Supermanzana 94.<\/p>\n\n\n\n<p>Durante el espect\u00e1culo que fortalece el bienestar y la inclusi\u00f3n social, las familias asistentes podr\u00e1n disfrutar de rifas, regalos y diversas sorpresas, en un ambiente dise\u00f1ado para fomentar la convivencia y la alegr\u00eda en el marco de esta fecha conmemorativa.<\/p>\n\n\n\n<figure class=\"wp-block-image size-large\"><img loading=\"lazy\" decoding=\"async\" width=\"1024\" height=\"1024\" src=\"http:\/\/vertienteglobal.com\/wp-content\/uploads\/2026\/04\/1001199739-1024x1024.jpg\" alt=\"\" class=\"wp-image-256358\" srcset=\"http:\/\/vertienteglobal.com\/wp-content\/uploads\/2026\/04\/1001199739-1024x1024.jpg 1024w, http:\/\/vertienteglobal.com\/wp-content\/uploads\/2026\/04\/1001199739-300x300.jpg 300w, http:\/\/vertienteglobal.com\/wp-content\/uploads\/2026\/04\/1001199739-150x150.jpg 150w, http:\/\/vertienteglobal.com\/wp-content\/uploads\/2026\/04\/1001199739-768x768.jpg 768w, http:\/\/vertienteglobal.com\/wp-content\/uploads\/2026\/04\/1001199739-1536x1536.jpg 1536w, http:\/\/vertienteglobal.com\/wp-content\/uploads\/2026\/04\/1001199739.jpg 1600w\" sizes=\"auto, (max-width: 1024px) 100vw, 1024px\" \/><\/figure>\n\n\n\n<figure class=\"wp-block-embed is-type-rich is-provider-twitter wp-block-embed-twitter\"><div class=\"wp-block-embed__wrapper\">\n<div class=\"oceanwp-oembed-wrap clr\"><div class=\"embed-twitter\"><blockquote class=\"twitter-tweet\" data-width=\"550\" data-dnt=\"true\"><p lang=\"es\" dir=\"ltr\">Amiguitas y amiguitos vengan a celebrar el D\u00eda de la Ni\u00f1a y el Ni\u00f1o en <a href=\"https:\/\/twitter.com\/hashtag\/Canc%C3%BAn?src=hash&amp;ref_src=twsrc%5Etfw\">#Canc\u00fan<\/a> con El Mundo de los Dinosaurios. \ud83d\udc66\ud83c\udffb\ud83d\udc67\ud83c\udffd\ud83e\udd96<br><br>\ud83c\udf89\ud83c\udf8aLes esperamos para vivir juntos una experiencia llena de diversi\u00f3n y muchas sorpresas. Recuerden que los boletos \ud83c\udf9f\ufe0f se entregan en el DIF municipal de\u2026 <a href=\"https:\/\/t.co\/o2hOeaa7a4\">pic.twitter.com\/o2hOeaa7a4<\/a><\/p>&mdash; Mara Lezama (@MaraLezama) <a href=\"https:\/\/twitter.com\/MaraLezama\/status\/2049223907530400182?ref_src=twsrc%5Etfw\">April 28, 2026<\/a><\/blockquote><script async src=\"https:\/\/platform.twitter.com\/widgets.js\" charset=\"utf-8\"><\/script><\/div><\/div>\n<\/div><\/figure>\n","protected":false},"excerpt":{"rendered":"<p>(Redacci\u00f3n) Como parte de las actividades para celebrar el D\u00eda de las Ni\u00f1as y Ni\u00f1os, que contempl\u00f3 una funci\u00f3n especial para la ni\u00f1ez con discapacidad; hay 2 funciones mi\u00e9rcoles 29 y una funci\u00f3n el jueves 30 Canc\u00fan, Quintana Roo, a 28 de abril de 2026.- Como parte de las actividades para celebrar el D\u00eda de [&hellip;]<\/p>\n","protected":false},"author":6,"featured_media":256357,"comment_status":"open","ping_status":"open","sticky":false,"template":"","format":"standard","meta":{"footnotes":""},"categories":[3],"tags":[],"class_list":["post-256356","post","type-post","status-publish","format-standard","has-post-thumbnail","hentry","category-quintana-roo","entry","has-media"],"jetpack_featured_media_url":"http:\/\/vertienteglobal.com\/wp-content\/uploads\/2026\/04\/1001199738.jpg","_links":{"self":[{"href":"http:\/\/vertienteglobal.com\/index.php?rest_route=\/wp\/v2\/posts\/256356","targetHints":{"allow":["GET"]}}],"collection":[{"href":"http:\/\/vertienteglobal.com\/index.php?rest_route=\/wp\/v2\/posts"}],"about":[{"href":"http:\/\/vertienteglobal.com\/index.php?rest_route=\/wp\/v2\/types\/post"}],"author":[{"embeddable":true,"href":"http:\/\/vertienteglobal.com\/index.php?rest_route=\/wp\/v2\/users\/6"}],"replies":[{"embeddable":true,"href":"http:\/\/vertienteglobal.com\/index.php?rest_route=%2Fwp%2Fv2%2Fcomments&post=256356"}],"version-history":[{"count":1,"href":"http:\/\/vertienteglobal.com\/index.php?rest_route=\/wp\/v2\/posts\/256356\/revisions"}],"predecessor-version":[{"id":256359,"href":"http:\/\/vertienteglobal.com\/index.php?rest_route=\/wp\/v2\/posts\/256356\/revisions\/256359"}],"wp:featuredmedia":[{"embeddable":true,"href":"http:\/\/vertienteglobal.com\/index.php?rest_route=\/wp\/v2\/media\/256357"}],"wp:attachment":[{"href":"http:\/\/vertienteglobal.com\/index.php?rest_route=%2Fwp%2Fv2%2Fmedia&parent=256356"}],"wp:term":[{"taxonomy":"category","embeddable":true,"href":"http:\/\/vertienteglobal.com\/index.php?rest_route=%2Fwp%2Fv2%2Fcategories&post=256356"},{"taxonomy":"post_tag","embeddable":true,"href":"http:\/\/vertienteglobal.com\/index.php?rest_route=%2Fwp%2Fv2%2Ftags&post=256356"}],"curies":[{"name":"wp","href":"https:\/\/api.w.org\/{rel}","templated":true}]}}