{"id":256343,"date":"2026-04-28T15:56:00","date_gmt":"2026-04-28T20:56:00","guid":{"rendered":"http:\/\/vertienteglobal.com\/?p=256343"},"modified":"2026-04-28T22:51:33","modified_gmt":"2026-04-29T03:51:33","slug":"yucatan-continua-el-proceso-de-mejora-en-la-calificacion-crediticia-del-estado","status":"publish","type":"post","link":"http:\/\/vertienteglobal.com\/?p=256343","title":{"rendered":"\u00a0Yucat\u00e1n contin\u00faa el proceso de mejora en la calificaci\u00f3n crediticia del estado\u00a0"},"content":{"rendered":"\n<div class=\"twitterbutton\" style=\"float: right; padding-left: 5px;\"><a href=\"http:\/\/twitter.com\/share\" class=\"twitter-share-button\" data-count=\"horizontal\" data-text=\"\u00a0Yucat\u00e1n contin\u00faa el proceso de mejora en la calificaci\u00f3n crediticia del est...\" data-via=\"https:\/\/twitter.com\/VertienteGloba1\" data-url=\"http:\/\/vertienteglobal.com\/?p=256343\" data-lang=\"es\" data-related=\"Informaci\u00f3n general:S\u00edguenos para que est\u00e9ss informado\"><\/a><\/div>\n<figure class=\"wp-block-image size-large\"><img loading=\"lazy\" decoding=\"async\" width=\"1024\" height=\"683\" src=\"http:\/\/vertienteglobal.com\/wp-content\/uploads\/2026\/04\/1001199701-1024x683.jpg\" alt=\"\" class=\"wp-image-256344\" srcset=\"http:\/\/vertienteglobal.com\/wp-content\/uploads\/2026\/04\/1001199701-1024x683.jpg 1024w, http:\/\/vertienteglobal.com\/wp-content\/uploads\/2026\/04\/1001199701-300x200.jpg 300w, http:\/\/vertienteglobal.com\/wp-content\/uploads\/2026\/04\/1001199701-150x100.jpg 150w, http:\/\/vertienteglobal.com\/wp-content\/uploads\/2026\/04\/1001199701-768x512.jpg 768w, http:\/\/vertienteglobal.com\/wp-content\/uploads\/2026\/04\/1001199701-1536x1024.jpg 1536w, http:\/\/vertienteglobal.com\/wp-content\/uploads\/2026\/04\/1001199701-2048x1366.jpg 2048w\" sizes=\"auto, (max-width: 1024px) 100vw, 1024px\" \/><\/figure>\n\n\n\n<p>((Redacci\u00f3n)<\/p>\n\n\n\n<p><em>El titular de la Secretar\u00eda de Administraci\u00f3n y Finanzas (SAF), Juan S\u00e1nchez \u00c1lvarez, inform\u00f3 que HR Ratings ratific\u00f3 la calificaci\u00f3n del estado y mejor\u00f3 su perspectiva, en el marco de la toma de protesta de la nueva mesa directiva de la Anefac Yucat\u00e1n<\/em><\/p>\n\n\n\n<p>M\u00e9rida, Yucat\u00e1n, a 28 de abril de 2026.-El secretario de Administraci\u00f3n y Finanzas (SAF), Juan S\u00e1nchez \u00c1lvarez, en representaci\u00f3n del Gobernador Joaqu\u00edn D\u00edaz Mena, encabez\u00f3 la toma de protesta del nuevo presidente y de la mesa directiva de la Asociaci\u00f3n Nacional de Especialistas Fiscales (Anefac), delegaci\u00f3n Yucat\u00e1n.<br>\u00a0<br>Durante el evento, inform\u00f3 que HR Ratings ratific\u00f3 la calificaci\u00f3n crediticia del estado en AA+ y mejor\u00f3 su perspectiva de estable a positiva, lo que refleja una evaluaci\u00f3n favorable sobre el manejo financiero de la entidad.<br>\u00a0<br>\u201cHoy podemos presumir que el Gobierno del Estado de Yucat\u00e1n mantiene una calificaci\u00f3n crediticia s\u00f3lida y logr\u00f3 mejorar su perspectiva, seg\u00fan la evaluaci\u00f3n de HR Ratings. La semana pasada recibimos a Moody&#8217;s y esta semana recibiremos a Fitch. Somos de las seis entidades mejor calificadas en todo el pa\u00eds\u201d, asegur\u00f3.<br>\u00a0<br>El funcionario destac\u00f3 que este resultado responde a decisiones consistentes en materia financiera, as\u00ed como a un sistema que ha fortalecido su capacidad de recaudaci\u00f3n, control y planeaci\u00f3n, adem\u00e1s del reconocimiento de la ciudadan\u00eda y del trabajo en equipo con organizaciones como la Anefac.<br>\u00a0<br>Por otro lado, felicit\u00f3 a Fernando Cuevas Cervantes por asumir la responsabilidad como presidente entrante de Anefac, delegaci\u00f3n Yucat\u00e1n, y reconoci\u00f3 la labor que realizan desde esa organizaci\u00f3n de especialistas fiscales, quienes, dijo, est\u00e1n comprometidos con la excelencia t\u00e9cnica y el servicio.<br>\u00a0<br>En este sentido, recalc\u00f3 que las finanzas p\u00fablicas tratan de una sola cosa: cuidar lo que es de todos. A\u00f1adi\u00f3 que hoy eso se vuelve m\u00e1s exigente ante la demanda de mejores resultados por parte de la ciudadan\u00eda, por lo que, desde la SAF, todas las decisiones se han tomado con ese criterio.<br>\u00a0<br>\u201cAl cierre de 2025, esta administraci\u00f3n estatal se mantiene innovando en lo que m\u00e1s importa: la calidad del sistema y los resultados para los yucatecos. Hoy podemos compartirles que la base tributaria del Estado creci\u00f3: el padr\u00f3n pas\u00f3 de 99,381 a 103,018 contribuyentes activos, un incremento cercano al 4% en un solo a\u00f1o\u201d, asegur\u00f3.<br>\u00a0<br>Eso, coment\u00f3, no ocurre solo ni por casualidad, sino cuando hay control, seguimiento y reglas claras. Record\u00f3 que, en 2025, los ingresos propios y los incentivos por colaboraci\u00f3n fiscal alcanzaron un crecimiento del 12% respecto al a\u00f1o anterior.<br>\u00a0<br>Para el Gobierno del Estado, indic\u00f3, eso es muy relevante, porque habla de un sistema que funciona m\u00e1s all\u00e1 de un programa espec\u00edfico.<br>\u00a0<br>\u201cEn fiscalizaci\u00f3n, el avance es claro: la recaudaci\u00f3n derivada de acciones de control pas\u00f3 de 555 millones a 727 millones de pesos, un aumento de m\u00e1s de 170 millones en un solo a\u00f1o. Eso tiene una lectura muy simple, pero muy clara: cuando hay seguimiento y profesionalismo, hay cumplimiento y piso parejo\u201d, asegur\u00f3.<br>\u00a0<br>Tambi\u00e9n se\u00f1al\u00f3 que se ha fortalecido la estructura de ingresos, ya que, hoy d\u00eda, los ingresos no etiquetados crecen en promedio 8.7% anual, lo que le da al Estado mayor capacidad de maniobra. Agreg\u00f3 que, en este 2026, el crecimiento esperado se sostiene sin depender de ingresos extraordinarios.<br>\u00a0<br>Al continuar, el funcionario estatal coment\u00f3 que eso conecta directamente con el papel de la Anefac, cuyos integrantes operan donde el sistema se pone a prueba, donde se detecta si una norma funciona o si solo est\u00e1 escrita. Por ello, resalt\u00f3 que su rol no es accesorio y, aunque puede ser inc\u00f3modo, es necesario en todo momento.<br>\u00a0<br>S\u00e1nchez \u00c1lvarez sostuvo que a la nueva mesa directiva no le toca administrar \u00fanicamente una agenda, sino sostener un alto est\u00e1ndar, decidir cu\u00e1ndo acompa\u00f1ar y cu\u00e1ndo se\u00f1alar, de manera puntual y directa, sin rodeos.<br>\u00a0<br>Lo anterior, porque, seg\u00fan explic\u00f3, cuando el est\u00e1ndar baja en lo fiscal, el costo no se ve de inmediato, pero eventualmente llega, y cuando llega, lo paga la gente.<br>\u00a0<br>Durante su intervenci\u00f3n, el presidente entrante de la Anefac Yucat\u00e1n, Fernando Cuevas Cervantes, reconoci\u00f3 que, durante los dos pr\u00f3ximos a\u00f1os de su presidencia, ser\u00e1 la voz oficial de una organizaci\u00f3n que tiene m\u00e1s de 45 a\u00f1os como referente de opini\u00f3n y pilar t\u00e9cnico en materia fiscal en el pa\u00eds, por lo que su encargo lo distingue y compromete profundamente.<br>\u00a0<br>Por otro lado, Alejandro Calder\u00f3n Aguilera, vicepresidente de delegaciones de Anefac nacional, reconoci\u00f3 que la delegaci\u00f3n local se ha distinguido por la excelencia, as\u00ed como por el trabajo diario de cada uno de sus miembros, a trav\u00e9s de la unidad y la colaboraci\u00f3n. Asimismo, invit\u00f3 a los integrantes de la nueva mesa directiva a seguir trabajando de la misma forma.<br>\u00a0<br>En su oportunidad, el titular de la Agencia de Administraci\u00f3n Fiscal de Yucat\u00e1n (AAFY), Mario Can Mar\u00edn, expuso que desde ese \u00f3rgano desconcentrado se realiza una labor coordinada con la Anefac y otras organizaciones para mejorar las contribuciones y fortalecer las finanzas de la entidad.<br>\u00a0<br>Tambi\u00e9n participaron en este evento el presidente saliente de la Anefac, Gabriel Pacheco Caballero, y la directora de Contralor\u00eda Municipal de M\u00e9rida, Mar\u00eda Guillermo Cordero.<\/p>\n\n\n\n<figure class=\"wp-block-image size-full\"><img loading=\"lazy\" decoding=\"async\" width=\"2560\" height=\"1707\" src=\"http:\/\/vertienteglobal.com\/wp-content\/uploads\/2026\/04\/1001199702-scaled.jpg\" alt=\"\" class=\"wp-image-256345\" srcset=\"http:\/\/vertienteglobal.com\/wp-content\/uploads\/2026\/04\/1001199702-scaled.jpg 2560w, http:\/\/vertienteglobal.com\/wp-content\/uploads\/2026\/04\/1001199702-300x200.jpg 300w\" sizes=\"auto, (max-width: 2560px) 100vw, 2560px\" \/><\/figure>\n\n\n\n<figure class=\"wp-block-image size-large\"><img loading=\"lazy\" decoding=\"async\" width=\"1024\" height=\"683\" src=\"http:\/\/vertienteglobal.com\/wp-content\/uploads\/2026\/04\/1001199703-1024x683.jpg\" alt=\"\" class=\"wp-image-256346\" srcset=\"http:\/\/vertienteglobal.com\/wp-content\/uploads\/2026\/04\/1001199703-1024x683.jpg 1024w, http:\/\/vertienteglobal.com\/wp-content\/uploads\/2026\/04\/1001199703-300x200.jpg 300w, http:\/\/vertienteglobal.com\/wp-content\/uploads\/2026\/04\/1001199703-150x100.jpg 150w, http:\/\/vertienteglobal.com\/wp-content\/uploads\/2026\/04\/1001199703-768x512.jpg 768w, http:\/\/vertienteglobal.com\/wp-content\/uploads\/2026\/04\/1001199703-1536x1024.jpg 1536w, http:\/\/vertienteglobal.com\/wp-content\/uploads\/2026\/04\/1001199703-2048x1366.jpg 2048w\" sizes=\"auto, (max-width: 1024px) 100vw, 1024px\" \/><\/figure>\n","protected":false},"excerpt":{"rendered":"<p>((Redacci\u00f3n) El titular de la Secretar\u00eda de Administraci\u00f3n y Finanzas (SAF), Juan S\u00e1nchez \u00c1lvarez, inform\u00f3 que HR Ratings ratific\u00f3 la calificaci\u00f3n del estado y mejor\u00f3 su perspectiva, en el marco de la toma de protesta de la nueva mesa directiva de la Anefac Yucat\u00e1n M\u00e9rida, Yucat\u00e1n, a 28 de abril de 2026.-El secretario de Administraci\u00f3n [&hellip;]<\/p>\n","protected":false},"author":6,"featured_media":256344,"comment_status":"open","ping_status":"open","sticky":false,"template":"","format":"standard","meta":{"footnotes":""},"categories":[2],"tags":[],"class_list":["post-256343","post","type-post","status-publish","format-standard","has-post-thumbnail","hentry","category-yucatan","entry","has-media"],"jetpack_featured_media_url":"http:\/\/vertienteglobal.com\/wp-content\/uploads\/2026\/04\/1001199701-scaled.jpg","_links":{"self":[{"href":"http:\/\/vertienteglobal.com\/index.php?rest_route=\/wp\/v2\/posts\/256343","targetHints":{"allow":["GET"]}}],"collection":[{"href":"http:\/\/vertienteglobal.com\/index.php?rest_route=\/wp\/v2\/posts"}],"about":[{"href":"http:\/\/vertienteglobal.com\/index.php?rest_route=\/wp\/v2\/types\/post"}],"author":[{"embeddable":true,"href":"http:\/\/vertienteglobal.com\/index.php?rest_route=\/wp\/v2\/users\/6"}],"replies":[{"embeddable":true,"href":"http:\/\/vertienteglobal.com\/index.php?rest_route=%2Fwp%2Fv2%2Fcomments&post=256343"}],"version-history":[{"count":1,"href":"http:\/\/vertienteglobal.com\/index.php?rest_route=\/wp\/v2\/posts\/256343\/revisions"}],"predecessor-version":[{"id":256347,"href":"http:\/\/vertienteglobal.com\/index.php?rest_route=\/wp\/v2\/posts\/256343\/revisions\/256347"}],"wp:featuredmedia":[{"embeddable":true,"href":"http:\/\/vertienteglobal.com\/index.php?rest_route=\/wp\/v2\/media\/256344"}],"wp:attachment":[{"href":"http:\/\/vertienteglobal.com\/index.php?rest_route=%2Fwp%2Fv2%2Fmedia&parent=256343"}],"wp:term":[{"taxonomy":"category","embeddable":true,"href":"http:\/\/vertienteglobal.com\/index.php?rest_route=%2Fwp%2Fv2%2Fcategories&post=256343"},{"taxonomy":"post_tag","embeddable":true,"href":"http:\/\/vertienteglobal.com\/index.php?rest_route=%2Fwp%2Fv2%2Ftags&post=256343"}],"curies":[{"name":"wp","href":"https:\/\/api.w.org\/{rel}","templated":true}]}}