{"id":256339,"date":"2026-04-28T17:54:00","date_gmt":"2026-04-28T22:54:00","guid":{"rendered":"http:\/\/vertienteglobal.com\/?p=256339"},"modified":"2026-04-28T22:46:43","modified_gmt":"2026-04-29T03:46:43","slug":"renan-sanchez-tajonar-respalda-iniciativas-de-la-gobernadora-mara-lezama-para-garantizar-vivienda-digna-y-desarrollo-urbano-ordenado-en-quintana-roo","status":"publish","type":"post","link":"http:\/\/vertienteglobal.com\/?p=256339","title":{"rendered":"Ren\u00e1n S\u00e1nchez Tajonar respalda iniciativas de la gobernadora Mara Lezama para garantizar vivienda digna y desarrollo urbano ordenado en Quintana Roo"},"content":{"rendered":"\n<div class=\"twitterbutton\" style=\"float: right; padding-left: 5px;\"><a href=\"http:\/\/twitter.com\/share\" class=\"twitter-share-button\" data-count=\"horizontal\" data-text=\"Ren\u00e1n S\u00e1nchez Tajonar respalda iniciativas de la gobernadora Mara Lezama para ...\" data-via=\"https:\/\/twitter.com\/VertienteGloba1\" data-url=\"http:\/\/vertienteglobal.com\/?p=256339\" data-lang=\"es\" data-related=\"Informaci\u00f3n general:S\u00edguenos para que est\u00e9ss informado\"><\/a><\/div>\n<figure class=\"wp-block-image size-large\"><img loading=\"lazy\" decoding=\"async\" width=\"1024\" height=\"627\" src=\"http:\/\/vertienteglobal.com\/wp-content\/uploads\/2026\/04\/1001199697-1024x627.jpg\" alt=\"\" class=\"wp-image-256340\" srcset=\"http:\/\/vertienteglobal.com\/wp-content\/uploads\/2026\/04\/1001199697-1024x627.jpg 1024w, http:\/\/vertienteglobal.com\/wp-content\/uploads\/2026\/04\/1001199697-300x184.jpg 300w, http:\/\/vertienteglobal.com\/wp-content\/uploads\/2026\/04\/1001199697-150x92.jpg 150w, http:\/\/vertienteglobal.com\/wp-content\/uploads\/2026\/04\/1001199697-768x470.jpg 768w, http:\/\/vertienteglobal.com\/wp-content\/uploads\/2026\/04\/1001199697-1536x941.jpg 1536w, http:\/\/vertienteglobal.com\/wp-content\/uploads\/2026\/04\/1001199697.jpg 1600w\" sizes=\"auto, (max-width: 1024px) 100vw, 1024px\" \/><\/figure>\n\n\n\n<p>(Redacci\u00f3n)<\/p>\n\n\n\n<p><em>La secretar\u00eda de Gobierno Cristina Torres acudi\u00f3 al Congreso del Estado a entregar estas iniciativas.<\/em><\/p>\n\n\n\n<p>Chetumal, Quintana Roo; a 28 de abril de 2026.- El presidente de la Junta de Gobierno y Coordinaci\u00f3n Pol\u00edtica (JUGOCOPO) de la XVIII Legislatura, diputado Ren\u00e1n S\u00e1nchez Tajonar expres\u00f3 su respaldo a las iniciativas enviadas por la gobernadora Mara Lezama al Congreso del Estado, las cuales buscan garantizar el acceso a una vivienda digna, fortalecer el desarrollo urbano ordenado y avanzar en un modelo de crecimiento con justicia social.<\/p>\n\n\n\n<p>Durante la recepci\u00f3n de estas propuestas, presentadas por la secretaria de Gobierno, Cristina Torres, el Secretario de Desarrollo Territorial, Jos\u00e9 Alonso Ovando y el director general de la Comisi\u00f3n de Agua Potable y Alcantarillado (CAPA) Hugo Federico Garza S\u00e1enz; el legislador destac\u00f3 que se trata de reformas que atienden una de las principales demandas de las familias: contar con un hogar adecuado y acceso a servicios b\u00e1sicos.<\/p>\n\n\n\n<p>\u201cEstas iniciativas reflejan una visi\u00f3n clara de transformaci\u00f3n: poner en el centro a las personas, garantizar derechos y construir un desarrollo m\u00e1s justo, ordenado y responsable para Quintana Roo\u201d, se\u00f1al\u00f3.<\/p>\n\n\n\n<p>En la presentaci\u00f3n de estas iniciativas tambi\u00e9n estuvo presente el diputado Jorge San\u00e9n Cervantes. Entre los principales objetivos de la reforma se encuentra garantizar el derecho a la vivienda adecuada, impulsar la vivienda social y mejorar el acceso al agua potable, alcantarillado y saneamiento, especialmente en beneficio de los sectores m\u00e1s vulnerables.<\/p>\n\n\n\n<p>Asimismo, se plantea un nuevo esquema de incentivos y facilidades para promover la construcci\u00f3n y adquisici\u00f3n de vivienda social, as\u00ed como ajustes en tarifas y contribuciones para hacer m\u00e1s accesibles los servicios b\u00e1sicos.<\/p>\n\n\n\n<p>En materia urbana, las reformas buscan fortalecer el ordenamiento territorial, evitando desarrollos en zonas irregulares o con problemas de propiedad, y estableciendo reglas m\u00e1s claras para dar certeza jur\u00eddica a las inversiones y proteger el crecimiento ordenado de las ciudades.<\/p>\n\n\n\n<p>Ren\u00e1n S\u00e1nchez subray\u00f3 que estas acciones tambi\u00e9n permitir\u00e1n que el crecimiento urbano est\u00e9 mejor planeado, priorizando el bienestar de las familias y el acceso a espacios dignos.<\/p>\n\n\n\n<p>\u201cNos da mucho gusto acompa\u00f1ar y apoyar estas acciones de la gobernadora Mara Lezama, porque significan avanzar hacia un estado donde el desarrollo no sea desordenado, sino justo, con oportunidades reales para todas y todos\u201d, afirm\u00f3.<\/p>\n\n\n\n<p>Finalmente, reiter\u00f3 su compromiso desde el Congreso del Estado para analizar, enriquecer y aprobar iniciativas que contribuyan a mejorar la calidad de vida de las y los quintanarroenses.<\/p>\n\n\n\n<figure class=\"wp-block-image size-large\"><img loading=\"lazy\" decoding=\"async\" width=\"1024\" height=\"706\" src=\"http:\/\/vertienteglobal.com\/wp-content\/uploads\/2026\/04\/1001199698-1024x706.jpg\" alt=\"\" class=\"wp-image-256341\" srcset=\"http:\/\/vertienteglobal.com\/wp-content\/uploads\/2026\/04\/1001199698-1024x706.jpg 1024w, http:\/\/vertienteglobal.com\/wp-content\/uploads\/2026\/04\/1001199698-300x207.jpg 300w, http:\/\/vertienteglobal.com\/wp-content\/uploads\/2026\/04\/1001199698-150x103.jpg 150w, http:\/\/vertienteglobal.com\/wp-content\/uploads\/2026\/04\/1001199698-768x529.jpg 768w, http:\/\/vertienteglobal.com\/wp-content\/uploads\/2026\/04\/1001199698-1536x1059.jpg 1536w, http:\/\/vertienteglobal.com\/wp-content\/uploads\/2026\/04\/1001199698.jpg 1600w\" sizes=\"auto, (max-width: 1024px) 100vw, 1024px\" \/><\/figure>\n","protected":false},"excerpt":{"rendered":"<p>(Redacci\u00f3n) La secretar\u00eda de Gobierno Cristina Torres acudi\u00f3 al Congreso del Estado a entregar estas iniciativas. Chetumal, Quintana Roo; a 28 de abril de 2026.- El presidente de la Junta de Gobierno y Coordinaci\u00f3n Pol\u00edtica (JUGOCOPO) de la XVIII Legislatura, diputado Ren\u00e1n S\u00e1nchez Tajonar expres\u00f3 su respaldo a las iniciativas enviadas por la gobernadora Mara [&hellip;]<\/p>\n","protected":false},"author":6,"featured_media":256340,"comment_status":"open","ping_status":"open","sticky":false,"template":"","format":"standard","meta":{"footnotes":""},"categories":[3],"tags":[],"class_list":["post-256339","post","type-post","status-publish","format-standard","has-post-thumbnail","hentry","category-quintana-roo","entry","has-media"],"jetpack_featured_media_url":"http:\/\/vertienteglobal.com\/wp-content\/uploads\/2026\/04\/1001199697.jpg","_links":{"self":[{"href":"http:\/\/vertienteglobal.com\/index.php?rest_route=\/wp\/v2\/posts\/256339","targetHints":{"allow":["GET"]}}],"collection":[{"href":"http:\/\/vertienteglobal.com\/index.php?rest_route=\/wp\/v2\/posts"}],"about":[{"href":"http:\/\/vertienteglobal.com\/index.php?rest_route=\/wp\/v2\/types\/post"}],"author":[{"embeddable":true,"href":"http:\/\/vertienteglobal.com\/index.php?rest_route=\/wp\/v2\/users\/6"}],"replies":[{"embeddable":true,"href":"http:\/\/vertienteglobal.com\/index.php?rest_route=%2Fwp%2Fv2%2Fcomments&post=256339"}],"version-history":[{"count":1,"href":"http:\/\/vertienteglobal.com\/index.php?rest_route=\/wp\/v2\/posts\/256339\/revisions"}],"predecessor-version":[{"id":256342,"href":"http:\/\/vertienteglobal.com\/index.php?rest_route=\/wp\/v2\/posts\/256339\/revisions\/256342"}],"wp:featuredmedia":[{"embeddable":true,"href":"http:\/\/vertienteglobal.com\/index.php?rest_route=\/wp\/v2\/media\/256340"}],"wp:attachment":[{"href":"http:\/\/vertienteglobal.com\/index.php?rest_route=%2Fwp%2Fv2%2Fmedia&parent=256339"}],"wp:term":[{"taxonomy":"category","embeddable":true,"href":"http:\/\/vertienteglobal.com\/index.php?rest_route=%2Fwp%2Fv2%2Fcategories&post=256339"},{"taxonomy":"post_tag","embeddable":true,"href":"http:\/\/vertienteglobal.com\/index.php?rest_route=%2Fwp%2Fv2%2Ftags&post=256339"}],"curies":[{"name":"wp","href":"https:\/\/api.w.org\/{rel}","templated":true}]}}