{"id":256329,"date":"2026-04-28T21:09:00","date_gmt":"2026-04-29T02:09:00","guid":{"rendered":"http:\/\/vertienteglobal.com\/?p=256329"},"modified":"2026-04-28T22:02:17","modified_gmt":"2026-04-29T03:02:17","slug":"la-presidenta-claudia-sheinbaum-anuncia-que-ariadna-montiel-deja-la-secretaria-del-bienestar-llega-lety-ramirez","status":"publish","type":"post","link":"http:\/\/vertienteglobal.com\/?p=256329","title":{"rendered":"La Presidenta Claudia Sheinbaum, anuncia que Ariadna Montiel, deja la Secretar\u00eda del Bienestar, llega Lety Ram\u00edrez"},"content":{"rendered":"\n<div class=\"twitterbutton\" style=\"float: right; padding-left: 5px;\"><a href=\"http:\/\/twitter.com\/share\" class=\"twitter-share-button\" data-count=\"horizontal\" data-text=\"La Presidenta Claudia Sheinbaum, anuncia que Ariadna Montiel, deja la Secretar\u00ed...\" data-via=\"https:\/\/twitter.com\/VertienteGloba1\" data-url=\"http:\/\/vertienteglobal.com\/?p=256329\" data-lang=\"es\" data-related=\"Informaci\u00f3n general:S\u00edguenos para que est\u00e9ss informado\"><\/a><\/div>\n<figure class=\"wp-block-image size-large\"><img loading=\"lazy\" decoding=\"async\" width=\"1024\" height=\"576\" src=\"http:\/\/vertienteglobal.com\/wp-content\/uploads\/2026\/04\/1001199491-1024x576.jpg\" alt=\"\" class=\"wp-image-256330\" srcset=\"http:\/\/vertienteglobal.com\/wp-content\/uploads\/2026\/04\/1001199491-1024x576.jpg 1024w, http:\/\/vertienteglobal.com\/wp-content\/uploads\/2026\/04\/1001199491-300x169.jpg 300w, http:\/\/vertienteglobal.com\/wp-content\/uploads\/2026\/04\/1001199491-150x84.jpg 150w, http:\/\/vertienteglobal.com\/wp-content\/uploads\/2026\/04\/1001199491-768x432.jpg 768w, http:\/\/vertienteglobal.com\/wp-content\/uploads\/2026\/04\/1001199491.jpg 1280w\" sizes=\"auto, (max-width: 1024px) 100vw, 1024px\" \/><\/figure>\n\n\n\n<p>(Antonio Rivera)<\/p>\n\n\n\n<p>Ariadna Montiel Reyes deja la secretar\u00eda del Bienestar, inform\u00f3 la Presidenta<\/p>\n\n\n\n<p>\u00abPresent\u00e9 mi renuncia con la intenci\u00f3n de participar en la elecci\u00f3n de la Presidencia Nacional de Morena\u00bb, anunci\u00f3 Ariadna Reyes<\/p>\n\n\n\n<p>Ciudad de M\u00e9xico 28 de abril de 2026.- La Presidenta de M\u00e9xico, Claudia Sheinbaum Pardo. Di\u00f3 a conocer que Ariadna Montiel Reyes deja la secretar\u00eda del Bienestar.<\/p>\n\n\n\n<p>Y es que a trav\u00e9s de un v\u00eddeo en sus redes sociales, la Mandataria mexicana, acompa\u00f1ada de todos los delegados de la secretar\u00eda del Bienestar, inform\u00f3 que Ariadna Montiel deja la dependencia.<\/p>\n\n\n\n<p>Dijo: \u00abEl d\u00eda de hoy Ariadna me ha dicho que deja la secretar\u00eda del Bienestar porque quiere avanzar en otras tareas en el movimiento al que pertenecemos todas y todos\u00bb.<\/p>\n\n\n\n<p>Asimismo, indic\u00f3 que en su lugar llega Lety Ram\u00edrez, quien fue secretaria de Educaci\u00f3n durante el gobierno de Andr\u00e9s Manuel L\u00f3pez Obrador, quien asume el cargo a partir de ma\u00f1ana 29 de abril.<\/p>\n\n\n\n<p>Sheinbaum Pardo, le dese\u00f3 a Ariadna la \u00abmejor de las suertes\u00bb, mientras la exsecretaria le agradeci\u00f3 la confianza. Lo mismo hizo con Lety Ram\u00edrez.<\/p>\n\n\n\n<p>Por \u00faltimo, la presidenta recalc\u00f3 que los programas est\u00e1n en la Constituci\u00f3n, y nadie puede quitar ese derecho.<\/p>\n\n\n\n<p>De igual forma, Ariadna Montiel, anuncio que present\u00f3 su renuncia porque tiene la intenci\u00f3n de participar en la elecci\u00f3n de la Presidencia Nacional de Morena.<\/p>\n\n\n\n<p>En su cuenta de X Montiel Reyes, escribi\u00f3: \u00abMe siento muy orgullosa de formar parte de la Cuarta Transformaci\u00f3n y de contribuir a que el bienestar sea un derecho para el pueblo de M\u00e9xico\u00bb.<\/p>\n\n\n\n<p>En otro p\u00e1rrafo expreso: \u00abLes comparto que hoy present\u00e9 mi renuncia a la presidenta Claudia Sheinbaum Pardo, con la intenci\u00f3n de participar en la elecci\u00f3n de la Presidencia Nacional de Morena. Nos mueven los principios del Humanismo Mexicano y la convicci\u00f3n de seguir organiz\u00e1ndonos para que la transformaci\u00f3n contin\u00fae\u00bb.<\/p>\n\n\n\n<p>Agreg\u00f3: \u00abCon gratitud por la confianza del Lic. @lopezobrador_ y de la primera mujer presidenta, cierro esta etapa con la satisfacci\u00f3n del deber cumplido.<\/p>\n\n\n\n<p>\u00bfQui\u00e9n es Ariadna Montiel Reyes?<\/p>\n\n\n\n<p>Ariadna Montiel Reyes cuenta con una trayectoria de m\u00e1s de dos d\u00e9cadas en el servicio p\u00fablico que la llev\u00f3, cargo a cargo, desde la estructura del PRD capitalino hasta convertirse en la funcionaria que m\u00e1s tiempo se mantuvo al frente de la Secretar\u00eda de Bienestar en los gobiernos de Andr\u00e9s Manuel L\u00f3pez Obrador y Claudia Sheinbaum.<\/p>\n\n\n\n<figure class=\"wp-block-embed is-type-rich is-provider-twitter wp-block-embed-twitter\"><div class=\"wp-block-embed__wrapper\">\n<div class=\"oceanwp-oembed-wrap clr\"><div class=\"embed-twitter\"><blockquote class=\"twitter-tweet\" data-width=\"550\" data-dnt=\"true\"><p lang=\"es\" dir=\"ltr\">Me siento muy orgullosa de formar parte de la Cuarta Transformaci\u00f3n y de contribuir a que el bienestar sea un derecho para el pueblo de M\u00e9xico.<br><br>Les comparto que hoy present\u00e9 mi renuncia a la presidenta <a href=\"https:\/\/twitter.com\/Claudiashein?ref_src=twsrc%5Etfw\">@Claudiashein<\/a>, con la intenci\u00f3n de participar en la elecci\u00f3n de la\u2026 <a href=\"https:\/\/t.co\/cCziFhJcHx\">https:\/\/t.co\/cCziFhJcHx<\/a><\/p>&mdash; Ariadna Montiel Reyes (@A_MontielR) <a href=\"https:\/\/twitter.com\/A_MontielR\/status\/2049308074561683637?ref_src=twsrc%5Etfw\">April 29, 2026<\/a><\/blockquote><script async src=\"https:\/\/platform.twitter.com\/widgets.js\" charset=\"utf-8\"><\/script><\/div><\/div>\n<\/div><\/figure>\n","protected":false},"excerpt":{"rendered":"<p>(Antonio Rivera) Ariadna Montiel Reyes deja la secretar\u00eda del Bienestar, inform\u00f3 la Presidenta \u00abPresent\u00e9 mi renuncia con la intenci\u00f3n de participar en la elecci\u00f3n de la Presidencia Nacional de Morena\u00bb, anunci\u00f3 Ariadna Reyes Ciudad de M\u00e9xico 28 de abril de 2026.- La Presidenta de M\u00e9xico, Claudia Sheinbaum Pardo. Di\u00f3 a conocer que Ariadna Montiel Reyes [&hellip;]<\/p>\n","protected":false},"author":6,"featured_media":256331,"comment_status":"open","ping_status":"open","sticky":false,"template":"","format":"standard","meta":{"footnotes":""},"categories":[8],"tags":[],"class_list":["post-256329","post","type-post","status-publish","format-standard","has-post-thumbnail","hentry","category-pais","entry","has-media"],"jetpack_featured_media_url":"http:\/\/vertienteglobal.com\/wp-content\/uploads\/2026\/04\/285925xeva20260428202809.webp","_links":{"self":[{"href":"http:\/\/vertienteglobal.com\/index.php?rest_route=\/wp\/v2\/posts\/256329","targetHints":{"allow":["GET"]}}],"collection":[{"href":"http:\/\/vertienteglobal.com\/index.php?rest_route=\/wp\/v2\/posts"}],"about":[{"href":"http:\/\/vertienteglobal.com\/index.php?rest_route=\/wp\/v2\/types\/post"}],"author":[{"embeddable":true,"href":"http:\/\/vertienteglobal.com\/index.php?rest_route=\/wp\/v2\/users\/6"}],"replies":[{"embeddable":true,"href":"http:\/\/vertienteglobal.com\/index.php?rest_route=%2Fwp%2Fv2%2Fcomments&post=256329"}],"version-history":[{"count":3,"href":"http:\/\/vertienteglobal.com\/index.php?rest_route=\/wp\/v2\/posts\/256329\/revisions"}],"predecessor-version":[{"id":256334,"href":"http:\/\/vertienteglobal.com\/index.php?rest_route=\/wp\/v2\/posts\/256329\/revisions\/256334"}],"wp:featuredmedia":[{"embeddable":true,"href":"http:\/\/vertienteglobal.com\/index.php?rest_route=\/wp\/v2\/media\/256331"}],"wp:attachment":[{"href":"http:\/\/vertienteglobal.com\/index.php?rest_route=%2Fwp%2Fv2%2Fmedia&parent=256329"}],"wp:term":[{"taxonomy":"category","embeddable":true,"href":"http:\/\/vertienteglobal.com\/index.php?rest_route=%2Fwp%2Fv2%2Fcategories&post=256329"},{"taxonomy":"post_tag","embeddable":true,"href":"http:\/\/vertienteglobal.com\/index.php?rest_route=%2Fwp%2Fv2%2Ftags&post=256329"}],"curies":[{"name":"wp","href":"https:\/\/api.w.org\/{rel}","templated":true}]}}