{"id":256320,"date":"2026-04-27T21:56:00","date_gmt":"2026-04-28T02:56:00","guid":{"rendered":"http:\/\/vertienteglobal.com\/?p=256320"},"modified":"2026-04-28T21:29:17","modified_gmt":"2026-04-29T02:29:17","slug":"la-presidenta-claudia-sheinbaum-pardo-confirma-la-salida-de-esteban-moctezuma-como-embajador-de-eeuu-pero-sigue-en-gabinete","status":"publish","type":"post","link":"http:\/\/vertienteglobal.com\/?p=256320","title":{"rendered":"La Presidenta Claudia Sheinbaum Pardo, confirma la salida de Esteban Moctezuma como embajador de EEUU pero &#8216;sigue en gabinete&#8217;"},"content":{"rendered":"\n<div class=\"twitterbutton\" style=\"float: right; padding-left: 5px;\"><a href=\"http:\/\/twitter.com\/share\" class=\"twitter-share-button\" data-count=\"horizontal\" data-text=\"La Presidenta Claudia Sheinbaum Pardo, confirma la salida de Esteban Moctezuma c...\" data-via=\"https:\/\/twitter.com\/VertienteGloba1\" data-url=\"http:\/\/vertienteglobal.com\/?p=256320\" data-lang=\"es\" data-related=\"Informaci\u00f3n general:S\u00edguenos para que est\u00e9ss informado\"><\/a><\/div>\n<figure class=\"wp-block-image size-full\"><img loading=\"lazy\" decoding=\"async\" width=\"1024\" height=\"578\" src=\"http:\/\/vertienteglobal.com\/wp-content\/uploads\/2026\/04\/1001199387.webp\" alt=\"\" class=\"wp-image-256321\" srcset=\"http:\/\/vertienteglobal.com\/wp-content\/uploads\/2026\/04\/1001199387.webp 1024w, http:\/\/vertienteglobal.com\/wp-content\/uploads\/2026\/04\/1001199387-300x169.webp 300w, http:\/\/vertienteglobal.com\/wp-content\/uploads\/2026\/04\/1001199387-150x85.webp 150w, http:\/\/vertienteglobal.com\/wp-content\/uploads\/2026\/04\/1001199387-768x434.webp 768w\" sizes=\"auto, (max-width: 1024px) 100vw, 1024px\" \/><\/figure>\n\n\n\n<p>(Redacci\u00f3n)<\/p>\n\n\n\n<p>Esteban Moctezuma Barrag\u00e1n es un pol\u00edtico, economista y diplom\u00e1tico mexicano que se desempe\u00f1\u00f3 como Embajador de M\u00e9xico en Estados Unidos desde febrero de 2021 hasta abril de 2026.<\/p>\n\n\n\n<p>Ciudad de M\u00e9xico a 27 deabril 2026.-La presidenta Claudia Sheinbaum confirm\u00f3 que Esteban Moctezuma continuar\u00e1 en su gabinete tras dejar la Embajada de M\u00e9xico en Estados Unidos.<\/p>\n\n\n\n<p>Y es UE a trav\u00e9s de una grabaci\u00f3n captada en su oficina, acompa\u00f1ada por el canciller Roberto Velasco, y el propio Moctezuma, la mandataria no revel\u00f3 el cargo que ocupar\u00e1 este \u00faltimo.<\/p>\n\n\n\n<p>Dijo: \u00abEsteban nos va a seguir ayudando, afortunadamente. Estoy muy contenta porque va a seguirnos ayudando y ya muy pronto les vamos a informar\u2026 Esteban ha hecho un extraordinario trabajo al frente de la embajada. Nos ha ayudado much\u00edsimo, ha representado a M\u00e9xico con mucha dignidad y mucha fortaleza en momentos muy dif\u00edciles\u2026 Fue trabajo de Esteban el que se haya reducido tanto este impuesto. Gracias a Esteban se logr\u00f3 esta disminuci\u00f3n muy, muy importante\u00bb.<\/p>\n\n\n\n<p>\u00bfQui\u00e9n es Esteban Moctezuma?<\/p>\n\n\n\n<p>Esteban Moctezuma Barrag\u00e1n es un pol\u00edtico, economista y diplom\u00e1tico mexicano que se desempe\u00f1\u00f3 como Embajador de M\u00e9xico en Estados Unidos desde febrero de 2021 hasta abril de 2026.<\/p>\n\n\n\n<p>A lo largo de su trayectoria, ha ocupado cargos de alto nivel en distintas administraciones:<\/p>\n\n\n\n<p>Secretario de Educaci\u00f3n P\u00fablica (2018-2021) bajo la presidencia de Andr\u00e9s Manuel L\u00f3pez Obrador.<\/p>\n\n\n\n<p>Secretario de Desarrollo Social (1998-1999) y Secretario de Gobernaci\u00f3n (1994-1995) durante el sexenio de Ernesto Zedillo.<\/p>\n\n\n\n<p>Poder Legislativo: Fue Senador de la Rep\u00fablica entre 1997 y 1998.<\/p>\n\n\n\n<p>Tras alejarse de la pol\u00edtica por un periodo, presidi\u00f3 la Fundaci\u00f3n Azteca de 2002 a 2018, donde impuls\u00f3 proyectos sociales y culturales como las Orquestas Esperanza Azteca.(XEU)<\/p>\n\n\n\n<figure class=\"wp-block-embed is-type-rich is-provider-twitter wp-block-embed-twitter\"><div class=\"wp-block-embed__wrapper\">\n<div class=\"oceanwp-oembed-wrap clr\"><div class=\"embed-twitter\"><blockquote class=\"twitter-tweet\" data-width=\"550\" data-dnt=\"true\"><p lang=\"es\" dir=\"ltr\">Platicando con el embajador Esteban Moctezuma y Roberto Velasco, secretario de Relaciones Exteriores. Les comparto la charla. <a href=\"https:\/\/t.co\/rGyj1Z5CSE\">pic.twitter.com\/rGyj1Z5CSE<\/a><\/p>&mdash; Claudia Sheinbaum Pardo (@Claudiashein) <a href=\"https:\/\/twitter.com\/Claudiashein\/status\/2048949440812073394?ref_src=twsrc%5Etfw\">April 28, 2026<\/a><\/blockquote><script async src=\"https:\/\/platform.twitter.com\/widgets.js\" charset=\"utf-8\"><\/script><\/div><\/div>\n<\/div><\/figure>\n","protected":false},"excerpt":{"rendered":"<p>(Redacci\u00f3n) Esteban Moctezuma Barrag\u00e1n es un pol\u00edtico, economista y diplom\u00e1tico mexicano que se desempe\u00f1\u00f3 como Embajador de M\u00e9xico en Estados Unidos desde febrero de 2021 hasta abril de 2026. Ciudad de M\u00e9xico a 27 deabril 2026.-La presidenta Claudia Sheinbaum confirm\u00f3 que Esteban Moctezuma continuar\u00e1 en su gabinete tras dejar la Embajada de M\u00e9xico en Estados [&hellip;]<\/p>\n","protected":false},"author":6,"featured_media":256321,"comment_status":"open","ping_status":"open","sticky":false,"template":"","format":"standard","meta":{"footnotes":""},"categories":[8],"tags":[],"class_list":["post-256320","post","type-post","status-publish","format-standard","has-post-thumbnail","hentry","category-pais","entry","has-media"],"jetpack_featured_media_url":"http:\/\/vertienteglobal.com\/wp-content\/uploads\/2026\/04\/1001199387.webp","_links":{"self":[{"href":"http:\/\/vertienteglobal.com\/index.php?rest_route=\/wp\/v2\/posts\/256320","targetHints":{"allow":["GET"]}}],"collection":[{"href":"http:\/\/vertienteglobal.com\/index.php?rest_route=\/wp\/v2\/posts"}],"about":[{"href":"http:\/\/vertienteglobal.com\/index.php?rest_route=\/wp\/v2\/types\/post"}],"author":[{"embeddable":true,"href":"http:\/\/vertienteglobal.com\/index.php?rest_route=\/wp\/v2\/users\/6"}],"replies":[{"embeddable":true,"href":"http:\/\/vertienteglobal.com\/index.php?rest_route=%2Fwp%2Fv2%2Fcomments&post=256320"}],"version-history":[{"count":1,"href":"http:\/\/vertienteglobal.com\/index.php?rest_route=\/wp\/v2\/posts\/256320\/revisions"}],"predecessor-version":[{"id":256322,"href":"http:\/\/vertienteglobal.com\/index.php?rest_route=\/wp\/v2\/posts\/256320\/revisions\/256322"}],"wp:featuredmedia":[{"embeddable":true,"href":"http:\/\/vertienteglobal.com\/index.php?rest_route=\/wp\/v2\/media\/256321"}],"wp:attachment":[{"href":"http:\/\/vertienteglobal.com\/index.php?rest_route=%2Fwp%2Fv2%2Fmedia&parent=256320"}],"wp:term":[{"taxonomy":"category","embeddable":true,"href":"http:\/\/vertienteglobal.com\/index.php?rest_route=%2Fwp%2Fv2%2Fcategories&post=256320"},{"taxonomy":"post_tag","embeddable":true,"href":"http:\/\/vertienteglobal.com\/index.php?rest_route=%2Fwp%2Fv2%2Ftags&post=256320"}],"curies":[{"name":"wp","href":"https:\/\/api.w.org\/{rel}","templated":true}]}}