{"id":256312,"date":"2026-04-27T21:09:00","date_gmt":"2026-04-28T02:09:00","guid":{"rendered":"http:\/\/vertienteglobal.com\/?p=256312"},"modified":"2026-04-28T11:59:48","modified_gmt":"2026-04-28T16:59:48","slug":"mundialito-inclusivo-2026-promovera-la-integracion-a-traves-del-deporte","status":"publish","type":"post","link":"http:\/\/vertienteglobal.com\/?p=256312","title":{"rendered":"Mundialito Inclusivo 2026 promover\u00e1 la integraci\u00f3n a trav\u00e9s del deporte"},"content":{"rendered":"\n<div class=\"twitterbutton\" style=\"float: right; padding-left: 5px;\"><a href=\"http:\/\/twitter.com\/share\" class=\"twitter-share-button\" data-count=\"horizontal\" data-text=\"Mundialito Inclusivo 2026 promover\u00e1 la integraci\u00f3n a trav\u00e9s del deporte\" data-via=\"https:\/\/twitter.com\/VertienteGloba1\" data-url=\"http:\/\/vertienteglobal.com\/?p=256312\" data-lang=\"es\" data-related=\"Informaci\u00f3n general:S\u00edguenos para que est\u00e9ss informado\"><\/a><\/div>\n<figure class=\"wp-block-image size-large\"><img loading=\"lazy\" decoding=\"async\" width=\"1024\" height=\"682\" src=\"http:\/\/vertienteglobal.com\/wp-content\/uploads\/2026\/04\/1001197593-1024x682.jpg\" alt=\"\" class=\"wp-image-256313\" srcset=\"http:\/\/vertienteglobal.com\/wp-content\/uploads\/2026\/04\/1001197593-1024x682.jpg 1024w, http:\/\/vertienteglobal.com\/wp-content\/uploads\/2026\/04\/1001197593-300x200.jpg 300w, http:\/\/vertienteglobal.com\/wp-content\/uploads\/2026\/04\/1001197593-150x100.jpg 150w, http:\/\/vertienteglobal.com\/wp-content\/uploads\/2026\/04\/1001197593-768x512.jpg 768w, http:\/\/vertienteglobal.com\/wp-content\/uploads\/2026\/04\/1001197593-1536x1024.jpg 1536w, http:\/\/vertienteglobal.com\/wp-content\/uploads\/2026\/04\/1001197593-2048x1365.jpg 2048w\" sizes=\"auto, (max-width: 1024px) 100vw, 1024px\" \/><\/figure>\n\n\n\n<p>(Redacci\u00f3n)<\/p>\n\n\n\n<p><em>Equipos integrados por ni\u00f1as, ni\u00f1os y personas con y sin discapacidad participar\u00e1n en la iniciativa impulsada por la Junta de Asistencia Privada del Estado que promueve convivencia, empat\u00eda y juego limpio.<\/em><\/p>\n\n\n\n<p>La participaci\u00f3n de 37 instituciones de asistencia privada y ocho equipos integrados por ni\u00f1as, ni\u00f1os y personas con y sin discapacidad dar\u00e1 vida al Mundialito Inclusivo 2026, iniciativa que promueve la Junta de Asistencia Privada del Estado de Yucat\u00e1n (Japey) para fortalecer la convivencia, la integraci\u00f3n y la cohesi\u00f3n social.<\/p>\n\n\n\n<p>El proyecto se desarrolla en coordinaci\u00f3n con la asociaci\u00f3n Educando a Trav\u00e9s del Bal\u00f3n, como un ejercicio de articulaci\u00f3n entre instituciones, comunidad y sociedad civil, con el objetivo de promover una participaci\u00f3n significativa de jugadoras, jugadores y comunidades, fortaleciendo no solo la seguridad f\u00edsica, sino tambi\u00e9n el bienestar emocional, bajo principios como el respeto, la empat\u00eda y el juego limpio.<\/p>\n\n\n\n<p>En conferencia de prensa, la directora general de la Japey, Alejandrina Le\u00f3n Torres, detall\u00f3 que el Mundialito Inclusivo 2026 abre la cancha para todas y todos, al promover la experiencia compartida, el respeto y la participaci\u00f3n colectiva.<\/p>\n\n\n\n<p>\u201cEl verdadero valor del deporte no radica \u00fanicamente en la competencia, sino en su capacidad de unir, reconstruir el tejido social y generar oportunidades\u201d, sostuvo.<\/p>\n\n\n\n<p>Esta iniciativa forma parte de la visi\u00f3n de bienestar con sentido humano que impulsa el Gobernador Joaqu\u00edn D\u00edaz Mena, en la que la inclusi\u00f3n y la participaci\u00f3n social son pilares para construir espacios m\u00e1s solidarios y colaborativos.<\/p>\n\n\n\n<p>Le\u00f3n Torres se\u00f1al\u00f3 que el Mundialito Inclusivo 2026 no es solo un encuentro deportivo, sino una estrategia social que promueve espacios reales de convivencia, respeto, empat\u00eda y trabajo en equipo.<\/p>\n\n\n\n<p>El evento se llevar\u00e1 a cabo el domingo 31 de mayo, a partir de las nueve de la ma\u00f1ana, en el Complejo Deportivo La Inal\u00e1mbrica, con la participaci\u00f3n de ni\u00f1as y ni\u00f1os de entre siete y 15 a\u00f1os, as\u00ed como personas con y sin discapacidad, quienes integrar\u00e1n equipos inclusivos.<\/p>\n\n\n\n<p>En la conferencia de prensa se cont\u00f3 con la presencia de invitados especiales del \u00e1mbito deportivo y social, entre ellos los futbolistas Freddy Mart\u00edn, Luis Acu\u00f1a y Mar\u00eda Jos\u00e9 Galeazzi Escalante, as\u00ed como el excampe\u00f3n mundial de boxeo Gustavo \u201cGuty\u201d Espadas Espinoza, quienes respaldaron esta iniciativa como un esfuerzo que trasciende lo deportivo y genera impacto social.<\/p>\n\n\n\n<figure class=\"wp-block-image size-large\"><img loading=\"lazy\" decoding=\"async\" width=\"1024\" height=\"682\" src=\"http:\/\/vertienteglobal.com\/wp-content\/uploads\/2026\/04\/1001197594-1024x682.jpg\" alt=\"\" class=\"wp-image-256314\" srcset=\"http:\/\/vertienteglobal.com\/wp-content\/uploads\/2026\/04\/1001197594-1024x682.jpg 1024w, http:\/\/vertienteglobal.com\/wp-content\/uploads\/2026\/04\/1001197594-300x200.jpg 300w, http:\/\/vertienteglobal.com\/wp-content\/uploads\/2026\/04\/1001197594-150x100.jpg 150w, http:\/\/vertienteglobal.com\/wp-content\/uploads\/2026\/04\/1001197594-768x512.jpg 768w, http:\/\/vertienteglobal.com\/wp-content\/uploads\/2026\/04\/1001197594-1536x1024.jpg 1536w, http:\/\/vertienteglobal.com\/wp-content\/uploads\/2026\/04\/1001197594-2048x1365.jpg 2048w\" sizes=\"auto, (max-width: 1024px) 100vw, 1024px\" \/><\/figure>\n\n\n\n<figure class=\"wp-block-image size-large\"><img loading=\"lazy\" decoding=\"async\" width=\"1024\" height=\"682\" src=\"http:\/\/vertienteglobal.com\/wp-content\/uploads\/2026\/04\/1001197596-1024x682.jpg\" alt=\"\" class=\"wp-image-256315\" srcset=\"http:\/\/vertienteglobal.com\/wp-content\/uploads\/2026\/04\/1001197596-1024x682.jpg 1024w, http:\/\/vertienteglobal.com\/wp-content\/uploads\/2026\/04\/1001197596-300x200.jpg 300w, http:\/\/vertienteglobal.com\/wp-content\/uploads\/2026\/04\/1001197596-150x100.jpg 150w, http:\/\/vertienteglobal.com\/wp-content\/uploads\/2026\/04\/1001197596-768x512.jpg 768w, http:\/\/vertienteglobal.com\/wp-content\/uploads\/2026\/04\/1001197596-1536x1024.jpg 1536w, http:\/\/vertienteglobal.com\/wp-content\/uploads\/2026\/04\/1001197596-2048x1365.jpg 2048w\" sizes=\"auto, (max-width: 1024px) 100vw, 1024px\" \/><\/figure>\n\n\n\n<figure class=\"wp-block-image size-large\"><img loading=\"lazy\" decoding=\"async\" width=\"1024\" height=\"682\" src=\"http:\/\/vertienteglobal.com\/wp-content\/uploads\/2026\/04\/1001197595-1024x682.jpg\" alt=\"\" class=\"wp-image-256316\" srcset=\"http:\/\/vertienteglobal.com\/wp-content\/uploads\/2026\/04\/1001197595-1024x682.jpg 1024w, http:\/\/vertienteglobal.com\/wp-content\/uploads\/2026\/04\/1001197595-300x200.jpg 300w, http:\/\/vertienteglobal.com\/wp-content\/uploads\/2026\/04\/1001197595-150x100.jpg 150w, http:\/\/vertienteglobal.com\/wp-content\/uploads\/2026\/04\/1001197595-768x512.jpg 768w, http:\/\/vertienteglobal.com\/wp-content\/uploads\/2026\/04\/1001197595-1536x1024.jpg 1536w, http:\/\/vertienteglobal.com\/wp-content\/uploads\/2026\/04\/1001197595-2048x1365.jpg 2048w\" sizes=\"auto, (max-width: 1024px) 100vw, 1024px\" \/><\/figure>\n","protected":false},"excerpt":{"rendered":"<p>(Redacci\u00f3n) Equipos integrados por ni\u00f1as, ni\u00f1os y personas con y sin discapacidad participar\u00e1n en la iniciativa impulsada por la Junta de Asistencia Privada del Estado que promueve convivencia, empat\u00eda y juego limpio. La participaci\u00f3n de 37 instituciones de asistencia privada y ocho equipos integrados por ni\u00f1as, ni\u00f1os y personas con y sin discapacidad dar\u00e1 vida [&hellip;]<\/p>\n","protected":false},"author":6,"featured_media":256313,"comment_status":"open","ping_status":"open","sticky":false,"template":"","format":"standard","meta":{"footnotes":""},"categories":[11,2],"tags":[],"class_list":["post-256312","post","type-post","status-publish","format-standard","has-post-thumbnail","hentry","category-deportes","category-yucatan","entry","has-media"],"jetpack_featured_media_url":"http:\/\/vertienteglobal.com\/wp-content\/uploads\/2026\/04\/1001197593.jpg","_links":{"self":[{"href":"http:\/\/vertienteglobal.com\/index.php?rest_route=\/wp\/v2\/posts\/256312","targetHints":{"allow":["GET"]}}],"collection":[{"href":"http:\/\/vertienteglobal.com\/index.php?rest_route=\/wp\/v2\/posts"}],"about":[{"href":"http:\/\/vertienteglobal.com\/index.php?rest_route=\/wp\/v2\/types\/post"}],"author":[{"embeddable":true,"href":"http:\/\/vertienteglobal.com\/index.php?rest_route=\/wp\/v2\/users\/6"}],"replies":[{"embeddable":true,"href":"http:\/\/vertienteglobal.com\/index.php?rest_route=%2Fwp%2Fv2%2Fcomments&post=256312"}],"version-history":[{"count":1,"href":"http:\/\/vertienteglobal.com\/index.php?rest_route=\/wp\/v2\/posts\/256312\/revisions"}],"predecessor-version":[{"id":256317,"href":"http:\/\/vertienteglobal.com\/index.php?rest_route=\/wp\/v2\/posts\/256312\/revisions\/256317"}],"wp:featuredmedia":[{"embeddable":true,"href":"http:\/\/vertienteglobal.com\/index.php?rest_route=\/wp\/v2\/media\/256313"}],"wp:attachment":[{"href":"http:\/\/vertienteglobal.com\/index.php?rest_route=%2Fwp%2Fv2%2Fmedia&parent=256312"}],"wp:term":[{"taxonomy":"category","embeddable":true,"href":"http:\/\/vertienteglobal.com\/index.php?rest_route=%2Fwp%2Fv2%2Fcategories&post=256312"},{"taxonomy":"post_tag","embeddable":true,"href":"http:\/\/vertienteglobal.com\/index.php?rest_route=%2Fwp%2Fv2%2Ftags&post=256312"}],"curies":[{"name":"wp","href":"https:\/\/api.w.org\/{rel}","templated":true}]}}