{"id":256298,"date":"2026-04-27T14:54:00","date_gmt":"2026-04-27T19:54:00","guid":{"rendered":"http:\/\/vertienteglobal.com\/?p=256298"},"modified":"2026-04-28T10:58:26","modified_gmt":"2026-04-28T15:58:26","slug":"amplia-renacimiento-maya-infraestructura-escolar-y-urbana-en-uman-con-nuevas-obras","status":"publish","type":"post","link":"http:\/\/vertienteglobal.com\/?p=256298","title":{"rendered":"Ampl\u00eda Renacimiento Maya infraestructura escolar y urbana en Um\u00e1n con nuevas obras"},"content":{"rendered":"\n<div class=\"twitterbutton\" style=\"float: right; padding-left: 5px;\"><a href=\"http:\/\/twitter.com\/share\" class=\"twitter-share-button\" data-count=\"horizontal\" data-text=\"Ampl\u00eda Renacimiento Maya infraestructura escolar y urbana en Um\u00e1n con nuevas o...\" data-via=\"https:\/\/twitter.com\/VertienteGloba1\" data-url=\"http:\/\/vertienteglobal.com\/?p=256298\" data-lang=\"es\" data-related=\"Informaci\u00f3n general:S\u00edguenos para que est\u00e9ss informado\"><\/a><\/div>\n<figure class=\"wp-block-image size-large\"><img loading=\"lazy\" decoding=\"async\" width=\"1024\" height=\"683\" src=\"http:\/\/vertienteglobal.com\/wp-content\/uploads\/2026\/04\/1001197364-1024x683.jpg\" alt=\"\" class=\"wp-image-256299\" srcset=\"http:\/\/vertienteglobal.com\/wp-content\/uploads\/2026\/04\/1001197364-1024x683.jpg 1024w, http:\/\/vertienteglobal.com\/wp-content\/uploads\/2026\/04\/1001197364-300x200.jpg 300w, http:\/\/vertienteglobal.com\/wp-content\/uploads\/2026\/04\/1001197364-150x100.jpg 150w, http:\/\/vertienteglobal.com\/wp-content\/uploads\/2026\/04\/1001197364-768x512.jpg 768w, http:\/\/vertienteglobal.com\/wp-content\/uploads\/2026\/04\/1001197364-1536x1024.jpg 1536w, http:\/\/vertienteglobal.com\/wp-content\/uploads\/2026\/04\/1001197364-2048x1366.jpg 2048w\" sizes=\"auto, (max-width: 1024px) 100vw, 1024px\" \/><\/figure>\n\n\n\n<p>(Redacci\u00f3n)<\/p>\n\n\n\n<p><em>Adem\u00e1s de los nuevos espacios educativos, el Gobierno del Estado inici\u00f3 la mejora de calles y banquetas en la zona de acceso a Itzincab<\/em><\/p>\n\n\n\n<p>Um\u00e1n, Yucat\u00e1n, a 27 de abril de 2026.-El Gobernador Joaqu\u00edn D\u00edaz Mena entreg\u00f3 cinco aulas did\u00e1cticas y equipamiento en escuelas de Um\u00e1n, para que ni\u00f1as, ni\u00f1os y j\u00f3venes del municipio cuenten con espacios adecuados para continuar su formaci\u00f3n.<br>\u00a0<br>En la primaria \u201cTierra y Libertad\u201d, el Gobernador inaugur\u00f3 dos aulas did\u00e1cticas con mobiliario, como parte de las acciones del Renacimiento Maya para mejorar las condiciones de los planteles educativos en Yucat\u00e1n.<br>\u00a0<br>En respuesta a las solicitudes de la comunidad escolar, inform\u00f3 que tambi\u00e9n se pintar\u00e1n las instalaciones de la primaria y se concluir\u00e1 la construcci\u00f3n de los m\u00f3dulos de sanitarios que permanecen inconclusos.<br>\u00a0<br>Posteriormente, el titular del Ejecutivo estatal acudi\u00f3 a la Escuela Secundaria T\u00e9cnica 73, donde entreg\u00f3 tres salones did\u00e1cticos y el equipamiento necesario para su funcionamiento, con una inversi\u00f3n de dos millones y medio de pesos.<br>\u00a0<br>En este plantel, D\u00edaz Mena dio el banderazo de inicio a la construcci\u00f3n de cuatro mil metros cuadrados de la avenida donde se ubica la secundaria, que tambi\u00e9n sirve como entrada a la comunidad de Itzincab. La obra permitir\u00e1 que estudiantes y vecinos de la zona cuenten con banquetas y calles en buen estado, iluminadas y se\u00f1alizadas, para mejorar la movilidad y el acceso al plantel.<br>\u00a0<br>Durante su mensaje, el Gobernador reiter\u00f3 el compromiso de su administraci\u00f3n con la educaci\u00f3n en Yucat\u00e1n y llam\u00f3 a las y los estudiantes beneficiados a aprovechar estas obras, prepararse para un mejor futuro y no rendirse ante los retos.<br>\u00a0<br>Indic\u00f3 que su Gobierno invierte m\u00e1s de 500 millones de pesos para atender planteles educativos en todo el estado, con el respaldo de la Presidenta Claudia Sheinbaum Pardo, quien destina recursos para las familias yucatecas.<br>\u00a0<br>Tambi\u00e9n inform\u00f3 que, como parte del apoyo al municipio de Um\u00e1n, se construir\u00e1 una cancha de Fut7 en la entrada del fraccionamiento Piedra de Agua. Adem\u00e1s, el municipio contar\u00e1 con uno de los Centros Pilares Renacimiento que se construir\u00e1n en el estado.<br>\u00a0<br>Estos centros, detall\u00f3 el Gobernador, ser\u00e1n espacios destinados a ofrecer actividades deportivas, art\u00edsticas y culturales a la comunidad, como parte de las acciones para fortalecer la convivencia y el desarrollo social.<br>\u00a0<br>Por su parte, la alcaldesa de Um\u00e1n, Kenia Walldina Sauri Maradiaga, agradeci\u00f3 al Gobernador por estas obras, al se\u00f1alar que fortalecen la educaci\u00f3n en el municipio y ofrecen mejores condiciones para el aprendizaje.<br>\u00a0<br>\u201cEsto env\u00eda el mensaje claro de que la educaci\u00f3n en Yucat\u00e1n es prioridad y que, cuando se trabaja en equipo, los resultados llegan\u201d, afirm\u00f3, al resaltar que el Gobierno del Renacimiento Maya tiene presente a Um\u00e1n y a su gente.<br>\u00a0<br>En representaci\u00f3n del alumnado, la presidenta de la sociedad de alumnos de la Secundaria T\u00e9cnica 73, M\u00eda Isabela Chabl\u00e9 Mukul, se\u00f1al\u00f3 que esta obra representa una mejora en la infraestructura y un compromiso con el futuro de las y los estudiantes.<br>\u00a0<br>Agreg\u00f3 que contar con espacios adecuados es fundamental para que ella y sus compa\u00f1eras y compa\u00f1eros puedan alcanzar su m\u00e1ximo potencial acad\u00e9mico.<br>\u00a0<br>Acompa\u00f1aron al Gobernador la secretaria de Infraestructura para el Bienestar, Alaine L\u00f3pez Brice\u00f1o; el presidente de la Mesa Directiva del Congreso del Estado, Germ\u00e1n Quintal Medina; la titular de la Oficina de Enlace Educativo de la SEP en Yucat\u00e1n, Eunice Mis Jim\u00e9nez; el director de la Escuela Secundaria T\u00e9cnica 73, C\u00e9sar Moguel Soberanis; la diputada local Maribel Chuc Ayala, y el diputado local Alejandro Cuevas Mena.<br>\u00a0<br>Tambi\u00e9n estuvieron presentes el jefe de Departamento de Secundarias T\u00e9cnicas, en representaci\u00f3n de la Secretar\u00eda de Educaci\u00f3n del Estado de Yucat\u00e1n, Ren\u00e9 Alejandro Alem\u00e1n Braga; la directora de Educaci\u00f3n Primaria, en representaci\u00f3n de la Segey, Martha Leticia Pinz\u00f3n Cach\u00f3n; y el director de la primaria \u201cTierra y Libertad\u201d, Alexis Eu\u00e1n Dzul.<\/p>\n\n\n\n<figure class=\"wp-block-image size-large\"><img loading=\"lazy\" decoding=\"async\" width=\"1024\" height=\"683\" src=\"http:\/\/vertienteglobal.com\/wp-content\/uploads\/2026\/04\/1001197366-1024x683.jpg\" alt=\"\" class=\"wp-image-256300\" srcset=\"http:\/\/vertienteglobal.com\/wp-content\/uploads\/2026\/04\/1001197366-1024x683.jpg 1024w, http:\/\/vertienteglobal.com\/wp-content\/uploads\/2026\/04\/1001197366-300x200.jpg 300w, http:\/\/vertienteglobal.com\/wp-content\/uploads\/2026\/04\/1001197366-150x100.jpg 150w, http:\/\/vertienteglobal.com\/wp-content\/uploads\/2026\/04\/1001197366-768x512.jpg 768w, http:\/\/vertienteglobal.com\/wp-content\/uploads\/2026\/04\/1001197366-1536x1024.jpg 1536w, http:\/\/vertienteglobal.com\/wp-content\/uploads\/2026\/04\/1001197366-2048x1366.jpg 2048w\" sizes=\"auto, (max-width: 1024px) 100vw, 1024px\" \/><\/figure>\n\n\n\n<figure class=\"wp-block-image size-large\"><img loading=\"lazy\" decoding=\"async\" width=\"1024\" height=\"768\" src=\"http:\/\/vertienteglobal.com\/wp-content\/uploads\/2026\/04\/1001197365-1024x768.jpg\" alt=\"\" class=\"wp-image-256301\" srcset=\"http:\/\/vertienteglobal.com\/wp-content\/uploads\/2026\/04\/1001197365-1024x768.jpg 1024w, http:\/\/vertienteglobal.com\/wp-content\/uploads\/2026\/04\/1001197365-300x225.jpg 300w, http:\/\/vertienteglobal.com\/wp-content\/uploads\/2026\/04\/1001197365-150x113.jpg 150w, http:\/\/vertienteglobal.com\/wp-content\/uploads\/2026\/04\/1001197365-768x576.jpg 768w, http:\/\/vertienteglobal.com\/wp-content\/uploads\/2026\/04\/1001197365-1536x1152.jpg 1536w, http:\/\/vertienteglobal.com\/wp-content\/uploads\/2026\/04\/1001197365-2048x1536.jpg 2048w\" sizes=\"auto, (max-width: 1024px) 100vw, 1024px\" \/><\/figure>\n\n\n\n<figure class=\"wp-block-image size-large\"><img loading=\"lazy\" decoding=\"async\" width=\"1024\" height=\"683\" src=\"http:\/\/vertienteglobal.com\/wp-content\/uploads\/2026\/04\/1001197367-1024x683.jpg\" alt=\"\" class=\"wp-image-256302\" srcset=\"http:\/\/vertienteglobal.com\/wp-content\/uploads\/2026\/04\/1001197367-1024x683.jpg 1024w, http:\/\/vertienteglobal.com\/wp-content\/uploads\/2026\/04\/1001197367-300x200.jpg 300w, http:\/\/vertienteglobal.com\/wp-content\/uploads\/2026\/04\/1001197367-150x100.jpg 150w, http:\/\/vertienteglobal.com\/wp-content\/uploads\/2026\/04\/1001197367-768x512.jpg 768w, http:\/\/vertienteglobal.com\/wp-content\/uploads\/2026\/04\/1001197367-1536x1024.jpg 1536w, http:\/\/vertienteglobal.com\/wp-content\/uploads\/2026\/04\/1001197367-2048x1366.jpg 2048w\" sizes=\"auto, (max-width: 1024px) 100vw, 1024px\" \/><\/figure>\n\n\n\n<figure class=\"wp-block-image size-large\"><img loading=\"lazy\" decoding=\"async\" width=\"1024\" height=\"683\" src=\"http:\/\/vertienteglobal.com\/wp-content\/uploads\/2026\/04\/1001197368-1024x683.jpg\" alt=\"\" class=\"wp-image-256303\" srcset=\"http:\/\/vertienteglobal.com\/wp-content\/uploads\/2026\/04\/1001197368-1024x683.jpg 1024w, http:\/\/vertienteglobal.com\/wp-content\/uploads\/2026\/04\/1001197368-300x200.jpg 300w, http:\/\/vertienteglobal.com\/wp-content\/uploads\/2026\/04\/1001197368-150x100.jpg 150w, http:\/\/vertienteglobal.com\/wp-content\/uploads\/2026\/04\/1001197368-768x512.jpg 768w, http:\/\/vertienteglobal.com\/wp-content\/uploads\/2026\/04\/1001197368-1536x1024.jpg 1536w, http:\/\/vertienteglobal.com\/wp-content\/uploads\/2026\/04\/1001197368-2048x1366.jpg 2048w\" sizes=\"auto, (max-width: 1024px) 100vw, 1024px\" \/><\/figure>\n\n\n\n<figure class=\"wp-block-embed is-type-rich is-provider-twitter wp-block-embed-twitter\"><div class=\"wp-block-embed__wrapper\">\n<div class=\"oceanwp-oembed-wrap clr\"><div class=\"embed-twitter\"><blockquote class=\"twitter-tweet\" data-width=\"550\" data-dnt=\"true\"><p lang=\"es\" dir=\"ltr\">Ampl\u00eda Renacimiento Maya infraestructura escolar y urbana en Um\u00e1n con nuevas obras<br><br>Adem\u00e1s de los nuevos espacios educativos, el Gobierno del Estado (<a href=\"https:\/\/twitter.com\/GobYucatan?ref_src=twsrc%5Etfw\">@GobYucatan<\/a>) inici\u00f3 la mejora de calles y banquetas en la zona de acceso a Itzincab<br><br>Um\u00e1n, Yucat\u00e1n, a 27 de abril de 2026.- El\u2026 <a href=\"https:\/\/t.co\/oVQBzifvCG\">pic.twitter.com\/oVQBzifvCG<\/a><\/p>&mdash; vertienteglobal.com (@VertienteGloba1) <a href=\"https:\/\/twitter.com\/VertienteGloba1\/status\/2048868615773204834?ref_src=twsrc%5Etfw\">April 27, 2026<\/a><\/blockquote><script async src=\"https:\/\/platform.twitter.com\/widgets.js\" charset=\"utf-8\"><\/script><\/div><\/div>\n<\/div><\/figure>\n","protected":false},"excerpt":{"rendered":"<p>(Redacci\u00f3n) Adem\u00e1s de los nuevos espacios educativos, el Gobierno del Estado inici\u00f3 la mejora de calles y banquetas en la zona de acceso a Itzincab Um\u00e1n, Yucat\u00e1n, a 27 de abril de 2026.-El Gobernador Joaqu\u00edn D\u00edaz Mena entreg\u00f3 cinco aulas did\u00e1cticas y equipamiento en escuelas de Um\u00e1n, para que ni\u00f1as, ni\u00f1os y j\u00f3venes del municipio [&hellip;]<\/p>\n","protected":false},"author":6,"featured_media":256299,"comment_status":"open","ping_status":"open","sticky":false,"template":"","format":"standard","meta":{"footnotes":""},"categories":[9,2],"tags":[],"class_list":["post-256298","post","type-post","status-publish","format-standard","has-post-thumbnail","hentry","category-educacion","category-yucatan","entry","has-media"],"jetpack_featured_media_url":"http:\/\/vertienteglobal.com\/wp-content\/uploads\/2026\/04\/1001197364-scaled.jpg","_links":{"self":[{"href":"http:\/\/vertienteglobal.com\/index.php?rest_route=\/wp\/v2\/posts\/256298","targetHints":{"allow":["GET"]}}],"collection":[{"href":"http:\/\/vertienteglobal.com\/index.php?rest_route=\/wp\/v2\/posts"}],"about":[{"href":"http:\/\/vertienteglobal.com\/index.php?rest_route=\/wp\/v2\/types\/post"}],"author":[{"embeddable":true,"href":"http:\/\/vertienteglobal.com\/index.php?rest_route=\/wp\/v2\/users\/6"}],"replies":[{"embeddable":true,"href":"http:\/\/vertienteglobal.com\/index.php?rest_route=%2Fwp%2Fv2%2Fcomments&post=256298"}],"version-history":[{"count":1,"href":"http:\/\/vertienteglobal.com\/index.php?rest_route=\/wp\/v2\/posts\/256298\/revisions"}],"predecessor-version":[{"id":256304,"href":"http:\/\/vertienteglobal.com\/index.php?rest_route=\/wp\/v2\/posts\/256298\/revisions\/256304"}],"wp:featuredmedia":[{"embeddable":true,"href":"http:\/\/vertienteglobal.com\/index.php?rest_route=\/wp\/v2\/media\/256299"}],"wp:attachment":[{"href":"http:\/\/vertienteglobal.com\/index.php?rest_route=%2Fwp%2Fv2%2Fmedia&parent=256298"}],"wp:term":[{"taxonomy":"category","embeddable":true,"href":"http:\/\/vertienteglobal.com\/index.php?rest_route=%2Fwp%2Fv2%2Fcategories&post=256298"},{"taxonomy":"post_tag","embeddable":true,"href":"http:\/\/vertienteglobal.com\/index.php?rest_route=%2Fwp%2Fv2%2Ftags&post=256298"}],"curies":[{"name":"wp","href":"https:\/\/api.w.org\/{rel}","templated":true}]}}