{"id":256249,"date":"2026-04-23T10:19:00","date_gmt":"2026-04-23T15:19:00","guid":{"rendered":"http:\/\/vertienteglobal.com\/?p=256249"},"modified":"2026-04-27T13:21:49","modified_gmt":"2026-04-27T18:21:49","slug":"programa-nacional-de-infraestructura-carretera-presidenta-claudia-sheinbaum-inaugura-3-puentes-vehiculares-de-colima","status":"publish","type":"post","link":"http:\/\/vertienteglobal.com\/?p=256249","title":{"rendered":"Programa Nacional de Infraestructura Carretera: Presidenta Claudia Sheinbaum inaugura 3 puentes vehiculares de Colima"},"content":{"rendered":"\n<div class=\"twitterbutton\" style=\"float: right; padding-left: 5px;\"><a href=\"http:\/\/twitter.com\/share\" class=\"twitter-share-button\" data-count=\"horizontal\" data-text=\"Programa Nacional de Infraestructura Carretera: Presidenta Claudia Sheinbaum ina...\" data-via=\"https:\/\/twitter.com\/VertienteGloba1\" data-url=\"http:\/\/vertienteglobal.com\/?p=256249\" data-lang=\"es\" data-related=\"Informaci\u00f3n general:S\u00edguenos para que est\u00e9ss informado\"><\/a><\/div>\n<figure class=\"wp-block-image size-full\"><img loading=\"lazy\" decoding=\"async\" width=\"650\" height=\"380\" src=\"http:\/\/vertienteglobal.com\/wp-content\/uploads\/2026\/04\/1001194535.jpg\" alt=\"\" class=\"wp-image-256250\" srcset=\"http:\/\/vertienteglobal.com\/wp-content\/uploads\/2026\/04\/1001194535.jpg 650w, http:\/\/vertienteglobal.com\/wp-content\/uploads\/2026\/04\/1001194535-300x175.jpg 300w, http:\/\/vertienteglobal.com\/wp-content\/uploads\/2026\/04\/1001194535-150x88.jpg 150w\" sizes=\"auto, (max-width: 650px) 100vw, 650px\" \/><\/figure>\n\n\n\n<p>(Redacci\u00f3n)<\/p>\n\n\n\n<p>En conjunto se trata de 2 kil\u00f3metros de puentes vehiculares: El Libramiento Arco Norte con una inversi\u00f3n de 436 mdp; el Chical, con 137 mdp, y el Presa Las Trancas con 86 mdp<\/p>\n\n\n\n<p>El puente Libramiento Arco Norte llevar\u00e1 el nombre de Celsa Virgen P\u00e9rez, una docente, promotora de la participaci\u00f3n pol\u00edtica de las mujeres y una de las primeras mujeres en ser presidenta municipal<\/p>\n\n\n\n<p>Cuidad de M\u00e9xico 23 de abril de 2026.-A trav\u00e9s de un enlace de Palacio Nacional a Colima, la Presidenta de M\u00e9xico, Claudia Sheinbaum Pardo, encabez\u00f3 la inauguraci\u00f3n de tres puentes vehiculares que en conjunto suman alrededor de 2 kil\u00f3metros (km): el Libramiento Arco Norte \u2013que llevar\u00e1 el nombre de Celsa Virgen P\u00e9rez\u2013, El Chical y Presa Las Trancas, como parte del Programa Nacional de Infraestructura Carretera.<\/p>\n\n\n\n<p>El secretario de Infraestructura, Comunicaciones y Transportes, Jes\u00fas Antonio Esteva Medina, detall\u00f3 que el puente Celsa Virgen P\u00e9rez tiene una longitud de 590 metros y requiri\u00f3 una inversi\u00f3n de 436 millones de pesos (mdp). Cuenta con seis carriles \u2013tres por sentido\u2013 y mejorar\u00e1 la movilidad entre los municipios de Colima y Villa de \u00c1lvarez; su construcci\u00f3n se llev\u00f3 a cabo en ocho meses.<\/p>\n\n\n\n<p>Respecto al puente El Chical, inform\u00f3 que tiene 736 metros de longitud, una inversi\u00f3n de 137 mdp y conecta a la comunidad de El Chical con Coquimatl\u00e1n. Por su parte, el puente Presa Las Trancas cuenta con 600 metros de longitud y una inversi\u00f3n de 86 mdp.<\/p>\n\n\n\n<p>La gobernadora de Colima, Indira Vizca\u00edno Silva, se\u00f1al\u00f3 que los tres puentes son obras significativas para el estado, ya que su edificaci\u00f3n transformar\u00e1 la vida cotidiana de los colimenses.<\/p>\n\n\n\n<p>En la inauguraci\u00f3n tambi\u00e9n estuvieron presentes el director general del Centro SICT Colima, Christopher Lucas Ochoa, y la secretaria de Infraestructura de Colima, Marisol Neri Le\u00f3n.<\/p>\n","protected":false},"excerpt":{"rendered":"<p>(Redacci\u00f3n) En conjunto se trata de 2 kil\u00f3metros de puentes vehiculares: El Libramiento Arco Norte con una inversi\u00f3n de 436 mdp; el Chical, con 137 mdp, y el Presa Las Trancas con 86 mdp El puente Libramiento Arco Norte llevar\u00e1 el nombre de Celsa Virgen P\u00e9rez, una docente, promotora de la participaci\u00f3n pol\u00edtica de las [&hellip;]<\/p>\n","protected":false},"author":6,"featured_media":256250,"comment_status":"open","ping_status":"open","sticky":false,"template":"","format":"standard","meta":{"footnotes":""},"categories":[8],"tags":[],"class_list":["post-256249","post","type-post","status-publish","format-standard","has-post-thumbnail","hentry","category-pais","entry","has-media"],"jetpack_featured_media_url":"http:\/\/vertienteglobal.com\/wp-content\/uploads\/2026\/04\/1001194535.jpg","_links":{"self":[{"href":"http:\/\/vertienteglobal.com\/index.php?rest_route=\/wp\/v2\/posts\/256249","targetHints":{"allow":["GET"]}}],"collection":[{"href":"http:\/\/vertienteglobal.com\/index.php?rest_route=\/wp\/v2\/posts"}],"about":[{"href":"http:\/\/vertienteglobal.com\/index.php?rest_route=\/wp\/v2\/types\/post"}],"author":[{"embeddable":true,"href":"http:\/\/vertienteglobal.com\/index.php?rest_route=\/wp\/v2\/users\/6"}],"replies":[{"embeddable":true,"href":"http:\/\/vertienteglobal.com\/index.php?rest_route=%2Fwp%2Fv2%2Fcomments&post=256249"}],"version-history":[{"count":1,"href":"http:\/\/vertienteglobal.com\/index.php?rest_route=\/wp\/v2\/posts\/256249\/revisions"}],"predecessor-version":[{"id":256251,"href":"http:\/\/vertienteglobal.com\/index.php?rest_route=\/wp\/v2\/posts\/256249\/revisions\/256251"}],"wp:featuredmedia":[{"embeddable":true,"href":"http:\/\/vertienteglobal.com\/index.php?rest_route=\/wp\/v2\/media\/256250"}],"wp:attachment":[{"href":"http:\/\/vertienteglobal.com\/index.php?rest_route=%2Fwp%2Fv2%2Fmedia&parent=256249"}],"wp:term":[{"taxonomy":"category","embeddable":true,"href":"http:\/\/vertienteglobal.com\/index.php?rest_route=%2Fwp%2Fv2%2Fcategories&post=256249"},{"taxonomy":"post_tag","embeddable":true,"href":"http:\/\/vertienteglobal.com\/index.php?rest_route=%2Fwp%2Fv2%2Ftags&post=256249"}],"curies":[{"name":"wp","href":"https:\/\/api.w.org\/{rel}","templated":true}]}}