{"id":256243,"date":"2026-04-23T09:58:00","date_gmt":"2026-04-23T14:58:00","guid":{"rendered":"http:\/\/vertienteglobal.com\/?p=256243"},"modified":"2026-04-27T13:18:19","modified_gmt":"2026-04-27T18:18:19","slug":"el-domingo-26-de-abril-se-inaugurara-el-tramo-lecheria-aifa-del-tren-felipe-angeles","status":"publish","type":"post","link":"http:\/\/vertienteglobal.com\/?p=256243","title":{"rendered":"Tren Suburbano pasa de manos de privados al pueblo de M\u00e9xico: Presidenta anuncia su adquisici\u00f3n y cambio de nombre a Tren \u201cFelipe \u00c1ngeles\u201d"},"content":{"rendered":"\n<div class=\"twitterbutton\" style=\"float: right; padding-left: 5px;\"><a href=\"http:\/\/twitter.com\/share\" class=\"twitter-share-button\" data-count=\"horizontal\" data-text=\"Tren Suburbano pasa de manos de privados al pueblo de M\u00e9xico: Presidenta anunci...\" data-via=\"https:\/\/twitter.com\/VertienteGloba1\" data-url=\"http:\/\/vertienteglobal.com\/?p=256243\" data-lang=\"es\" data-related=\"Informaci\u00f3n general:S\u00edguenos para que est\u00e9ss informado\"><\/a><\/div>\n<figure class=\"wp-block-image size-full\"><img loading=\"lazy\" decoding=\"async\" width=\"650\" height=\"380\" src=\"http:\/\/vertienteglobal.com\/wp-content\/uploads\/2026\/04\/1001194528.jpg\" alt=\"\" class=\"wp-image-256244\" srcset=\"http:\/\/vertienteglobal.com\/wp-content\/uploads\/2026\/04\/1001194528.jpg 650w, http:\/\/vertienteglobal.com\/wp-content\/uploads\/2026\/04\/1001194528-300x175.jpg 300w, http:\/\/vertienteglobal.com\/wp-content\/uploads\/2026\/04\/1001194528-150x88.jpg 150w\" sizes=\"auto, (max-width: 650px) 100vw, 650px\" \/><\/figure>\n\n\n\n<p>(Redacci\u00f3n)<\/p>\n\n\n\n<p>\u201cEse tren ahora se va a operar como un tren a manos del Gobierno y es de com\u00fan acuerdo\u201d, puntualiz\u00f3<\/p>\n\n\n\n<p>El domingo 26 de abril se inaugurar\u00e1 el tramo Lecher\u00eda-AIFA del Tren \u201cFelipe \u00c1ngeles\u201d<\/p>\n\n\n\n<p>La adquisici\u00f3n del Tren Suburbano es parte de las acciones ferroviarias del Plan M\u00e9xico, que tambi\u00e9n contempla el ramal hacia el AIFA con siete estaciones y el tren AIFA-Pachuca de seis estaciones<\/p>\n\n\n\n<p>Ciudad de M\u00e9xico 23 de abril de 2026.-La Presidenta Claudia Sheinbaum Pardo anunci\u00f3 que el Tren Suburbano ser\u00e1 adquirido por el Gobierno de M\u00e9xico, por lo que pasar\u00e1 de manos de privados a manos del pueblo, a trav\u00e9s del Fondo Nacional de Infraestructura (Fonadin), y se llamar\u00e1 Tren \u201cFelipe \u00c1ngeles\u201d, cuyo tramo Lecher\u00eda-AIFA se inaugurar\u00e1 el pr\u00f3ximo domingo 26 de abril.<\/p>\n\n\n\n<p>\u201cEl llamado Tren Suburbano que le vamos a llamar el Tren \u2018Felipe \u00c1ngeles\u2019, el que va de la Ciudad de M\u00e9xico al AIFA y del AIFA a Pachuca. Ese tren ahora va a operar como un tren a manos del Gobierno y es de com\u00fan acuerdo. Es decir, de manos de privados a manos del pueblo de M\u00e9xico\u201d, destac\u00f3 en la conferencia matutina: \u201cLas ma\u00f1aneras del pueblo\u201d.<\/p>\n\n\n\n<p>Se\u00f1al\u00f3 que esta adquisici\u00f3n forma parte de la recuperaci\u00f3n de los trenes de pasajeros iniciada con la Cuarta Transformaci\u00f3n, primero en el gobierno del expresidente Andr\u00e9s Manuel L\u00f3pez Obrador y que contin\u00faa en el Segundo Piso de la Transformaci\u00f3n con la construcci\u00f3n del M\u00e9xico-Pachuca, M\u00e9xico-Quer\u00e9taro, Quer\u00e9taro-Irapuato, Saltillo-Nuevo Laredo y se valora el Ciudad de M\u00e9xico-Veracruz.<\/p>\n\n\n\n<p>\u201cLa decisi\u00f3n que se tom\u00f3 es recuperar para el pueblo de M\u00e9xico, el Ciudad de M\u00e9xico-Cuautitl\u00e1n y hubo un acuerdo con las empresas, se les plante\u00f3 y hubo una negociaci\u00f3n y se acord\u00f3 esta compra. Ahora toda la red va a poder ser operada de manera p\u00fablica\u201d, agreg\u00f3.<\/p>\n\n\n\n<p>El director general de Banobras, Jorge Mendoza S\u00e1nchez, inform\u00f3 que la adquisici\u00f3n del Tren Suburbano representa una inversi\u00f3n de 5 mil 999 millones de pesos (mdp). Con ello, Banobras, Fonadin y sus socios, tendr\u00e1n una participaci\u00f3n accionaria del 100 por ciento y se convertir\u00e1 en una Empresa de Participaci\u00f3n Estatal Mayoritaria (EPM).<\/p>\n\n\n\n<p>Agreg\u00f3 que las tarifas del Tren Suburbano se mantendr\u00e1n en 11.50 pesos para los tramos cortos y de 26.50 para tramos largos. Aunado a que se trabaja para contar con los sistemas que permitan la utilizaci\u00f3n de la Tarjeta de Movilidad Integrada.<\/p>\n\n\n\n<p>Mientras que el ramal hacia el AIFA, durante el primer mes de operaci\u00f3n, los costos ser\u00e1n de 11.50 para estaciones intermedias y de 45 pesos para el trayecto completo. Posteriormente, luego de un an\u00e1lisis, se publicar\u00e1n las tarifas actualizadas garantizando que sean m\u00e1s baratas que los medios tradicionales de transporte.<\/p>\n\n\n\n<p>Detall\u00f3 que este tren ser\u00e1 operado por el Fonadin y su administraci\u00f3n se realizar\u00e1 con eficiencia en el uso de los recursos, privilegiando la seguridad y servicio de calidad para las personas usuarias.<\/p>\n\n\n\n<p>Explic\u00f3 que esta transacci\u00f3n forma parte de las acciones en materia ferroviaria del Plan M\u00e9xico, cuya primera etapa fue la adquisici\u00f3n del Tren Suburbano de 7 estaciones que conecta la Ciudad de M\u00e9xico y el Estado de M\u00e9xico; la segunda etapa comprende el ramal hacia el AIFA con siete estaciones, y la tercera etapa es el tren AIFA-Pachuca, de seis estaciones.<\/p>\n","protected":false},"excerpt":{"rendered":"<p>(Redacci\u00f3n) \u201cEse tren ahora se va a operar como un tren a manos del Gobierno y es de com\u00fan acuerdo\u201d, puntualiz\u00f3 El domingo 26 de abril se inaugurar\u00e1 el tramo Lecher\u00eda-AIFA del Tren \u201cFelipe \u00c1ngeles\u201d La adquisici\u00f3n del Tren Suburbano es parte de las acciones ferroviarias del Plan M\u00e9xico, que tambi\u00e9n contempla el ramal hacia [&hellip;]<\/p>\n","protected":false},"author":6,"featured_media":256244,"comment_status":"open","ping_status":"open","sticky":false,"template":"","format":"standard","meta":{"footnotes":""},"categories":[8],"tags":[],"class_list":["post-256243","post","type-post","status-publish","format-standard","has-post-thumbnail","hentry","category-pais","entry","has-media"],"jetpack_featured_media_url":"http:\/\/vertienteglobal.com\/wp-content\/uploads\/2026\/04\/1001194528.jpg","_links":{"self":[{"href":"http:\/\/vertienteglobal.com\/index.php?rest_route=\/wp\/v2\/posts\/256243","targetHints":{"allow":["GET"]}}],"collection":[{"href":"http:\/\/vertienteglobal.com\/index.php?rest_route=\/wp\/v2\/posts"}],"about":[{"href":"http:\/\/vertienteglobal.com\/index.php?rest_route=\/wp\/v2\/types\/post"}],"author":[{"embeddable":true,"href":"http:\/\/vertienteglobal.com\/index.php?rest_route=\/wp\/v2\/users\/6"}],"replies":[{"embeddable":true,"href":"http:\/\/vertienteglobal.com\/index.php?rest_route=%2Fwp%2Fv2%2Fcomments&post=256243"}],"version-history":[{"count":3,"href":"http:\/\/vertienteglobal.com\/index.php?rest_route=\/wp\/v2\/posts\/256243\/revisions"}],"predecessor-version":[{"id":256248,"href":"http:\/\/vertienteglobal.com\/index.php?rest_route=\/wp\/v2\/posts\/256243\/revisions\/256248"}],"wp:featuredmedia":[{"embeddable":true,"href":"http:\/\/vertienteglobal.com\/index.php?rest_route=\/wp\/v2\/media\/256244"}],"wp:attachment":[{"href":"http:\/\/vertienteglobal.com\/index.php?rest_route=%2Fwp%2Fv2%2Fmedia&parent=256243"}],"wp:term":[{"taxonomy":"category","embeddable":true,"href":"http:\/\/vertienteglobal.com\/index.php?rest_route=%2Fwp%2Fv2%2Fcategories&post=256243"},{"taxonomy":"post_tag","embeddable":true,"href":"http:\/\/vertienteglobal.com\/index.php?rest_route=%2Fwp%2Fv2%2Ftags&post=256243"}],"curies":[{"name":"wp","href":"https:\/\/api.w.org\/{rel}","templated":true}]}}