{"id":256237,"date":"2026-04-22T10:03:00","date_gmt":"2026-04-22T15:03:00","guid":{"rendered":"http:\/\/vertienteglobal.com\/?p=256237"},"modified":"2026-04-27T13:06:45","modified_gmt":"2026-04-27T18:06:45","slug":"es-una-estrategia-integral-es-una-estrategia-de-la-sociedad-de-todas-y-todos-los-mexicanos-porque-cuidarnos-es-una-actividad-colectiva-enfatizo","status":"publish","type":"post","link":"http:\/\/vertienteglobal.com\/?p=256237","title":{"rendered":"\u201cEs una estrategia integral, es una estrategia de la sociedad, de todas y todos los mexicanos, porque cuidarnos es una actividad colectiva\u201d, enfatiz\u00f3"},"content":{"rendered":"\n<div class=\"twitterbutton\" style=\"float: right; padding-left: 5px;\"><a href=\"http:\/\/twitter.com\/share\" class=\"twitter-share-button\" data-count=\"horizontal\" data-text=\"\u201cEs una estrategia integral, es una estrategia de la sociedad, de todas y todo...\" data-via=\"https:\/\/twitter.com\/VertienteGloba1\" data-url=\"http:\/\/vertienteglobal.com\/?p=256237\" data-lang=\"es\" data-related=\"Informaci\u00f3n general:S\u00edguenos para que est\u00e9ss informado\"><\/a><\/div>\n<figure class=\"wp-block-image size-full\"><img loading=\"lazy\" decoding=\"async\" width=\"650\" height=\"380\" src=\"http:\/\/vertienteglobal.com\/wp-content\/uploads\/2026\/04\/1001194509.jpg\" alt=\"\" class=\"wp-image-256238\" srcset=\"http:\/\/vertienteglobal.com\/wp-content\/uploads\/2026\/04\/1001194509.jpg 650w, http:\/\/vertienteglobal.com\/wp-content\/uploads\/2026\/04\/1001194509-300x175.jpg 300w, http:\/\/vertienteglobal.com\/wp-content\/uploads\/2026\/04\/1001194509-150x88.jpg 150w\" sizes=\"auto, (max-width: 650px) 100vw, 650px\" \/><\/figure>\n\n\n\n<p>(Redacci\u00f3n)<\/p>\n\n\n\n<p>Son seis ejes: 1. Campa\u00f1a masiva de sensibilizaci\u00f3n; 2. 18 millones de Gu\u00edas para j\u00f3venes; 3. Actividades en escuelas; 4. Asambleas informativas; 5. Pl\u00e1ticas interactivas y 6. Fortalecimiento de la L\u00ednea de la vida<\/p>\n\n\n\n<p>A partir de mayo arranca la Campa\u00f1a masiva de sensibilizaci\u00f3n; actividades en escuelas y las Gu\u00edas del ABC de las emociones estar\u00e1n disponibles en su versi\u00f3n digital y se repartir\u00e1n de forma f\u00edsica el siguiente ciclo escolar<\/p>\n\n\n\n<p>Ciudad de M\u00e9xico 22 de abril de 2026.-La Presidenta de M\u00e9xico, Claudia Sheinbaum Pardo, present\u00f3 la Estrategia Nacional de Atenci\u00f3n a la Salud Mental para las y los J\u00f3venes: \u201cEl ABC de las emociones\u201d, la cual tiene seis ejes principales: 1. Campa\u00f1a masiva de sensibilizaci\u00f3n; 2. 18 millones de Gu\u00edas para j\u00f3venes, madres, padres, cuidadores y docentes; 3. Actividades en las escuelas; 4. Asambleas informativas; 5. Pl\u00e1ticas interactivas en las escuelas en las que participar\u00e1 la Jefa del Ejecutivo Federal y servidores p\u00fablicos; y 6. Fortalecimiento de la L\u00ednea de la vida, ya que el cuidado de todos es un acto colectivo.<\/p>\n\n\n\n<p>\u201cNuestro objetivo es fomentar los valores espirituales y atender a los j\u00f3venes que tienen alg\u00fan problema, que sienten que requieren atenci\u00f3n. Entonces, \u00bfd\u00f3nde vamos a encontrar esos j\u00f3venes? Principalmente en las escuelas, la gran mayor\u00eda de los j\u00f3venes est\u00e1n en las escuelas. Y tambi\u00e9n con el programa de Atenci\u00f3n a las Causas, donde vamos casa por casa en distintos territorios del pa\u00eds (\u2026)<\/p>\n\n\n\n<p>\u201cEsta es una Estrategia Nacional. Y el centro es que cuidarnos es un acto colectivo. Este es un programa que no solo es del gobierno a los j\u00f3venes, sino es de la sociedad: es que padres y madres de familia participemos, que sepamos d\u00f3nde est\u00e1n nuestros hijos, que los atendamos. Y que tambi\u00e9n, si tenemos alguna duda, puedan acceder a alg\u00fan lugar para poder participar e informarse. Adem\u00e1s, por supuesto, tenemos todos los Centros de Salud y hospitales que tienen ya una atenci\u00f3n mucho m\u00e1s especializada para temas de salud mental, tanto atenci\u00f3n psicol\u00f3gica como, si es necesario, ya atenci\u00f3n psiqui\u00e1trica o incluso neurol\u00f3gica, si es necesario. Entonces, como ven, es una estrategia integral, es una estrategia de la sociedad, de todas y todos los mexicanos, porque cuidarnos es una actividad colectiva\u201d, puntualiz\u00f3 en la conferencia matutina: \u201cLas ma\u00f1aneras del pueblo\u201d.<\/p>\n\n\n\n<p>El secretario de Salud, David Kershenobich, se\u00f1al\u00f3 que la Encuesta Nacional de Consumo de Drogas, Alcohol y Tabaco (ENCODAT) 2025, revela que el 10 por ciento de los j\u00f3venes de entre 12 y 17 a\u00f1os muestran malestar psicol\u00f3gico; el 3.3 por ciento, ideaci\u00f3n suicida; el 18.1 por ciento tiene exposici\u00f3n a cualquier tipo de violencia; y el 4.7 por ciento han consumido alg\u00fan tipo de droga en un momento de su vida.<\/p>\n\n\n\n<p>Por ello, la Estrategia Nacional de Atenci\u00f3n a la Salud Mental para las y los j\u00f3venes promover\u00e1 el bienestar socioemocional mediante la prevenci\u00f3n temprana y oportuna, con abordajes diferenciados y no estigmatizantes; con enfoques escolar, cultural y comunitario; as\u00ed como la promoci\u00f3n del autocuidado y el deporte.<\/p>\n\n\n\n<p>La coordinadora en la subsecretar\u00eda de Prevenci\u00f3n a las Violencias de la Secretar\u00eda de Seguridad y Protecci\u00f3n Ciudadana (SSPC), Mariana P\u00e9rez Gay Rossbach, explic\u00f3 que esta estrategia contempla como primer eje una campa\u00f1a de sensibilizaci\u00f3n con mensajes preventivos a trav\u00e9s de carteles, videos y el micrositio lineadelavida.gob.mx.<\/p>\n\n\n\n<p>El secretario de Educaci\u00f3n P\u00fablica, Mario Delgado, se\u00f1al\u00f3 que la Nueva Escuela Mexicana (NEM) es parte fundamental de esta estrategia nacional, ya que se ense\u00f1a a las y los j\u00f3venes a reconocer y gestionar sus emociones. Por su parte, la subsecretaria de Educaci\u00f3n Media Superior, Tania Rodr\u00edguez, detall\u00f3 que la estrategia contempla:<\/p>\n\n\n\n<p>Impresi\u00f3n de 18 millones de Gu\u00edas del ABC de las emociones: para promover el cuidado de la salud mental en j\u00f3venes de tercero de secundaria y de bachillerato. Incluir\u00e1n informaci\u00f3n sobre c\u00f3mo trabajar las emociones, los efectos de las redes sociales y cu\u00e1ndo se debe de pedir ayuda.<br>Intervenci\u00f3n en el aula: A partir de mayo habr\u00e1 espacios de una hora a la semana para hablar de las emociones, particularmente con estudiantes de tercero de secundaria y bachillerato.<\/p>\n\n\n\n<p>Asambleas Informativas: Se convocar\u00e1 a estudiantes, madres, padres, personas cuidadoras, directivos y docentes, con el objetivo de que en comunidad se acompa\u00f1e a las y los j\u00f3venes.<\/p>\n\n\n\n<p>La titular de la Comisi\u00f3n Nacional de Salud Mental y Adicciones (CONASAMA), Yerania Enr\u00edquez, inform\u00f3 que 300 brigadas de las tres instituciones p\u00fablicas de salud recorrer\u00e1n las escuelas para realizar pl\u00e1ticas interactivas y conocer las preocupaciones de los j\u00f3venes abordando mitos y realidades de la salud mental, as\u00ed como para brindar herramientas reales de autocuidado. Adem\u00e1s, los Centros Comunitarios M\u00e9xico Imparable contar\u00e1n con especialistas para abordar estos temas. Asimismo, se fortalece la L\u00ednea de la vida disponible en el n\u00famero 800 911 2000.<\/p>\n\n\n\n<p>La coordinadora general de Asuntos Intergubernamentales y Participaci\u00f3n Social de Presidencia, Leticia Ram\u00edrez Amaya, puntualiz\u00f3 que la salud mental y el bienestar emocional de las y los j\u00f3venes son prioridad del Gobierno de M\u00e9xico.<\/p>\n","protected":false},"excerpt":{"rendered":"<p>(Redacci\u00f3n) Son seis ejes: 1. Campa\u00f1a masiva de sensibilizaci\u00f3n; 2. 18 millones de Gu\u00edas para j\u00f3venes; 3. Actividades en escuelas; 4. Asambleas informativas; 5. Pl\u00e1ticas interactivas y 6. Fortalecimiento de la L\u00ednea de la vida A partir de mayo arranca la Campa\u00f1a masiva de sensibilizaci\u00f3n; actividades en escuelas y las Gu\u00edas del ABC de las [&hellip;]<\/p>\n","protected":false},"author":6,"featured_media":256238,"comment_status":"open","ping_status":"open","sticky":false,"template":"","format":"standard","meta":{"footnotes":""},"categories":[8],"tags":[],"class_list":["post-256237","post","type-post","status-publish","format-standard","has-post-thumbnail","hentry","category-pais","entry","has-media"],"jetpack_featured_media_url":"http:\/\/vertienteglobal.com\/wp-content\/uploads\/2026\/04\/1001194509.jpg","_links":{"self":[{"href":"http:\/\/vertienteglobal.com\/index.php?rest_route=\/wp\/v2\/posts\/256237","targetHints":{"allow":["GET"]}}],"collection":[{"href":"http:\/\/vertienteglobal.com\/index.php?rest_route=\/wp\/v2\/posts"}],"about":[{"href":"http:\/\/vertienteglobal.com\/index.php?rest_route=\/wp\/v2\/types\/post"}],"author":[{"embeddable":true,"href":"http:\/\/vertienteglobal.com\/index.php?rest_route=\/wp\/v2\/users\/6"}],"replies":[{"embeddable":true,"href":"http:\/\/vertienteglobal.com\/index.php?rest_route=%2Fwp%2Fv2%2Fcomments&post=256237"}],"version-history":[{"count":1,"href":"http:\/\/vertienteglobal.com\/index.php?rest_route=\/wp\/v2\/posts\/256237\/revisions"}],"predecessor-version":[{"id":256239,"href":"http:\/\/vertienteglobal.com\/index.php?rest_route=\/wp\/v2\/posts\/256237\/revisions\/256239"}],"wp:featuredmedia":[{"embeddable":true,"href":"http:\/\/vertienteglobal.com\/index.php?rest_route=\/wp\/v2\/media\/256238"}],"wp:attachment":[{"href":"http:\/\/vertienteglobal.com\/index.php?rest_route=%2Fwp%2Fv2%2Fmedia&parent=256237"}],"wp:term":[{"taxonomy":"category","embeddable":true,"href":"http:\/\/vertienteglobal.com\/index.php?rest_route=%2Fwp%2Fv2%2Fcategories&post=256237"},{"taxonomy":"post_tag","embeddable":true,"href":"http:\/\/vertienteglobal.com\/index.php?rest_route=%2Fwp%2Fv2%2Ftags&post=256237"}],"curies":[{"name":"wp","href":"https:\/\/api.w.org\/{rel}","templated":true}]}}