{"id":256228,"date":"2026-04-19T19:55:00","date_gmt":"2026-04-20T00:55:00","guid":{"rendered":"http:\/\/vertienteglobal.com\/?p=256228"},"modified":"2026-04-27T12:56:42","modified_gmt":"2026-04-27T17:56:42","slug":"presidenta-visita-el-centro-nacional-de-supercomputacion-de-barcelona-en-el-marco-de-colaboracion-para-el-desarrollo-de-coatlicue","status":"publish","type":"post","link":"http:\/\/vertienteglobal.com\/?p=256228","title":{"rendered":"\u200b\u200bPresidenta visita el Centro Nacional de Supercomputaci\u00f3n de Barcelona en el marco de colaboraci\u00f3n para el desarrollo de Coatlicue"},"content":{"rendered":"\n<div class=\"twitterbutton\" style=\"float: right; padding-left: 5px;\"><a href=\"http:\/\/twitter.com\/share\" class=\"twitter-share-button\" data-count=\"horizontal\" data-text=\"\u200b\u200bPresidenta visita el Centro Nacional de Supercomputaci\u00f3n de Barcelona en ...\" data-via=\"https:\/\/twitter.com\/VertienteGloba1\" data-url=\"http:\/\/vertienteglobal.com\/?p=256228\" data-lang=\"es\" data-related=\"Informaci\u00f3n general:S\u00edguenos para que est\u00e9ss informado\"><\/a><\/div>\n<figure class=\"wp-block-image size-full\"><img loading=\"lazy\" decoding=\"async\" width=\"650\" height=\"380\" src=\"http:\/\/vertienteglobal.com\/wp-content\/uploads\/2026\/04\/1001194486.jpg\" alt=\"\" class=\"wp-image-256229\" srcset=\"http:\/\/vertienteglobal.com\/wp-content\/uploads\/2026\/04\/1001194486.jpg 650w, http:\/\/vertienteglobal.com\/wp-content\/uploads\/2026\/04\/1001194486-300x175.jpg 300w, http:\/\/vertienteglobal.com\/wp-content\/uploads\/2026\/04\/1001194486-150x88.jpg 150w\" sizes=\"auto, (max-width: 650px) 100vw, 650px\" \/><\/figure>\n\n\n\n<p>(Redacci\u00f3n)<\/p>\n\n\n\n<p>Durante su recorrido, la Jefa del Ejecutivo Federal dialog\u00f3 con acad\u00e9micos sobre proyectos de colaboraci\u00f3n cient\u00edfica entre M\u00e9xico y el BSC-CNS<\/p>\n\n\n\n<p>\u200b\u200bPresidenta visita el Centro Nacional de Supercomputaci\u00f3n de Barcelona en el marco de colaboraci\u00f3n para el desarrollo de Coatlicue<br>\u200b\u200bPresidenta visita el Centro Nacional de Supercomputaci\u00f3n de Barcelona en el marco de colaboraci\u00f3n para el desarrollo de Coatlicue<\/p>\n\n\n\n<p>Barcelona, Espa\u00f1a, 19 de abril de 2026.-La Presidenta Claudia Sheinbaum Pardo visit\u00f3 el Centro Nacional de Supercomputaci\u00f3n de Barcelona (BSC-CNS, por sus siglas en ingl\u00e9s), como parte de la colaboraci\u00f3n con el Gobierno de M\u00e9xico para el desarrollo de la supercomputadora mexicana Coatlicue, que ayudar\u00e1 al desarrollo nacional y cient\u00edfico.<\/p>\n\n\n\n<p>\u201cEstamos en la Universidad Polit\u00e9cnica de Catalu\u00f1a, en el Centro de Superc\u00f3mputo, que nos estamos hermanando para hacer el proyecto Coatlicue en M\u00e9xico, que es la gran supercomputadora que va a ayudar al desarrollo cient\u00edfico y al desarrollo del pa\u00eds\u201d, dijo a trav\u00e9s de un video en sus redes sociales, el cual fue grabado en la escultura de una cabeza Olmeca donada por la Universidad de Veracruz al BSC.<\/p>\n\n\n\n<p>Como parte de la visita, la Jefa del Ejecutivo Federal realiz\u00f3 un recorrido por la supercomputadora Mare Nostrum 5 y por los ordenadores cu\u00e1nticos. Adem\u00e1s, en el encuentro se dialog\u00f3 con acad\u00e9micos sobre proyectos de colaboraci\u00f3n cient\u00edfica entre M\u00e9xico y el BSC-CNS.<\/p>\n\n\n\n<p>Estuvieron presentes, el director del BSC-CNS, Mateo Valero; el presidente del Gobierno de la Generalitat de Catalu\u00f1a, Salvador Illa; la ministra de Ciencia, Innovaci\u00f3n y Universidades del Gobierno de Espa\u00f1a, Diana Morant; la consejera de Investigaci\u00f3n y Universidades del Gobierno de la Generalitat de Catalu\u00f1a, N\u00faria Montserrat; el alcalde de Barcelona, Jaume Collboni; y como invitado especial Joan Manuel Serrat.<\/p>\n\n\n\n<p>En su visita, la Jefa del Ejecutivo Federal estuvo acompa\u00f1ada por el secretario de Relaciones Exteriores, Roberto Velasco \u00c1lvarez; el jefe de la Oficina de la Presidencia de la Rep\u00fablica, L\u00e1zaro C\u00e1rdenas Batel, el embajador de M\u00e9xico en Espa\u00f1a, Quirino Ordaz Coppel y el c\u00f3nsul general de M\u00e9xico en Barcelona, Alfonso Navarro.<\/p>\n\n\n\n<p>Cabe recordar que el Gobierno de M\u00e9xico suscribi\u00f3, el 19 de noviembre de 2025, un convenio de colaboraci\u00f3n con el BSC-CNS para la creaci\u00f3n del Centro Mexicano de Superc\u00f3mputo. Aunado a que M\u00e9xico desarrolla, a trav\u00e9s de la Agencia de Transformaci\u00f3n Digital y Telecomunicaciones (ATDT) y la Secretar\u00eda de Ciencia, Humanidades, Tecnolog\u00eda e Innovaci\u00f3n (Secihti), la supercomputadora p\u00fablica mexicana Coatlicue, que ser\u00e1 la m\u00e1s poderosa de Am\u00e9rica Latina, operada por mexicanas y mexicanos que se forman en el Centro Nacional de Supercomputaci\u00f3n de Barcelona.<\/p>\n","protected":false},"excerpt":{"rendered":"<p>(Redacci\u00f3n) Durante su recorrido, la Jefa del Ejecutivo Federal dialog\u00f3 con acad\u00e9micos sobre proyectos de colaboraci\u00f3n cient\u00edfica entre M\u00e9xico y el BSC-CNS \u200b\u200bPresidenta visita el Centro Nacional de Supercomputaci\u00f3n de Barcelona en el marco de colaboraci\u00f3n para el desarrollo de Coatlicue\u200b\u200bPresidenta visita el Centro Nacional de Supercomputaci\u00f3n de Barcelona en el marco de colaboraci\u00f3n para [&hellip;]<\/p>\n","protected":false},"author":6,"featured_media":256229,"comment_status":"open","ping_status":"open","sticky":false,"template":"","format":"standard","meta":{"footnotes":""},"categories":[8],"tags":[],"class_list":["post-256228","post","type-post","status-publish","format-standard","has-post-thumbnail","hentry","category-pais","entry","has-media"],"jetpack_featured_media_url":"http:\/\/vertienteglobal.com\/wp-content\/uploads\/2026\/04\/1001194486.jpg","_links":{"self":[{"href":"http:\/\/vertienteglobal.com\/index.php?rest_route=\/wp\/v2\/posts\/256228","targetHints":{"allow":["GET"]}}],"collection":[{"href":"http:\/\/vertienteglobal.com\/index.php?rest_route=\/wp\/v2\/posts"}],"about":[{"href":"http:\/\/vertienteglobal.com\/index.php?rest_route=\/wp\/v2\/types\/post"}],"author":[{"embeddable":true,"href":"http:\/\/vertienteglobal.com\/index.php?rest_route=\/wp\/v2\/users\/6"}],"replies":[{"embeddable":true,"href":"http:\/\/vertienteglobal.com\/index.php?rest_route=%2Fwp%2Fv2%2Fcomments&post=256228"}],"version-history":[{"count":1,"href":"http:\/\/vertienteglobal.com\/index.php?rest_route=\/wp\/v2\/posts\/256228\/revisions"}],"predecessor-version":[{"id":256230,"href":"http:\/\/vertienteglobal.com\/index.php?rest_route=\/wp\/v2\/posts\/256228\/revisions\/256230"}],"wp:featuredmedia":[{"embeddable":true,"href":"http:\/\/vertienteglobal.com\/index.php?rest_route=\/wp\/v2\/media\/256229"}],"wp:attachment":[{"href":"http:\/\/vertienteglobal.com\/index.php?rest_route=%2Fwp%2Fv2%2Fmedia&parent=256228"}],"wp:term":[{"taxonomy":"category","embeddable":true,"href":"http:\/\/vertienteglobal.com\/index.php?rest_route=%2Fwp%2Fv2%2Fcategories&post=256228"},{"taxonomy":"post_tag","embeddable":true,"href":"http:\/\/vertienteglobal.com\/index.php?rest_route=%2Fwp%2Fv2%2Ftags&post=256228"}],"curies":[{"name":"wp","href":"https:\/\/api.w.org\/{rel}","templated":true}]}}