{"id":256225,"date":"2026-04-27T08:51:00","date_gmt":"2026-04-27T13:51:00","guid":{"rendered":"http:\/\/vertienteglobal.com\/?p=256225"},"modified":"2026-04-27T12:49:52","modified_gmt":"2026-04-27T17:49:52","slug":"mas-de-un-millon-de-asistentes-celebraron-el-desfile-de-carros-alegoricos-2026-en-tabasco","status":"publish","type":"post","link":"http:\/\/vertienteglobal.com\/?p=256225","title":{"rendered":"M\u00e1s de un mill\u00f3n de asistentes celebraron el desfile de carros aleg\u00f3ricos 2026 en Tabasco"},"content":{"rendered":"\n<div class=\"twitterbutton\" style=\"float: right; padding-left: 5px;\"><a href=\"http:\/\/twitter.com\/share\" class=\"twitter-share-button\" data-count=\"horizontal\" data-text=\"M\u00e1s de un mill\u00f3n de asistentes celebraron el desfile de carros aleg\u00f3ricos 202...\" data-via=\"https:\/\/twitter.com\/VertienteGloba1\" data-url=\"http:\/\/vertienteglobal.com\/?p=256225\" data-lang=\"es\" data-related=\"Informaci\u00f3n general:S\u00edguenos para que est\u00e9ss informado\"><\/a><\/div>\n<figure class=\"wp-block-image size-full\"><img loading=\"lazy\" decoding=\"async\" width=\"1024\" height=\"683\" src=\"http:\/\/vertienteglobal.com\/wp-content\/uploads\/2026\/04\/1001194478.webp\" alt=\"\" class=\"wp-image-256226\" srcset=\"http:\/\/vertienteglobal.com\/wp-content\/uploads\/2026\/04\/1001194478.webp 1024w, http:\/\/vertienteglobal.com\/wp-content\/uploads\/2026\/04\/1001194478-300x200.webp 300w, http:\/\/vertienteglobal.com\/wp-content\/uploads\/2026\/04\/1001194478-150x100.webp 150w, http:\/\/vertienteglobal.com\/wp-content\/uploads\/2026\/04\/1001194478-768x512.webp 768w\" sizes=\"auto, (max-width: 1024px) 100vw, 1024px\" \/><\/figure>\n\n\n\n<p>(Redacci\u00f3n)<\/p>\n\n\n\n<p>Fue la obra &#8216;El Coprero&#8217;, de Jalpa de M\u00e9ndez, que obtuvo el primer lugar de este desfile, su segundo galard\u00f3n consecutivo de este municipio<\/p>\n\n\n\n<p>Villahermosa Tabasco 27 de abril de 2026.-El tradicional desfile de carros aleg\u00f3ricos en Villahermosa hizo historia este 2026 al registrar una asistencia de m\u00e1s de un mill\u00f3n de personas.<\/p>\n\n\n\n<p>Y es que de acuerdo con la p\u00e1gina oficial de la Feria Tabasco, los tabasque\u00f1os \u201cllenaron de color, tradici\u00f3n y la algarab\u00eda\u201d las calles de la ciudad ayer domingo, al ser parte de este evento de preferia, en el que las 17 embajadoras del estado recorrieron la avenida Gregorio M\u00e9ndez Maga\u00f1a, a bordo de los carros cargados con elementos alusivos a los municipios.<\/p>\n\n\n\n<p>Cabe recordar que fue la obra &#8216;El Coprero&#8217;, de Jalpa de M\u00e9ndez, que obtuvo el primer lugar de este desfile, su segundo galard\u00f3n consecutivo de este municipio<\/p>\n\n\n\n<p>\u201cHay un d\u00eda en el que Tabasco late al mismo ritmo: entre alegr\u00eda, tradici\u00f3n y vida, las principales avenidas de Villahermosa se llenan de color y orgullo con el Desfile de Carros Aleg\u00f3ricos 2026. Una celebraci\u00f3n que une a las familias y enaltece nuestras ra\u00edces\u201d, destac\u00f3 el gobierno de Tabasco. (Fuente: feria tabasco)<\/p>\n","protected":false},"excerpt":{"rendered":"<p>(Redacci\u00f3n) Fue la obra &#8216;El Coprero&#8217;, de Jalpa de M\u00e9ndez, que obtuvo el primer lugar de este desfile, su segundo galard\u00f3n consecutivo de este municipio Villahermosa Tabasco 27 de abril de 2026.-El tradicional desfile de carros aleg\u00f3ricos en Villahermosa hizo historia este 2026 al registrar una asistencia de m\u00e1s de un mill\u00f3n de personas. Y [&hellip;]<\/p>\n","protected":false},"author":6,"featured_media":256226,"comment_status":"open","ping_status":"open","sticky":false,"template":"","format":"standard","meta":{"footnotes":""},"categories":[10,5],"tags":[],"class_list":["post-256225","post","type-post","status-publish","format-standard","has-post-thumbnail","hentry","category-espectaculos","category-tabasco","entry","has-media"],"jetpack_featured_media_url":"http:\/\/vertienteglobal.com\/wp-content\/uploads\/2026\/04\/1001194478.webp","_links":{"self":[{"href":"http:\/\/vertienteglobal.com\/index.php?rest_route=\/wp\/v2\/posts\/256225","targetHints":{"allow":["GET"]}}],"collection":[{"href":"http:\/\/vertienteglobal.com\/index.php?rest_route=\/wp\/v2\/posts"}],"about":[{"href":"http:\/\/vertienteglobal.com\/index.php?rest_route=\/wp\/v2\/types\/post"}],"author":[{"embeddable":true,"href":"http:\/\/vertienteglobal.com\/index.php?rest_route=\/wp\/v2\/users\/6"}],"replies":[{"embeddable":true,"href":"http:\/\/vertienteglobal.com\/index.php?rest_route=%2Fwp%2Fv2%2Fcomments&post=256225"}],"version-history":[{"count":1,"href":"http:\/\/vertienteglobal.com\/index.php?rest_route=\/wp\/v2\/posts\/256225\/revisions"}],"predecessor-version":[{"id":256227,"href":"http:\/\/vertienteglobal.com\/index.php?rest_route=\/wp\/v2\/posts\/256225\/revisions\/256227"}],"wp:featuredmedia":[{"embeddable":true,"href":"http:\/\/vertienteglobal.com\/index.php?rest_route=\/wp\/v2\/media\/256226"}],"wp:attachment":[{"href":"http:\/\/vertienteglobal.com\/index.php?rest_route=%2Fwp%2Fv2%2Fmedia&parent=256225"}],"wp:term":[{"taxonomy":"category","embeddable":true,"href":"http:\/\/vertienteglobal.com\/index.php?rest_route=%2Fwp%2Fv2%2Fcategories&post=256225"},{"taxonomy":"post_tag","embeddable":true,"href":"http:\/\/vertienteglobal.com\/index.php?rest_route=%2Fwp%2Fv2%2Ftags&post=256225"}],"curies":[{"name":"wp","href":"https:\/\/api.w.org\/{rel}","templated":true}]}}