{"id":256222,"date":"2026-04-22T20:47:00","date_gmt":"2026-04-23T01:47:00","guid":{"rendered":"http:\/\/vertienteglobal.com\/?p=256222"},"modified":"2026-04-27T10:51:11","modified_gmt":"2026-04-27T15:51:11","slug":"morena-perfila-a-pablo-gutierrez-como-virtual-candidato-a-gubernatura-de-campeche","status":"publish","type":"post","link":"http:\/\/vertienteglobal.com\/?p=256222","title":{"rendered":"Morena perfila a Pablo Guti\u00e9rrez como virtual candidato a gubernatura de Campeche"},"content":{"rendered":"\n<div class=\"twitterbutton\" style=\"float: right; padding-left: 5px;\"><a href=\"http:\/\/twitter.com\/share\" class=\"twitter-share-button\" data-count=\"horizontal\" data-text=\"Morena perfila a Pablo Guti\u00e9rrez como virtual candidato a gubernatura de Campec...\" data-via=\"https:\/\/twitter.com\/VertienteGloba1\" data-url=\"http:\/\/vertienteglobal.com\/?p=256222\" data-lang=\"es\" data-related=\"Informaci\u00f3n general:S\u00edguenos para que est\u00e9ss informado\"><\/a><\/div>\n<figure class=\"wp-block-image size-large\"><img loading=\"lazy\" decoding=\"async\" width=\"1024\" height=\"632\" src=\"http:\/\/vertienteglobal.com\/wp-content\/uploads\/2026\/04\/1001194076-1024x632.webp\" alt=\"\" class=\"wp-image-256223\" srcset=\"http:\/\/vertienteglobal.com\/wp-content\/uploads\/2026\/04\/1001194076-1024x632.webp 1024w, http:\/\/vertienteglobal.com\/wp-content\/uploads\/2026\/04\/1001194076-300x185.webp 300w, http:\/\/vertienteglobal.com\/wp-content\/uploads\/2026\/04\/1001194076-150x93.webp 150w, http:\/\/vertienteglobal.com\/wp-content\/uploads\/2026\/04\/1001194076-768x474.webp 768w, http:\/\/vertienteglobal.com\/wp-content\/uploads\/2026\/04\/1001194076.webp 1200w\" sizes=\"auto, (max-width: 1024px) 100vw, 1024px\" \/><\/figure>\n\n\n\n<p>(Redacci\u00f3n)<\/p>\n\n\n\n<p>La secretaria de Gobierno, Elisa Hern\u00e1ndez Romero, quien tambi\u00e9n aspiraba a la candidatura, fue quien present\u00f3 oficialmente a Guti\u00e9rrez Lazarus como el coordinador estatal de la defensa de la 4T<\/p>\n\n\n\n<p>San Francisca de Campeche, Campeche 26 de abril de 2026.-El Consejo Pol\u00edtico Estatal de Morena, present\u00f3 esta tarde al a\u00fan presidente municipal de El Carmen, Pablo Guti\u00e9rrez Lazarus, como el \u00abcoordinador estatal de la defensa de la Cuarta Transformaci\u00f3n\u00bb, lo que lo convierte en el virtual candidato de ese partido a la gubernatura para las elecciones que se realizar\u00e1n el pr\u00f3ximo a\u00f1o.<\/p>\n\n\n\n<p>Guti\u00e9rrez Lazarus, de 44 a\u00f1os de edad, es licenciado en Ciencias Pol\u00edticas y Administraci\u00f3n P\u00fablica, se ha desempe\u00f1ado durante tres periodos como presidente municipal de El Carmen, cargo que a\u00fan ocupa, pero al que deber\u00e1 renunciar para poder encabezar reuniones de trabajo con la militancia.<\/p>\n\n\n\n<p>A pesar de que la dirigencia nacional de Morena hab\u00eda anunciado que ser\u00eda el 22 de junio cuando se den a conocer los nombres de quienes ser\u00e1n los 17 \u00abcoordinadores estatales de la defensa de la 4T\u00bb, en Campeche el Consejo Pol\u00edtico que encabez\u00f3 la gobernadora, Layda Sansores, determin\u00f3 que \u00abno hacen falta las encuestas\u00bb por lo que hicieron un pronunciamiento de unidad a favor de Pablo Guti\u00e9rrez Lazarus.<\/p>\n\n\n\n<p>De esta forma, la secretaria de Gobierno, Elisa Hern\u00e1ndez Romero, quien tambi\u00e9n aspiraba a la candidatura, fue quien present\u00f3 oficialmente a Guti\u00e9rrez Lazarus como el coordinador estatal de la defensa de la 4T y lanz\u00f3 un llamado a la unidad para poder salir avante en los pr\u00f3ximos comicios.<\/p>\n\n\n\n<p>Guti\u00e9rrez Lazarus, quien fue militante panista y por ese partido gan\u00f3 la alcald\u00eda del Carmen en 2015, asumi\u00f3 el compromiso de defender los principios y postulados de la 4T y asegur\u00f3 que har\u00e1 un equipo incluyente, a fin de garantizar la unidad partidista.<\/p>\n\n\n\n<p>\u00bfQui\u00e9n es Pablo Guti\u00e9rrez Lazarus?<\/p>\n\n\n\n<p>Pablo Guti\u00e9rrez Lazarus, es licenciado en Ciencias Pol\u00edticas y Administraci\u00f3n P\u00fablica por la Universidad Iberoamericana. Ha sido presidente municipal de Carmen en tres ocasiones.<\/p>\n\n\n\n<p>Del 2015-2018 por el Partido Acci\u00f3n Nacional. Del 2021-2027 por Morena.<\/p>\n\n\n\n<p>Naci\u00f3 el 29 de agosto de 1983, mantiene un total hermetismo sobre su vida privada, por lo que no existen datos verificables sobre c\u00f3nyuge, pareja e hijos.<\/p>\n\n\n\n<p>En el municipio de Carmen es identificado como un alcalde de territorio con presencia constante en colonias y comunidades, lo que le ha permitido mantener niveles de aprobaci\u00f3n.(Fuente:Agencias)<\/p>\n","protected":false},"excerpt":{"rendered":"<p>(Redacci\u00f3n) La secretaria de Gobierno, Elisa Hern\u00e1ndez Romero, quien tambi\u00e9n aspiraba a la candidatura, fue quien present\u00f3 oficialmente a Guti\u00e9rrez Lazarus como el coordinador estatal de la defensa de la 4T San Francisca de Campeche, Campeche 26 de abril de 2026.-El Consejo Pol\u00edtico Estatal de Morena, present\u00f3 esta tarde al a\u00fan presidente municipal de El [&hellip;]<\/p>\n","protected":false},"author":6,"featured_media":256223,"comment_status":"open","ping_status":"open","sticky":false,"template":"","format":"standard","meta":{"footnotes":""},"categories":[4],"tags":[],"class_list":["post-256222","post","type-post","status-publish","format-standard","has-post-thumbnail","hentry","category-campeche","entry","has-media"],"jetpack_featured_media_url":"http:\/\/vertienteglobal.com\/wp-content\/uploads\/2026\/04\/1001194076.webp","_links":{"self":[{"href":"http:\/\/vertienteglobal.com\/index.php?rest_route=\/wp\/v2\/posts\/256222","targetHints":{"allow":["GET"]}}],"collection":[{"href":"http:\/\/vertienteglobal.com\/index.php?rest_route=\/wp\/v2\/posts"}],"about":[{"href":"http:\/\/vertienteglobal.com\/index.php?rest_route=\/wp\/v2\/types\/post"}],"author":[{"embeddable":true,"href":"http:\/\/vertienteglobal.com\/index.php?rest_route=\/wp\/v2\/users\/6"}],"replies":[{"embeddable":true,"href":"http:\/\/vertienteglobal.com\/index.php?rest_route=%2Fwp%2Fv2%2Fcomments&post=256222"}],"version-history":[{"count":1,"href":"http:\/\/vertienteglobal.com\/index.php?rest_route=\/wp\/v2\/posts\/256222\/revisions"}],"predecessor-version":[{"id":256224,"href":"http:\/\/vertienteglobal.com\/index.php?rest_route=\/wp\/v2\/posts\/256222\/revisions\/256224"}],"wp:featuredmedia":[{"embeddable":true,"href":"http:\/\/vertienteglobal.com\/index.php?rest_route=\/wp\/v2\/media\/256223"}],"wp:attachment":[{"href":"http:\/\/vertienteglobal.com\/index.php?rest_route=%2Fwp%2Fv2%2Fmedia&parent=256222"}],"wp:term":[{"taxonomy":"category","embeddable":true,"href":"http:\/\/vertienteglobal.com\/index.php?rest_route=%2Fwp%2Fv2%2Fcategories&post=256222"},{"taxonomy":"post_tag","embeddable":true,"href":"http:\/\/vertienteglobal.com\/index.php?rest_route=%2Fwp%2Fv2%2Ftags&post=256222"}],"curies":[{"name":"wp","href":"https:\/\/api.w.org\/{rel}","templated":true}]}}