{"id":256215,"date":"2026-04-24T17:51:00","date_gmt":"2026-04-24T22:51:00","guid":{"rendered":"http:\/\/vertienteglobal.com\/?p=256215"},"modified":"2026-04-26T23:58:37","modified_gmt":"2026-04-27T04:58:37","slug":"gobernador-joaquin-diaz-mena-expone-proyecto-del-renacimiento-maya-al-canciller-roberto-velasco-alvarez","status":"publish","type":"post","link":"http:\/\/vertienteglobal.com\/?p=256215","title":{"rendered":"Gobernador Joaqu\u00edn D\u00edaz Mena expone proyecto del Renacimiento Maya al canciller Roberto Velasco \u00c1lvarez"},"content":{"rendered":"\n<div class=\"twitterbutton\" style=\"float: right; padding-left: 5px;\"><a href=\"http:\/\/twitter.com\/share\" class=\"twitter-share-button\" data-count=\"horizontal\" data-text=\"Gobernador Joaqu\u00edn D\u00edaz Mena expone proyecto del Renacimiento Maya al cancille...\" data-via=\"https:\/\/twitter.com\/VertienteGloba1\" data-url=\"http:\/\/vertienteglobal.com\/?p=256215\" data-lang=\"es\" data-related=\"Informaci\u00f3n general:S\u00edguenos para que est\u00e9ss informado\"><\/a><\/div>\n<figure class=\"wp-block-image size-large\"><img loading=\"lazy\" decoding=\"async\" width=\"1024\" height=\"730\" src=\"http:\/\/vertienteglobal.com\/wp-content\/uploads\/2026\/04\/1001193444-1024x730.jpg\" alt=\"\" class=\"wp-image-256216\" srcset=\"http:\/\/vertienteglobal.com\/wp-content\/uploads\/2026\/04\/1001193444-1024x730.jpg 1024w, http:\/\/vertienteglobal.com\/wp-content\/uploads\/2026\/04\/1001193444-300x214.jpg 300w, http:\/\/vertienteglobal.com\/wp-content\/uploads\/2026\/04\/1001193444-150x107.jpg 150w, http:\/\/vertienteglobal.com\/wp-content\/uploads\/2026\/04\/1001193444-768x548.jpg 768w, http:\/\/vertienteglobal.com\/wp-content\/uploads\/2026\/04\/1001193444-1536x1096.jpg 1536w, http:\/\/vertienteglobal.com\/wp-content\/uploads\/2026\/04\/1001193444-2048x1461.jpg 2048w\" sizes=\"auto, (max-width: 1024px) 100vw, 1024px\" \/><\/figure>\n\n\n\n<p>(Redacci\u00f3n)<\/p>\n\n\n\n<p><em>En reuni\u00f3n con el nuevo titular de la Secretar\u00eda de Relaciones Exteriores, se abordaron oportunidades de cooperaci\u00f3n internacional para Yucat\u00e1n<\/em><\/p>\n\n\n\n<p>Ciudad de M\u00e9xico, a 24 de abril de 2026.-El Gobernador Joaqu\u00edn D\u00edaz Mena se reuni\u00f3 este d\u00eda en la sede de la Secretar\u00eda de Relaciones Exteriores (SRE) con el canciller Roberto Velasco \u00c1lvarez, en un encuentro institucional para fortalecer la proyecci\u00f3n internacional de Yucat\u00e1n y ampliar las oportunidades de cooperaci\u00f3n con otros pa\u00edses.<br>\u00a0<br>D\u00edaz Mena, quien se convirti\u00f3 en el primer Gobernador del pa\u00eds en ser recibido por el nuevo titular de la pol\u00edtica exterior mexicana desde su toma de posesi\u00f3n, present\u00f3 las fortalezas competitivas de Yucat\u00e1n, entre ellas su ubicaci\u00f3n estrat\u00e9gica en el sureste mexicano, su capacidad para atraer inversi\u00f3n extranjera directa, su conectividad a\u00e9rea internacional y su crecimiento como destino tur\u00edstico de alto valor.<br>\u00a0<br>Durante la reuni\u00f3n tambi\u00e9n se abord\u00f3 el papel de Yucat\u00e1n como punto de conexi\u00f3n para la cooperaci\u00f3n con el Caribe, Centroam\u00e9rica y la comunidad yucateca en Estados Unidos, as\u00ed como su potencial para fortalecer v\u00ednculos econ\u00f3micos, culturales y de colaboraci\u00f3n internacional.<br>\u00a0<br>El canciller Roberto Velasco \u00c1lvarez reconoci\u00f3 el papel de Yucat\u00e1n como un actor relevante para proyectar las capacidades productivas y culturales de M\u00e9xico, en l\u00ednea con la pol\u00edtica exterior del Gobierno de M\u00e9xico, encabezado por la Presidenta Claudia Sheinbaum Pardo.<br>\u00a0<br>En el encuentro, el Gobernador present\u00f3 el proyecto Renacimiento Maya, estrategia central del Gobierno del Estado para posicionar a Yucat\u00e1n como referente internacional en turismo cultural, identidad maya contempor\u00e1nea, atracci\u00f3n de inversiones y desarrollo compartido.<br>\u00a0<br>D\u00edaz Mena explic\u00f3 que esta iniciativa articula inversi\u00f3n en infraestructura, rescate patrimonial, desarrollo comunitario y diplomacia cultural, con proyecci\u00f3n hacia los mercados europeo, norteamericano y latinoamericano.<br>\u00a0<br>La Canciller\u00eda recibi\u00f3 con inter\u00e9s la propuesta, al considerar que el Renacimiento Maya puede contribuir al fortalecimiento de los v\u00ednculos culturales y de cooperaci\u00f3n de M\u00e9xico con otras naciones.<br>\u00a0<br>Finalmente, el Gobernador afirm\u00f3 que Yucat\u00e1n est\u00e1 listo para trabajar de manera coordinada con la SRE en la internacionalizaci\u00f3n del proyecto y en la identificaci\u00f3n de oportunidades de cooperaci\u00f3n bilateral con pa\u00edses interesados en la cultura mesoamericana.<\/p>\n\n\n\n<figure class=\"wp-block-image size-large\"><img loading=\"lazy\" decoding=\"async\" width=\"1024\" height=\"684\" src=\"http:\/\/vertienteglobal.com\/wp-content\/uploads\/2026\/04\/1001193445-1024x684.jpg\" alt=\"\" class=\"wp-image-256217\" srcset=\"http:\/\/vertienteglobal.com\/wp-content\/uploads\/2026\/04\/1001193445-1024x684.jpg 1024w, http:\/\/vertienteglobal.com\/wp-content\/uploads\/2026\/04\/1001193445-300x200.jpg 300w, http:\/\/vertienteglobal.com\/wp-content\/uploads\/2026\/04\/1001193445-150x100.jpg 150w, http:\/\/vertienteglobal.com\/wp-content\/uploads\/2026\/04\/1001193445-768x513.jpg 768w, http:\/\/vertienteglobal.com\/wp-content\/uploads\/2026\/04\/1001193445-1536x1026.jpg 1536w, http:\/\/vertienteglobal.com\/wp-content\/uploads\/2026\/04\/1001193445-2048x1368.jpg 2048w\" sizes=\"auto, (max-width: 1024px) 100vw, 1024px\" \/><\/figure>\n\n\n\n<p><br>\u00a0<\/p>\n","protected":false},"excerpt":{"rendered":"<p>(Redacci\u00f3n) En reuni\u00f3n con el nuevo titular de la Secretar\u00eda de Relaciones Exteriores, se abordaron oportunidades de cooperaci\u00f3n internacional para Yucat\u00e1n Ciudad de M\u00e9xico, a 24 de abril de 2026.-El Gobernador Joaqu\u00edn D\u00edaz Mena se reuni\u00f3 este d\u00eda en la sede de la Secretar\u00eda de Relaciones Exteriores (SRE) con el canciller Roberto Velasco \u00c1lvarez, en [&hellip;]<\/p>\n","protected":false},"author":6,"featured_media":256216,"comment_status":"open","ping_status":"open","sticky":false,"template":"","format":"standard","meta":{"footnotes":""},"categories":[1],"tags":[],"class_list":["post-256215","post","type-post","status-publish","format-standard","has-post-thumbnail","hentry","category-uncategorized","entry","has-media"],"jetpack_featured_media_url":"http:\/\/vertienteglobal.com\/wp-content\/uploads\/2026\/04\/1001193444-scaled.jpg","_links":{"self":[{"href":"http:\/\/vertienteglobal.com\/index.php?rest_route=\/wp\/v2\/posts\/256215","targetHints":{"allow":["GET"]}}],"collection":[{"href":"http:\/\/vertienteglobal.com\/index.php?rest_route=\/wp\/v2\/posts"}],"about":[{"href":"http:\/\/vertienteglobal.com\/index.php?rest_route=\/wp\/v2\/types\/post"}],"author":[{"embeddable":true,"href":"http:\/\/vertienteglobal.com\/index.php?rest_route=\/wp\/v2\/users\/6"}],"replies":[{"embeddable":true,"href":"http:\/\/vertienteglobal.com\/index.php?rest_route=%2Fwp%2Fv2%2Fcomments&post=256215"}],"version-history":[{"count":1,"href":"http:\/\/vertienteglobal.com\/index.php?rest_route=\/wp\/v2\/posts\/256215\/revisions"}],"predecessor-version":[{"id":256218,"href":"http:\/\/vertienteglobal.com\/index.php?rest_route=\/wp\/v2\/posts\/256215\/revisions\/256218"}],"wp:featuredmedia":[{"embeddable":true,"href":"http:\/\/vertienteglobal.com\/index.php?rest_route=\/wp\/v2\/media\/256216"}],"wp:attachment":[{"href":"http:\/\/vertienteglobal.com\/index.php?rest_route=%2Fwp%2Fv2%2Fmedia&parent=256215"}],"wp:term":[{"taxonomy":"category","embeddable":true,"href":"http:\/\/vertienteglobal.com\/index.php?rest_route=%2Fwp%2Fv2%2Fcategories&post=256215"},{"taxonomy":"post_tag","embeddable":true,"href":"http:\/\/vertienteglobal.com\/index.php?rest_route=%2Fwp%2Fv2%2Ftags&post=256215"}],"curies":[{"name":"wp","href":"https:\/\/api.w.org\/{rel}","templated":true}]}}