{"id":256200,"date":"2026-04-24T19:47:00","date_gmt":"2026-04-25T00:47:00","guid":{"rendered":"http:\/\/vertienteglobal.com\/?p=256200"},"modified":"2026-04-26T23:43:28","modified_gmt":"2026-04-27T04:43:28","slug":"acuerdan-gobierno-de-yucatan-y-sader-fortalecer-acciones-para-el-campo","status":"publish","type":"post","link":"http:\/\/vertienteglobal.com\/?p=256200","title":{"rendered":"Acuerdan Gobierno de Yucat\u00e1n y Sader fortalecer acciones para el campo"},"content":{"rendered":"\n<div class=\"twitterbutton\" style=\"float: right; padding-left: 5px;\"><a href=\"http:\/\/twitter.com\/share\" class=\"twitter-share-button\" data-count=\"horizontal\" data-text=\"Acuerdan Gobierno de Yucat\u00e1n y Sader fortalecer acciones para el campo\" data-via=\"https:\/\/twitter.com\/VertienteGloba1\" data-url=\"http:\/\/vertienteglobal.com\/?p=256200\" data-lang=\"es\" data-related=\"Informaci\u00f3n general:S\u00edguenos para que est\u00e9ss informado\"><\/a><\/div>\n<figure class=\"wp-block-image size-full\"><img loading=\"lazy\" decoding=\"async\" width=\"2560\" height=\"1707\" src=\"http:\/\/vertienteglobal.com\/wp-content\/uploads\/2026\/04\/1001193432-scaled.jpg\" alt=\"\" class=\"wp-image-256201\"\/><\/figure>\n\n\n\n<p>(Redacci\u00f3n)<\/p>\n\n\n\n<p><em>El Gobernador Joaqu\u00edn D\u00edaz Mena y el titular de la Secretar\u00eda de Agricultura y Desarrollo Rural, Julio Berdegu\u00e9 Sacrist\u00e1n, revisaron estrategias para impulsar la producci\u00f3n y atender necesidades del sector<\/em><\/p>\n\n\n\n<p>Ciudad de M\u00e9xico, a 24 de abril de 2026.-El Gobernador Joaqu\u00edn D\u00edaz Mena sostuvo una reuni\u00f3n con el secretario de Agricultura y Desarrollo Rural, Julio Berdegu\u00e9 Sacrist\u00e1n, para fortalecer la coordinaci\u00f3n entre el Gobierno del Estado y la dependencia federal responsable de la pol\u00edtica agropecuaria nacional.<br>\u00a0<br>En el encuentro, realizado en la sede de la Secretar\u00eda de Agricultura y Desarrollo Rural (Sader), se abordaron las necesidades del campo yucateco, la operaci\u00f3n de programas federales y las oportunidades para impulsar la producci\u00f3n agropecuaria en la entidad.<br>\u00a0<br>Durante la reuni\u00f3n, D\u00edaz Mena expuso las caracter\u00edsticas del sector agropecuario de Yucat\u00e1n, que combina una tradici\u00f3n ganadera de vocaci\u00f3n exportadora, especialmente en bovinos de las razas ceb\u00fa y brahman, con una creciente diversificaci\u00f3n hacia cultivos regionales de alto valor.<br>\u00a0<br>Entre estos productos se encuentran el chile habanero, el lim\u00f3n persa, la papaya maradol y la miel de abeja melipona, que cuentan con reconocimiento y proyecci\u00f3n en mercados nacionales e internacionales.<br>\u00a0<br>El Gobernador se\u00f1al\u00f3 que Yucat\u00e1n cuenta con un sector rural din\u00e1mico, donde conviven productoras y productores tradicionales con empresas agroindustriales de exportaci\u00f3n, por lo que se requiere una pol\u00edtica federal sensible a las particularidades del territorio.<br>\u00a0<br>En ese sentido, el titular del Ejecutivo estatal plante\u00f3 la necesidad de atender de manera especial a las comunidades mayas, cuyos sistemas de producci\u00f3n ancestrales forman parte del patrimonio productivo y cultural de Yucat\u00e1n.<br>\u00a0<br>Durante el di\u00e1logo, se revisaron mecanismos de coordinaci\u00f3n para la operaci\u00f3n de los programas federales de la Sader en territorio yucateco, con \u00e9nfasis en que los apoyos lleguen de manera oportuna a las y los productores del estado.<br>\u00a0<br>D\u00edaz Mena se\u00f1al\u00f3 que los esquemas de apoyo al campo deben traducirse en beneficios concretos para agricultoras, agricultores y ganaderos yucatecos, especialmente ante el incremento en los costos de producci\u00f3n y la incertidumbre en los mercados internacionales.<br>\u00a0<br>Por su parte, Berdegu\u00e9 Sacrist\u00e1n present\u00f3 las l\u00edneas estrat\u00e9gicas de la Sader para fortalecer la producci\u00f3n nacional de alimentos, reducir importaciones y consolidar cadenas de valor agroalimentarias, al tiempo que reconoci\u00f3 las capacidades de Yucat\u00e1n en prote\u00edna animal, horticultura y cultivos tropicales.<br>\u00a0<br>Durante la reuni\u00f3n tambi\u00e9n se abord\u00f3 el desarrollo social del campo, con atenci\u00f3n a las comunidades rurales e ind\u00edgenas.<br>\u00a0<br>El Gobernador plante\u00f3 que el crecimiento productivo debe ir acompa\u00f1ado de capacitaci\u00f3n, financiamiento, tecnificaci\u00f3n y organizaci\u00f3n para mejorar el bienestar de las familias productoras.<br>\u00a0<br>Ambas partes revisaron la coordinaci\u00f3n necesaria para atender contingencias fitosanitarias y zoosanitarias que puedan afectar la producci\u00f3n agropecuaria, mediante el trabajo conjunto entre la Sader, el Servicio Nacional de Sanidad, Inocuidad y Calidad Agroalimentaria (Senasica) y las autoridades estatales.<br>\u00a0<br>Al t\u00e9rmino del encuentro, el Gobernador reiter\u00f3 la disposici\u00f3n de su administraci\u00f3n para trabajar con la Sader en pol\u00edticas que impulsen la competitividad del campo yucateco.<\/p>\n\n\n\n<figure class=\"wp-block-image size-large\"><img loading=\"lazy\" decoding=\"async\" width=\"1024\" height=\"683\" src=\"http:\/\/vertienteglobal.com\/wp-content\/uploads\/2026\/04\/1001193433-1024x683.jpg\" alt=\"\" class=\"wp-image-256202\" srcset=\"http:\/\/vertienteglobal.com\/wp-content\/uploads\/2026\/04\/1001193433-1024x683.jpg 1024w, http:\/\/vertienteglobal.com\/wp-content\/uploads\/2026\/04\/1001193433-300x200.jpg 300w, http:\/\/vertienteglobal.com\/wp-content\/uploads\/2026\/04\/1001193433-150x100.jpg 150w, http:\/\/vertienteglobal.com\/wp-content\/uploads\/2026\/04\/1001193433-768x512.jpg 768w, http:\/\/vertienteglobal.com\/wp-content\/uploads\/2026\/04\/1001193433-1536x1024.jpg 1536w, http:\/\/vertienteglobal.com\/wp-content\/uploads\/2026\/04\/1001193433-2048x1366.jpg 2048w\" sizes=\"auto, (max-width: 1024px) 100vw, 1024px\" \/><\/figure>\n\n\n\n<figure class=\"wp-block-image size-large\"><img loading=\"lazy\" decoding=\"async\" width=\"1024\" height=\"683\" src=\"http:\/\/vertienteglobal.com\/wp-content\/uploads\/2026\/04\/1001193434-1-1024x683.jpg\" alt=\"\" class=\"wp-image-256205\" srcset=\"http:\/\/vertienteglobal.com\/wp-content\/uploads\/2026\/04\/1001193434-1-1024x683.jpg 1024w, http:\/\/vertienteglobal.com\/wp-content\/uploads\/2026\/04\/1001193434-1-300x200.jpg 300w, http:\/\/vertienteglobal.com\/wp-content\/uploads\/2026\/04\/1001193434-1-150x100.jpg 150w, http:\/\/vertienteglobal.com\/wp-content\/uploads\/2026\/04\/1001193434-1-768x512.jpg 768w, http:\/\/vertienteglobal.com\/wp-content\/uploads\/2026\/04\/1001193434-1-1536x1024.jpg 1536w, http:\/\/vertienteglobal.com\/wp-content\/uploads\/2026\/04\/1001193434-1-2048x1366.jpg 2048w\" sizes=\"auto, (max-width: 1024px) 100vw, 1024px\" \/><\/figure>\n\n\n\n<figure class=\"wp-block-image size-large\"><img loading=\"lazy\" decoding=\"async\" width=\"1024\" height=\"683\" src=\"http:\/\/vertienteglobal.com\/wp-content\/uploads\/2026\/04\/1001193435-1024x683.jpg\" alt=\"\" class=\"wp-image-256206\" srcset=\"http:\/\/vertienteglobal.com\/wp-content\/uploads\/2026\/04\/1001193435-1024x683.jpg 1024w, http:\/\/vertienteglobal.com\/wp-content\/uploads\/2026\/04\/1001193435-300x200.jpg 300w, http:\/\/vertienteglobal.com\/wp-content\/uploads\/2026\/04\/1001193435-150x100.jpg 150w, http:\/\/vertienteglobal.com\/wp-content\/uploads\/2026\/04\/1001193435-768x512.jpg 768w, http:\/\/vertienteglobal.com\/wp-content\/uploads\/2026\/04\/1001193435-1536x1024.jpg 1536w, http:\/\/vertienteglobal.com\/wp-content\/uploads\/2026\/04\/1001193435-2048x1365.jpg 2048w\" sizes=\"auto, (max-width: 1024px) 100vw, 1024px\" \/><\/figure>\n","protected":false},"excerpt":{"rendered":"<p>(Redacci\u00f3n) El Gobernador Joaqu\u00edn D\u00edaz Mena y el titular de la Secretar\u00eda de Agricultura y Desarrollo Rural, Julio Berdegu\u00e9 Sacrist\u00e1n, revisaron estrategias para impulsar la producci\u00f3n y atender necesidades del sector Ciudad de M\u00e9xico, a 24 de abril de 2026.-El Gobernador Joaqu\u00edn D\u00edaz Mena sostuvo una reuni\u00f3n con el secretario de Agricultura y Desarrollo Rural, [&hellip;]<\/p>\n","protected":false},"author":6,"featured_media":256201,"comment_status":"open","ping_status":"open","sticky":false,"template":"","format":"standard","meta":{"footnotes":""},"categories":[8,2],"tags":[],"class_list":["post-256200","post","type-post","status-publish","format-standard","has-post-thumbnail","hentry","category-pais","category-yucatan","entry","has-media"],"jetpack_featured_media_url":"http:\/\/vertienteglobal.com\/wp-content\/uploads\/2026\/04\/1001193432-scaled.jpg","_links":{"self":[{"href":"http:\/\/vertienteglobal.com\/index.php?rest_route=\/wp\/v2\/posts\/256200","targetHints":{"allow":["GET"]}}],"collection":[{"href":"http:\/\/vertienteglobal.com\/index.php?rest_route=\/wp\/v2\/posts"}],"about":[{"href":"http:\/\/vertienteglobal.com\/index.php?rest_route=\/wp\/v2\/types\/post"}],"author":[{"embeddable":true,"href":"http:\/\/vertienteglobal.com\/index.php?rest_route=\/wp\/v2\/users\/6"}],"replies":[{"embeddable":true,"href":"http:\/\/vertienteglobal.com\/index.php?rest_route=%2Fwp%2Fv2%2Fcomments&post=256200"}],"version-history":[{"count":1,"href":"http:\/\/vertienteglobal.com\/index.php?rest_route=\/wp\/v2\/posts\/256200\/revisions"}],"predecessor-version":[{"id":256207,"href":"http:\/\/vertienteglobal.com\/index.php?rest_route=\/wp\/v2\/posts\/256200\/revisions\/256207"}],"wp:featuredmedia":[{"embeddable":true,"href":"http:\/\/vertienteglobal.com\/index.php?rest_route=\/wp\/v2\/media\/256201"}],"wp:attachment":[{"href":"http:\/\/vertienteglobal.com\/index.php?rest_route=%2Fwp%2Fv2%2Fmedia&parent=256200"}],"wp:term":[{"taxonomy":"category","embeddable":true,"href":"http:\/\/vertienteglobal.com\/index.php?rest_route=%2Fwp%2Fv2%2Fcategories&post=256200"},{"taxonomy":"post_tag","embeddable":true,"href":"http:\/\/vertienteglobal.com\/index.php?rest_route=%2Fwp%2Fv2%2Ftags&post=256200"}],"curies":[{"name":"wp","href":"https:\/\/api.w.org\/{rel}","templated":true}]}}