{"id":256195,"date":"2026-04-25T13:03:00","date_gmt":"2026-04-25T18:03:00","guid":{"rendered":"http:\/\/vertienteglobal.com\/?p=256195"},"modified":"2026-04-26T23:37:40","modified_gmt":"2026-04-27T04:37:40","slug":"inicia-en-yucatan-la-semana-nacional-de-vacunacion-2026-vacunar-es-amar","status":"publish","type":"post","link":"http:\/\/vertienteglobal.com\/?p=256195","title":{"rendered":"Inicia en Yucat\u00e1n la Semana Nacional de Vacunaci\u00f3n 2026 \u201cVacunar es Amar\u201d"},"content":{"rendered":"\n<div class=\"twitterbutton\" style=\"float: right; padding-left: 5px;\"><a href=\"http:\/\/twitter.com\/share\" class=\"twitter-share-button\" data-count=\"horizontal\" data-text=\"Inicia en Yucat\u00e1n la Semana Nacional de Vacunaci\u00f3n 2026 \u201cVacunar es Amar\u201d\" data-via=\"https:\/\/twitter.com\/VertienteGloba1\" data-url=\"http:\/\/vertienteglobal.com\/?p=256195\" data-lang=\"es\" data-related=\"Informaci\u00f3n general:S\u00edguenos para que est\u00e9ss informado\"><\/a><\/div>\n<figure class=\"wp-block-image size-large\"><img loading=\"lazy\" decoding=\"async\" width=\"1024\" height=\"683\" src=\"http:\/\/vertienteglobal.com\/wp-content\/uploads\/2026\/04\/1001193429-1024x683.jpg\" alt=\"\" class=\"wp-image-256196\" srcset=\"http:\/\/vertienteglobal.com\/wp-content\/uploads\/2026\/04\/1001193429-1024x683.jpg 1024w, http:\/\/vertienteglobal.com\/wp-content\/uploads\/2026\/04\/1001193429-300x200.jpg 300w, http:\/\/vertienteglobal.com\/wp-content\/uploads\/2026\/04\/1001193429-150x100.jpg 150w, http:\/\/vertienteglobal.com\/wp-content\/uploads\/2026\/04\/1001193429-768x512.jpg 768w, http:\/\/vertienteglobal.com\/wp-content\/uploads\/2026\/04\/1001193429-1536x1024.jpg 1536w, http:\/\/vertienteglobal.com\/wp-content\/uploads\/2026\/04\/1001193429-2048x1366.jpg 2048w\" sizes=\"auto, (max-width: 1024px) 100vw, 1024px\" \/><\/figure>\n\n\n\n<p>(Redacci\u00f3n)<\/p>\n\n\n\n<p><em>En la comisar\u00eda meridana de Dzity\u00e1, el Gobernador Joaqu\u00edn D\u00edaz Mena supervis\u00f3 el inicio de esta campa\u00f1a, que este a\u00f1o incluye 12 vacunas, entre ellas la nueva dosis contra el Virus Sincitial Respiratorio (VSR), dirigida a personas embarazadas para proteger tambi\u00e9n a sus beb\u00e9s<\/em><\/p>\n\n\n\n<p>M\u00e9rida, Yucat\u00e1n, a 25 de abril de 2026.-El Gobernador Joaqu\u00edn D\u00edaz Mena supervis\u00f3 el inicio de la Semana Nacional de Vacunaci\u00f3n 2026 \u201cVacunar es Amar\u201d, mediante la cual se aplicar\u00e1n 12 tipos de vacunas del 25 de abril al 2 de mayo en los 140 Centros de Salud de Yucat\u00e1n.<br>\u00a0<br>Este a\u00f1o, el esquema de vacunaci\u00f3n pas\u00f3 de 11 a 12 vacunas con la incorporaci\u00f3n de la dosis contra el Virus Sincitial Respiratorio (VSR), y tambi\u00e9n incluye Hepatitis B, Hexavalente, Rotavirus, Neumoc\u00f3cica, DPT (Difteria, Tosferina y T\u00e9tanos), SRP (Sarampi\u00f3n, Rub\u00e9ola y Parotiditis), SR (Sarampi\u00f3n y Rub\u00e9ola), Hepatitis A, TD (T\u00e9tanos y Difteria), TDPA (Difteria, Tosferina y T\u00e9tanos) y VPH (Virus del Papiloma Humano).<br>\u00a0<br>En el Centro de Salud de la comisar\u00eda meridana de Dzity\u00e1, el Gobernador inform\u00f3 que esta campa\u00f1a llevar\u00e1 dosis a todo el estado para proteger a la poblaci\u00f3n y mantener a Yucat\u00e1n entre las entidades con mayor cobertura de vacunaci\u00f3n del pa\u00eds.<br>\u00a0<br>Tambi\u00e9n agradeci\u00f3 a la Presidenta de M\u00e9xico, Claudia Sheinbaum Pardo, por el apoyo brindado a Yucat\u00e1n y a sus familias.<br>\u00a0<br>\u00abEl a\u00f1o pasado fuimos primer lugar en cobertura de vacunaci\u00f3n y queremos mantenernos en los primeros lugares este a\u00f1o. A todas las familias les exhortamos a llevar a las personas embarazadas, a las personas mayores y, en especial, a ni\u00f1as y ni\u00f1os, para que todas y todos los yucatecos est\u00e9n protegidos\u00bb, resalt\u00f3.<br>\u00a0<br>Por su parte, el secretario de Salud y director general de los Servicios de Salud de Yucat\u00e1n (SSY), Miguel Alberto Alcocer Gamboa, explic\u00f3 que el esquema se ampli\u00f3 con la vacuna contra el VSR, dirigida a personas embarazadas de 32 a 36 semanas, para proteger a las y los reci\u00e9n nacidos hasta los seis meses de edad.<br>\u00a0<br>\u00abEl esquema se ampl\u00eda de 11 a 12 vacunas. Entre las dosis principales para la protecci\u00f3n durante la infancia se encuentran BCG, Hepatitis B, Hexavalente, Rotavirus, Neumoc\u00f3cica, Triple Viral, DPT, Sarampi\u00f3n y Rub\u00e9ola, Hepatitis A, TD, TDPA y VSR. Tambi\u00e9n se fortalecer\u00e1 la protecci\u00f3n de personas mayores con Influenza y se continuar\u00e1 con la aplicaci\u00f3n de dosis contra Sarampi\u00f3n\u00bb, expuso.<br>\u00a0<br>El secretario de Salud se\u00f1al\u00f3 que los 140 Centros de Salud del estado cuentan con esquema completo y abasto suficiente para que la poblaci\u00f3n acuda a vacunarse.<br>\u00a0<br>Para el caso de la vacuna contra el Virus del Papiloma Humano (VPH), agreg\u00f3 que las ni\u00f1as pueden recibirla a partir de los 10 a\u00f1os y los ni\u00f1os desde los 11 a\u00f1os, como medida de protecci\u00f3n contra este virus.<br>\u00a0<br>Finalmente, Alcocer Gamboa inform\u00f3 que esta jornada se replic\u00f3 en el Centro de Salud con Servicios Ampliados (Cessa) del municipio de Progreso, reforzando la estrategia estatal de vacunaci\u00f3n y acercando los servicios de prevenci\u00f3n a la poblaci\u00f3n.<br>\u00a0<br>Acompa\u00f1aron al Gobernador en esta supervisi\u00f3n el jefe de la Jurisdicci\u00f3n Sanitaria No. 1, Oliver Garc\u00eda Trujillo; la directora del Centro de Salud de Dzity\u00e1, Sandra Gonz\u00e1lez Torres; y la comisaria ejidal, Suemi Pech Chi.<\/p>\n\n\n\n<figure class=\"wp-block-image size-large\"><img loading=\"lazy\" decoding=\"async\" width=\"1024\" height=\"683\" src=\"http:\/\/vertienteglobal.com\/wp-content\/uploads\/2026\/04\/1001193430-1024x683.jpg\" alt=\"\" class=\"wp-image-256197\" srcset=\"http:\/\/vertienteglobal.com\/wp-content\/uploads\/2026\/04\/1001193430-1024x683.jpg 1024w, http:\/\/vertienteglobal.com\/wp-content\/uploads\/2026\/04\/1001193430-300x200.jpg 300w, http:\/\/vertienteglobal.com\/wp-content\/uploads\/2026\/04\/1001193430-150x100.jpg 150w, http:\/\/vertienteglobal.com\/wp-content\/uploads\/2026\/04\/1001193430-768x512.jpg 768w, http:\/\/vertienteglobal.com\/wp-content\/uploads\/2026\/04\/1001193430-1536x1024.jpg 1536w, http:\/\/vertienteglobal.com\/wp-content\/uploads\/2026\/04\/1001193430-2048x1366.jpg 2048w\" sizes=\"auto, (max-width: 1024px) 100vw, 1024px\" \/><\/figure>\n\n\n\n<figure class=\"wp-block-image size-large\"><img loading=\"lazy\" decoding=\"async\" width=\"1024\" height=\"683\" src=\"http:\/\/vertienteglobal.com\/wp-content\/uploads\/2026\/04\/1001193431-1024x683.jpg\" alt=\"\" class=\"wp-image-256198\" srcset=\"http:\/\/vertienteglobal.com\/wp-content\/uploads\/2026\/04\/1001193431-1024x683.jpg 1024w, http:\/\/vertienteglobal.com\/wp-content\/uploads\/2026\/04\/1001193431-300x200.jpg 300w, http:\/\/vertienteglobal.com\/wp-content\/uploads\/2026\/04\/1001193431-150x100.jpg 150w, http:\/\/vertienteglobal.com\/wp-content\/uploads\/2026\/04\/1001193431-768x512.jpg 768w, http:\/\/vertienteglobal.com\/wp-content\/uploads\/2026\/04\/1001193431-1536x1024.jpg 1536w, http:\/\/vertienteglobal.com\/wp-content\/uploads\/2026\/04\/1001193431-2048x1366.jpg 2048w\" sizes=\"auto, (max-width: 1024px) 100vw, 1024px\" \/><\/figure>\n","protected":false},"excerpt":{"rendered":"<p>(Redacci\u00f3n) En la comisar\u00eda meridana de Dzity\u00e1, el Gobernador Joaqu\u00edn D\u00edaz Mena supervis\u00f3 el inicio de esta campa\u00f1a, que este a\u00f1o incluye 12 vacunas, entre ellas la nueva dosis contra el Virus Sincitial Respiratorio (VSR), dirigida a personas embarazadas para proteger tambi\u00e9n a sus beb\u00e9s M\u00e9rida, Yucat\u00e1n, a 25 de abril de 2026.-El Gobernador Joaqu\u00edn [&hellip;]<\/p>\n","protected":false},"author":6,"featured_media":256196,"comment_status":"open","ping_status":"open","sticky":false,"template":"","format":"standard","meta":{"footnotes":""},"categories":[2],"tags":[],"class_list":["post-256195","post","type-post","status-publish","format-standard","has-post-thumbnail","hentry","category-yucatan","entry","has-media"],"jetpack_featured_media_url":"http:\/\/vertienteglobal.com\/wp-content\/uploads\/2026\/04\/1001193429-scaled.jpg","_links":{"self":[{"href":"http:\/\/vertienteglobal.com\/index.php?rest_route=\/wp\/v2\/posts\/256195","targetHints":{"allow":["GET"]}}],"collection":[{"href":"http:\/\/vertienteglobal.com\/index.php?rest_route=\/wp\/v2\/posts"}],"about":[{"href":"http:\/\/vertienteglobal.com\/index.php?rest_route=\/wp\/v2\/types\/post"}],"author":[{"embeddable":true,"href":"http:\/\/vertienteglobal.com\/index.php?rest_route=\/wp\/v2\/users\/6"}],"replies":[{"embeddable":true,"href":"http:\/\/vertienteglobal.com\/index.php?rest_route=%2Fwp%2Fv2%2Fcomments&post=256195"}],"version-history":[{"count":1,"href":"http:\/\/vertienteglobal.com\/index.php?rest_route=\/wp\/v2\/posts\/256195\/revisions"}],"predecessor-version":[{"id":256199,"href":"http:\/\/vertienteglobal.com\/index.php?rest_route=\/wp\/v2\/posts\/256195\/revisions\/256199"}],"wp:featuredmedia":[{"embeddable":true,"href":"http:\/\/vertienteglobal.com\/index.php?rest_route=\/wp\/v2\/media\/256196"}],"wp:attachment":[{"href":"http:\/\/vertienteglobal.com\/index.php?rest_route=%2Fwp%2Fv2%2Fmedia&parent=256195"}],"wp:term":[{"taxonomy":"category","embeddable":true,"href":"http:\/\/vertienteglobal.com\/index.php?rest_route=%2Fwp%2Fv2%2Fcategories&post=256195"},{"taxonomy":"post_tag","embeddable":true,"href":"http:\/\/vertienteglobal.com\/index.php?rest_route=%2Fwp%2Fv2%2Ftags&post=256195"}],"curies":[{"name":"wp","href":"https:\/\/api.w.org\/{rel}","templated":true}]}}