{"id":256187,"date":"2026-04-25T17:34:00","date_gmt":"2026-04-25T22:34:00","guid":{"rendered":"http:\/\/vertienteglobal.com\/?p=256187"},"modified":"2026-04-26T23:33:50","modified_gmt":"2026-04-27T04:33:50","slug":"renacimiento-maya-impulsa-mayor-inversion-al-campo-con-el-relanzamiento-de-la-expo-campo","status":"publish","type":"post","link":"http:\/\/vertienteglobal.com\/?p=256187","title":{"rendered":"Renacimiento Maya impulsa mayor inversi\u00f3n al campo con el relanzamiento de la Expo Campo\u00a0"},"content":{"rendered":"\n<div class=\"twitterbutton\" style=\"float: right; padding-left: 5px;\"><a href=\"http:\/\/twitter.com\/share\" class=\"twitter-share-button\" data-count=\"horizontal\" data-text=\"Renacimiento Maya impulsa mayor inversi\u00f3n al campo con el relanzamiento de la E...\" data-via=\"https:\/\/twitter.com\/VertienteGloba1\" data-url=\"http:\/\/vertienteglobal.com\/?p=256187\" data-lang=\"es\" data-related=\"Informaci\u00f3n general:S\u00edguenos para que est\u00e9ss informado\"><\/a><\/div>\n<figure class=\"wp-block-image size-large\"><img loading=\"lazy\" decoding=\"async\" width=\"1024\" height=\"683\" src=\"http:\/\/vertienteglobal.com\/wp-content\/uploads\/2026\/04\/1001193416-1024x683.jpg\" alt=\"\" class=\"wp-image-256188\" srcset=\"http:\/\/vertienteglobal.com\/wp-content\/uploads\/2026\/04\/1001193416-1024x683.jpg 1024w, http:\/\/vertienteglobal.com\/wp-content\/uploads\/2026\/04\/1001193416-300x200.jpg 300w, http:\/\/vertienteglobal.com\/wp-content\/uploads\/2026\/04\/1001193416-150x100.jpg 150w, http:\/\/vertienteglobal.com\/wp-content\/uploads\/2026\/04\/1001193416-768x512.jpg 768w, http:\/\/vertienteglobal.com\/wp-content\/uploads\/2026\/04\/1001193416-1536x1024.jpg 1536w, http:\/\/vertienteglobal.com\/wp-content\/uploads\/2026\/04\/1001193416-2048x1366.jpg 2048w\" sizes=\"auto, (max-width: 1024px) 100vw, 1024px\" \/><\/figure>\n\n\n\n<p>(Redacci\u00f3n)<\/p>\n\n\n\n<p><em>Durante un recorrido por la muestra agroindustrial, el Gobernador Joaqu\u00edn D\u00edaz Mena reafirm\u00f3 el compromiso de fortalecer al sector con inversi\u00f3n, infraestructura productiva y coordinaci\u00f3n con instancias federales<\/em><\/p>\n\n\n\n<p>M\u00e9rida, Yucat\u00e1n, a 25 de abril de 2026.-Durante un recorrido por la Expo Campo 2026, el Gobernador Joaqu\u00edn D\u00edaz Mena refrend\u00f3 el compromiso del Gobierno del Renacimiento Maya de incrementar la inversi\u00f3n destinada al campo, para que las productoras y los productores del estado cuenten con mejores condiciones, aumenten su producci\u00f3n y generen mayores ingresos para sus familias.<br>\u00a0<br>El Gobernador se\u00f1al\u00f3 que, tras dejar de realizarse durante la administraci\u00f3n estatal anterior, su administraci\u00f3n relanz\u00f3 Expo Campo con m\u00e1s de 400 expositoras y expositores agroindustriales, pesqueros y de investigaci\u00f3n cient\u00edfica, como un espacio para fortalecer las cadenas productivas del estado.<br>\u00a0<br>\u201cRelanzamos Expo Campo porque entendemos que el campo no puede esperar. Necesita impulso, inversi\u00f3n y coordinaci\u00f3n para que las productoras y los productores tengan m\u00e1s oportunidades y mejores condiciones para salir adelante\u201d, se\u00f1al\u00f3.<br>\u00a0<br>D\u00edaz Mena indic\u00f3 que el Gobierno del Estado invierte en caminos sacacosechas para que las productoras y los productores puedan trasladar sus productos, y gestiona ante la Secretar\u00eda de Energ\u00eda del Gobierno de M\u00e9xico una mezcla de recursos para ampliar el n\u00famero de beneficiarios del programa de sistemas de riego con paneles solares, que este a\u00f1o triplic\u00f3 sus solicitudes.<br>\u00a0<br>El mandatario estatal inform\u00f3 que, durante una reuni\u00f3n con el secretario de Agricultura y Desarrollo Rural, Julio Berdegu\u00e9 Sacrist\u00e1n, se autoriz\u00f3 la visita de la Direcci\u00f3n de Ganader\u00eda para dialogar con productoras, productores y dirigentes del campo, a fin de avanzar en el proyecto de establecer en Yucat\u00e1n una estaci\u00f3n modular de producci\u00f3n de mosca contra el gusano barrenador del ganado.<br>\u00a0<br>Tambi\u00e9n se\u00f1al\u00f3 que solicit\u00f3 al secretario federal incluir a las y los citricultores en el esquema de Fertilizantes para el Bienestar. Adem\u00e1s, reconoci\u00f3 el apoyo de la Presidenta Claudia Sheinbaum Pardo a las productoras y los productores del campo, para hacer posible el renacer de este sector.<br>\u00a0<br>El Gobernador entreg\u00f3 reconocimientos a la productora ap\u00edcola Andrea de la Concepci\u00f3n Canch\u00e9 Yerbes, de Xocchel, quien a sus 66 a\u00f1os cuenta con 11 a\u00f1os de trayectoria en la apicultura, y al productor ap\u00edcola Genaro Pablo Silveira Victoria, originario de Tahmek, quien a sus 89 a\u00f1os suma 55 a\u00f1os dedicado a esta actividad, por sus conocimientos y aportaciones al desarrollo y preservaci\u00f3n de la apicultura en Yucat\u00e1n.<br>\u00a0<br>Por su parte, el presidente de la Fundaci\u00f3n Produce Yucat\u00e1n, Pedro Cabrera Quijano, reconoci\u00f3 al Gobernador Joaqu\u00edn D\u00edaz Mena por su cercan\u00eda con el campo y la pesca, sectores que forman parte de los ejes prioritarios de su administraci\u00f3n.<br>\u00a0<br>\u201cEstamos seguros de que, con el rumbo claro de este Gobierno del Renacimiento Maya, no solo tendremos un campo m\u00e1s productivo, sino tambi\u00e9n un estado m\u00e1s seguro, con desarrollo, prosperidad compartida y bienestar para las familias del campo\u201d, afirm\u00f3 Cabrera Quijano, quien se\u00f1al\u00f3 que la Expo Campo es considerada una de las ferias agr\u00edcolas y pesqueras m\u00e1s importantes del pa\u00eds.<br>\u00a0<br>A su vez, el secretario de Desarrollo Rural, Edgardo Medina Rodr\u00edguez, afirm\u00f3 que Expo Campo nace del trabajo, esfuerzo diario y amor por la tierra de miles de mujeres y hombres que hacen posible que el campo siga vivo y que, junto al Gobierno del Estado, impulsan su renacimiento.<br>\u00a0<br>\u201cEsta Expo Campo no es solo una feria, es una se\u00f1al clara de que el campo yucateco est\u00e1 avanzando, de que se puede producir m\u00e1s cuidando el medio ambiente y de que es posible construir una comercializaci\u00f3n m\u00e1s justa para quienes hacen del campo su vida\u201d, apunt\u00f3.<br>\u00a0<br>Durante su visita, el Gobernador recorri\u00f3 el Festival de la Miel, que re\u00fane a productoras y productores ap\u00edcolas del sector primario y de la industria, para promover el consumo, la transformaci\u00f3n y la comercializaci\u00f3n de la miel, producto insignia de Yucat\u00e1n.<br>\u00a0<br>Tambi\u00e9n visit\u00f3 el \u00e1rea del Mercado Renacer del Campo Yucateco, donde productoras y productores locales tienen la oportunidad de vender en la capital yucateca sus productos frescos y sin intermediarios.<br>\u00a0<br>En el evento estuvieron el presidente de la Mesa Directiva del Congreso del Estado, Rafael Quintal Medina; el presidente de la Junta de Gobierno y Coordinaci\u00f3n Pol\u00edtica, Wilmer Monforte Marfil; la senadora Ver\u00f3nica Camino Farjat; las diputadas federales Jessica Said\u00e9n Quiroz y Jazm\u00edn Villanueva Moo; la secretaria de Pesca y Acuacultura Sustentables, Lila Rosa Fr\u00edas Castillo; el director general del Instituto Yucateco de Emprendedores (IYEM), Salvador Vitelli Mac\u00edas; y el director general del Patronato de las Unidades de Servicios Culturales y Tur\u00edsticos del Estado de Yucat\u00e1n (Cultur), David Escalante Lombard.<\/p>\n\n\n\n<figure class=\"wp-block-image size-large\"><img loading=\"lazy\" decoding=\"async\" width=\"1024\" height=\"768\" src=\"http:\/\/vertienteglobal.com\/wp-content\/uploads\/2026\/04\/1001193423-1024x768.jpg\" alt=\"\" class=\"wp-image-256189\" srcset=\"http:\/\/vertienteglobal.com\/wp-content\/uploads\/2026\/04\/1001193423-1024x768.jpg 1024w, http:\/\/vertienteglobal.com\/wp-content\/uploads\/2026\/04\/1001193423-300x225.jpg 300w, http:\/\/vertienteglobal.com\/wp-content\/uploads\/2026\/04\/1001193423-150x113.jpg 150w, http:\/\/vertienteglobal.com\/wp-content\/uploads\/2026\/04\/1001193423-768x576.jpg 768w, http:\/\/vertienteglobal.com\/wp-content\/uploads\/2026\/04\/1001193423-1536x1152.jpg 1536w, http:\/\/vertienteglobal.com\/wp-content\/uploads\/2026\/04\/1001193423-2048x1536.jpg 2048w\" sizes=\"auto, (max-width: 1024px) 100vw, 1024px\" \/><\/figure>\n\n\n\n<figure class=\"wp-block-image size-full\"><img loading=\"lazy\" decoding=\"async\" width=\"2560\" height=\"1707\" src=\"http:\/\/vertienteglobal.com\/wp-content\/uploads\/2026\/04\/1001193424-scaled.jpg\" alt=\"\" class=\"wp-image-256190\" srcset=\"http:\/\/vertienteglobal.com\/wp-content\/uploads\/2026\/04\/1001193424-scaled.jpg 2560w, http:\/\/vertienteglobal.com\/wp-content\/uploads\/2026\/04\/1001193424-300x200.jpg 300w\" sizes=\"auto, (max-width: 2560px) 100vw, 2560px\" \/><\/figure>\n\n\n\n<figure class=\"wp-block-image size-full\"><img loading=\"lazy\" decoding=\"async\" width=\"2560\" height=\"1707\" src=\"http:\/\/vertienteglobal.com\/wp-content\/uploads\/2026\/04\/1001193425-scaled.jpg\" alt=\"\" class=\"wp-image-256191\" srcset=\"http:\/\/vertienteglobal.com\/wp-content\/uploads\/2026\/04\/1001193425-scaled.jpg 2560w, http:\/\/vertienteglobal.com\/wp-content\/uploads\/2026\/04\/1001193425-300x200.jpg 300w\" sizes=\"auto, (max-width: 2560px) 100vw, 2560px\" \/><\/figure>\n\n\n\n<figure class=\"wp-block-image size-large\"><img loading=\"lazy\" decoding=\"async\" width=\"1024\" height=\"683\" src=\"http:\/\/vertienteglobal.com\/wp-content\/uploads\/2026\/04\/1001193427-1024x683.jpg\" alt=\"\" class=\"wp-image-256192\" srcset=\"http:\/\/vertienteglobal.com\/wp-content\/uploads\/2026\/04\/1001193427-1024x683.jpg 1024w, http:\/\/vertienteglobal.com\/wp-content\/uploads\/2026\/04\/1001193427-300x200.jpg 300w, http:\/\/vertienteglobal.com\/wp-content\/uploads\/2026\/04\/1001193427-150x100.jpg 150w, http:\/\/vertienteglobal.com\/wp-content\/uploads\/2026\/04\/1001193427-768x512.jpg 768w, http:\/\/vertienteglobal.com\/wp-content\/uploads\/2026\/04\/1001193427-1536x1024.jpg 1536w, http:\/\/vertienteglobal.com\/wp-content\/uploads\/2026\/04\/1001193427-2048x1366.jpg 2048w\" sizes=\"auto, (max-width: 1024px) 100vw, 1024px\" \/><\/figure>\n\n\n\n<figure class=\"wp-block-image size-full\"><img loading=\"lazy\" decoding=\"async\" width=\"2560\" height=\"1707\" src=\"http:\/\/vertienteglobal.com\/wp-content\/uploads\/2026\/04\/1001193426-scaled.jpg\" alt=\"\" class=\"wp-image-256193\" srcset=\"http:\/\/vertienteglobal.com\/wp-content\/uploads\/2026\/04\/1001193426-scaled.jpg 2560w, http:\/\/vertienteglobal.com\/wp-content\/uploads\/2026\/04\/1001193426-300x200.jpg 300w\" sizes=\"auto, (max-width: 2560px) 100vw, 2560px\" \/><\/figure>\n","protected":false},"excerpt":{"rendered":"<p>(Redacci\u00f3n) Durante un recorrido por la muestra agroindustrial, el Gobernador Joaqu\u00edn D\u00edaz Mena reafirm\u00f3 el compromiso de fortalecer al sector con inversi\u00f3n, infraestructura productiva y coordinaci\u00f3n con instancias federales M\u00e9rida, Yucat\u00e1n, a 25 de abril de 2026.-Durante un recorrido por la Expo Campo 2026, el Gobernador Joaqu\u00edn D\u00edaz Mena refrend\u00f3 el compromiso del Gobierno del [&hellip;]<\/p>\n","protected":false},"author":6,"featured_media":256188,"comment_status":"open","ping_status":"open","sticky":false,"template":"","format":"standard","meta":{"footnotes":""},"categories":[2],"tags":[],"class_list":["post-256187","post","type-post","status-publish","format-standard","has-post-thumbnail","hentry","category-yucatan","entry","has-media"],"jetpack_featured_media_url":"http:\/\/vertienteglobal.com\/wp-content\/uploads\/2026\/04\/1001193416-scaled.jpg","_links":{"self":[{"href":"http:\/\/vertienteglobal.com\/index.php?rest_route=\/wp\/v2\/posts\/256187","targetHints":{"allow":["GET"]}}],"collection":[{"href":"http:\/\/vertienteglobal.com\/index.php?rest_route=\/wp\/v2\/posts"}],"about":[{"href":"http:\/\/vertienteglobal.com\/index.php?rest_route=\/wp\/v2\/types\/post"}],"author":[{"embeddable":true,"href":"http:\/\/vertienteglobal.com\/index.php?rest_route=\/wp\/v2\/users\/6"}],"replies":[{"embeddable":true,"href":"http:\/\/vertienteglobal.com\/index.php?rest_route=%2Fwp%2Fv2%2Fcomments&post=256187"}],"version-history":[{"count":1,"href":"http:\/\/vertienteglobal.com\/index.php?rest_route=\/wp\/v2\/posts\/256187\/revisions"}],"predecessor-version":[{"id":256194,"href":"http:\/\/vertienteglobal.com\/index.php?rest_route=\/wp\/v2\/posts\/256187\/revisions\/256194"}],"wp:featuredmedia":[{"embeddable":true,"href":"http:\/\/vertienteglobal.com\/index.php?rest_route=\/wp\/v2\/media\/256188"}],"wp:attachment":[{"href":"http:\/\/vertienteglobal.com\/index.php?rest_route=%2Fwp%2Fv2%2Fmedia&parent=256187"}],"wp:term":[{"taxonomy":"category","embeddable":true,"href":"http:\/\/vertienteglobal.com\/index.php?rest_route=%2Fwp%2Fv2%2Fcategories&post=256187"},{"taxonomy":"post_tag","embeddable":true,"href":"http:\/\/vertienteglobal.com\/index.php?rest_route=%2Fwp%2Fv2%2Ftags&post=256187"}],"curies":[{"name":"wp","href":"https:\/\/api.w.org\/{rel}","templated":true}]}}