{"id":256173,"date":"2026-04-26T11:09:00","date_gmt":"2026-04-26T16:09:00","guid":{"rendered":"http:\/\/vertienteglobal.com\/?p=256173"},"modified":"2026-04-26T23:21:51","modified_gmt":"2026-04-27T04:21:51","slug":"mercado-renacer-reune-a-250-productoras-y-productores-en-expo-campo-2026","status":"publish","type":"post","link":"http:\/\/vertienteglobal.com\/?p=256173","title":{"rendered":"Mercado Renacer re\u00fane a 250 productoras y productores en Expo Campo 2026"},"content":{"rendered":"\n<div class=\"twitterbutton\" style=\"float: right; padding-left: 5px;\"><a href=\"http:\/\/twitter.com\/share\" class=\"twitter-share-button\" data-count=\"horizontal\" data-text=\"Mercado Renacer re\u00fane a 250 productoras y productores en Expo Campo 2026\" data-via=\"https:\/\/twitter.com\/VertienteGloba1\" data-url=\"http:\/\/vertienteglobal.com\/?p=256173\" data-lang=\"es\" data-related=\"Informaci\u00f3n general:S\u00edguenos para que est\u00e9ss informado\"><\/a><\/div>\n<figure class=\"wp-block-image size-large\"><img loading=\"lazy\" decoding=\"async\" width=\"1024\" height=\"682\" src=\"http:\/\/vertienteglobal.com\/wp-content\/uploads\/2026\/04\/1001193400-1024x682.jpg\" alt=\"\" class=\"wp-image-256174\" srcset=\"http:\/\/vertienteglobal.com\/wp-content\/uploads\/2026\/04\/1001193400-1024x682.jpg 1024w, http:\/\/vertienteglobal.com\/wp-content\/uploads\/2026\/04\/1001193400-300x200.jpg 300w, http:\/\/vertienteglobal.com\/wp-content\/uploads\/2026\/04\/1001193400-150x100.jpg 150w, http:\/\/vertienteglobal.com\/wp-content\/uploads\/2026\/04\/1001193400-768x512.jpg 768w, http:\/\/vertienteglobal.com\/wp-content\/uploads\/2026\/04\/1001193400.jpg 1280w\" sizes=\"auto, (max-width: 1024px) 100vw, 1024px\" \/><\/figure>\n\n\n\n<p>(Redacci\u00f3n)<\/p>\n\n\n\n<p><em>Ofrecen hortalizas, miel, c\u00edtricos, salsas, huevos org\u00e1nicos y otros productos locales en un espacio que impulsa la venta directa de alimentos y productos locales<\/em><\/p>\n\n\n\n<p>M\u00e9rida, Yucat\u00e1n, a 26 de abril de 2026.-\u201cGracias al Mercado Renacer del Campo Yucateco hemos podido dar a conocer nuestros productos, encontrar nuevos clientes y mejorar nuestros ingresos; eso nos anima a seguir trabajando y nos confirma que lo que producimos le gusta a la gente\u201d, expres\u00f3 la productora de pepita de calabaza de Tecoh, Blanca Chan Poot.<\/p>\n\n\n\n<p>Ella forma parte de las 250 productoras y productores que participan en la cuarta edici\u00f3n del Mercado Renacer del Campo Yucateco, espacio instalado durante Expo Campo 2026 para acercar productos frescos, locales y a precios accesibles a las familias yucatecas.<\/p>\n\n\n\n<p>El mercado re\u00fane hortalizas, miel, c\u00edtricos, legumbres, salsas, derivados de la leche, huevos org\u00e1nicos, plantas de ornato y otros productos elaborados por productoras y productores de distintas regiones del estado.<\/p>\n\n\n\n<p>Otro de los participantes es el productor de tostadas de ma\u00edz criollo de Timucuy, Amir Tun, quien se\u00f1al\u00f3 que este espacio le permite promover productos elaborados a mano y al comal, adem\u00e1s de generar nuevas oportunidades comerciales.<\/p>\n\n\n\n<p>\u201cEstar en este mercado es muy satisfactorio, porque podemos crear alianzas con las personas a quienes les gusta nuestro producto, y eso nos permite hacer crecer nuestro negocio y nuestra econom\u00eda familiar\u201d, asegur\u00f3.<\/p>\n\n\n\n<p>El Mercado Renacer del Campo Yucateco fue impulsado por la Secretar\u00eda de Desarrollo Rural, con respaldo del Gobierno del Renacimiento Maya, como una plataforma para fortalecer la venta directa, promover el consumo local y contribuir al bienestar de las familias productoras.<\/p>\n\n\n\n<p>En esta edici\u00f3n, el Mercado Renacer del Campo Yucateco se realiz\u00f3 del 24 al 26 de abril en el Sal\u00f3n Ek Balam del Centro de Convenciones Yucat\u00e1n Siglo XXI, como parte de Expo Campo 2026.<\/p>\n\n\n\n<figure class=\"wp-block-image size-large\"><img loading=\"lazy\" decoding=\"async\" width=\"1024\" height=\"682\" src=\"http:\/\/vertienteglobal.com\/wp-content\/uploads\/2026\/04\/1001193401-1024x682.jpg\" alt=\"\" class=\"wp-image-256175\" srcset=\"http:\/\/vertienteglobal.com\/wp-content\/uploads\/2026\/04\/1001193401-1024x682.jpg 1024w, http:\/\/vertienteglobal.com\/wp-content\/uploads\/2026\/04\/1001193401-300x200.jpg 300w, http:\/\/vertienteglobal.com\/wp-content\/uploads\/2026\/04\/1001193401-150x100.jpg 150w, http:\/\/vertienteglobal.com\/wp-content\/uploads\/2026\/04\/1001193401-768x512.jpg 768w, http:\/\/vertienteglobal.com\/wp-content\/uploads\/2026\/04\/1001193401.jpg 1280w\" sizes=\"auto, (max-width: 1024px) 100vw, 1024px\" \/><\/figure>\n\n\n\n<figure class=\"wp-block-image size-large\"><img loading=\"lazy\" decoding=\"async\" width=\"1024\" height=\"682\" src=\"http:\/\/vertienteglobal.com\/wp-content\/uploads\/2026\/04\/1001193402-1024x682.jpg\" alt=\"\" class=\"wp-image-256176\" srcset=\"http:\/\/vertienteglobal.com\/wp-content\/uploads\/2026\/04\/1001193402-1024x682.jpg 1024w, http:\/\/vertienteglobal.com\/wp-content\/uploads\/2026\/04\/1001193402-300x200.jpg 300w, http:\/\/vertienteglobal.com\/wp-content\/uploads\/2026\/04\/1001193402-150x100.jpg 150w, http:\/\/vertienteglobal.com\/wp-content\/uploads\/2026\/04\/1001193402-768x512.jpg 768w, http:\/\/vertienteglobal.com\/wp-content\/uploads\/2026\/04\/1001193402.jpg 1280w\" sizes=\"auto, (max-width: 1024px) 100vw, 1024px\" \/><\/figure>\n\n\n\n<figure class=\"wp-block-image size-large\"><img loading=\"lazy\" decoding=\"async\" width=\"1024\" height=\"682\" src=\"http:\/\/vertienteglobal.com\/wp-content\/uploads\/2026\/04\/1001193403-1024x682.jpg\" alt=\"\" class=\"wp-image-256177\" srcset=\"http:\/\/vertienteglobal.com\/wp-content\/uploads\/2026\/04\/1001193403-1024x682.jpg 1024w, http:\/\/vertienteglobal.com\/wp-content\/uploads\/2026\/04\/1001193403-300x200.jpg 300w, http:\/\/vertienteglobal.com\/wp-content\/uploads\/2026\/04\/1001193403-150x100.jpg 150w, http:\/\/vertienteglobal.com\/wp-content\/uploads\/2026\/04\/1001193403-768x512.jpg 768w, http:\/\/vertienteglobal.com\/wp-content\/uploads\/2026\/04\/1001193403.jpg 1280w\" sizes=\"auto, (max-width: 1024px) 100vw, 1024px\" \/><\/figure>\n","protected":false},"excerpt":{"rendered":"<p>(Redacci\u00f3n) Ofrecen hortalizas, miel, c\u00edtricos, salsas, huevos org\u00e1nicos y otros productos locales en un espacio que impulsa la venta directa de alimentos y productos locales M\u00e9rida, Yucat\u00e1n, a 26 de abril de 2026.-\u201cGracias al Mercado Renacer del Campo Yucateco hemos podido dar a conocer nuestros productos, encontrar nuevos clientes y mejorar nuestros ingresos; eso nos [&hellip;]<\/p>\n","protected":false},"author":6,"featured_media":256174,"comment_status":"open","ping_status":"open","sticky":false,"template":"","format":"standard","meta":{"footnotes":""},"categories":[2],"tags":[],"class_list":["post-256173","post","type-post","status-publish","format-standard","has-post-thumbnail","hentry","category-yucatan","entry","has-media"],"jetpack_featured_media_url":"http:\/\/vertienteglobal.com\/wp-content\/uploads\/2026\/04\/1001193400.jpg","_links":{"self":[{"href":"http:\/\/vertienteglobal.com\/index.php?rest_route=\/wp\/v2\/posts\/256173","targetHints":{"allow":["GET"]}}],"collection":[{"href":"http:\/\/vertienteglobal.com\/index.php?rest_route=\/wp\/v2\/posts"}],"about":[{"href":"http:\/\/vertienteglobal.com\/index.php?rest_route=\/wp\/v2\/types\/post"}],"author":[{"embeddable":true,"href":"http:\/\/vertienteglobal.com\/index.php?rest_route=\/wp\/v2\/users\/6"}],"replies":[{"embeddable":true,"href":"http:\/\/vertienteglobal.com\/index.php?rest_route=%2Fwp%2Fv2%2Fcomments&post=256173"}],"version-history":[{"count":1,"href":"http:\/\/vertienteglobal.com\/index.php?rest_route=\/wp\/v2\/posts\/256173\/revisions"}],"predecessor-version":[{"id":256178,"href":"http:\/\/vertienteglobal.com\/index.php?rest_route=\/wp\/v2\/posts\/256173\/revisions\/256178"}],"wp:featuredmedia":[{"embeddable":true,"href":"http:\/\/vertienteglobal.com\/index.php?rest_route=\/wp\/v2\/media\/256174"}],"wp:attachment":[{"href":"http:\/\/vertienteglobal.com\/index.php?rest_route=%2Fwp%2Fv2%2Fmedia&parent=256173"}],"wp:term":[{"taxonomy":"category","embeddable":true,"href":"http:\/\/vertienteglobal.com\/index.php?rest_route=%2Fwp%2Fv2%2Fcategories&post=256173"},{"taxonomy":"post_tag","embeddable":true,"href":"http:\/\/vertienteglobal.com\/index.php?rest_route=%2Fwp%2Fv2%2Ftags&post=256173"}],"curies":[{"name":"wp","href":"https:\/\/api.w.org\/{rel}","templated":true}]}}