{"id":256159,"date":"2026-04-26T14:58:00","date_gmt":"2026-04-26T19:58:00","guid":{"rendered":"http:\/\/vertienteglobal.com\/?p=256159"},"modified":"2026-04-26T23:08:04","modified_gmt":"2026-04-27T04:08:04","slug":"dif-yucatan-fortalece-la-atencion-en-rehabilitacion-en-dzilam-gonzalez-con-nuevo-gimnasio-terapeutico-sensorial","status":"publish","type":"post","link":"http:\/\/vertienteglobal.com\/?p=256159","title":{"rendered":"DIF Yucat\u00e1n fortalece la atenci\u00f3n en rehabilitaci\u00f3n en Dzilam Gonz\u00e1lez con nuevo gimnasio terap\u00e9utico sensorial"},"content":{"rendered":"\n<div class=\"twitterbutton\" style=\"float: right; padding-left: 5px;\"><a href=\"http:\/\/twitter.com\/share\" class=\"twitter-share-button\" data-count=\"horizontal\" data-text=\"DIF Yucat\u00e1n fortalece la atenci\u00f3n en rehabilitaci\u00f3n en Dzilam Gonz\u00e1lez con n...\" data-via=\"https:\/\/twitter.com\/VertienteGloba1\" data-url=\"http:\/\/vertienteglobal.com\/?p=256159\" data-lang=\"es\" data-related=\"Informaci\u00f3n general:S\u00edguenos para que est\u00e9ss informado\"><\/a><\/div>\n<figure class=\"wp-block-image size-large\"><img loading=\"lazy\" decoding=\"async\" width=\"1024\" height=\"683\" src=\"http:\/\/vertienteglobal.com\/wp-content\/uploads\/2026\/04\/1001193374-1024x683.jpg\" alt=\"\" class=\"wp-image-256160\" srcset=\"http:\/\/vertienteglobal.com\/wp-content\/uploads\/2026\/04\/1001193374-1024x683.jpg 1024w, http:\/\/vertienteglobal.com\/wp-content\/uploads\/2026\/04\/1001193374-300x200.jpg 300w, http:\/\/vertienteglobal.com\/wp-content\/uploads\/2026\/04\/1001193374-150x100.jpg 150w, http:\/\/vertienteglobal.com\/wp-content\/uploads\/2026\/04\/1001193374-768x512.jpg 768w, http:\/\/vertienteglobal.com\/wp-content\/uploads\/2026\/04\/1001193374-1536x1024.jpg 1536w, http:\/\/vertienteglobal.com\/wp-content\/uploads\/2026\/04\/1001193374-2048x1366.jpg 2048w\" sizes=\"auto, (max-width: 1024px) 100vw, 1024px\" \/><\/figure>\n\n\n\n<p>(Redacci\u00f3n)<\/p>\n\n\n\n<p><em>Con una inversi\u00f3n de m\u00e1s de 890 mil pesos, la UBR de Dzilam Gonz\u00e1lez ampl\u00eda su capacidad de atenci\u00f3n con un espacio dise\u00f1ado para fortalecer la rehabilitaci\u00f3n, autonom\u00eda y bienestar de la poblaci\u00f3n<\/em><\/p>\n\n\n\n<p>Dzilam Gonz\u00e1lez, Yucat\u00e1n, a 26 de abril de 2026.-El Sistema DIF Yucat\u00e1n habilit\u00f3 el nuevo Gimnasio Terap\u00e9utico Sensorial de la Unidad B\u00e1sica de Rehabilitaci\u00f3n (UBR) de Dzilam Gonz\u00e1lez, con lo que se fortalece la atenci\u00f3n que se brinda a personas con discapacidad y a quienes requieren servicios de rehabilitaci\u00f3n en el municipio.<\/p>\n\n\n\n<p>El evento fue encabezado por la Presidenta Honoraria del DIF Yucat\u00e1n, Mtra. Wendy M\u00e9ndez Naal, quien se\u00f1al\u00f3 que este proyecto forma parte de la visi\u00f3n del Renacimiento Maya, impulsada por el Gobernador Joaqu\u00edn D\u00edaz Mena, para colocar al centro a las personas y fortalecer los servicios dirigidos a grupos en situaci\u00f3n de vulnerabilidad, especialmente ni\u00f1as, ni\u00f1os, personas mayores y personas con discapacidad.<\/p>\n\n\n\n<p>\u201cSabemos que rehabilitar no solo significa atender una condici\u00f3n f\u00edsica, sino tambi\u00e9n brindar herramientas para que cada persona pueda desarrollar sus capacidades, ganar confianza y tener una mejor calidad de vida\u201d, sostuvo.<\/p>\n\n\n\n<p>Los trabajos de intervenci\u00f3n consistieron en la mejora de las instalaciones, pintura interior y exterior, as\u00ed como en la entrega de equipo biom\u00e9dico para reforzar la capacidad de atenci\u00f3n de la UBR, con una inversi\u00f3n total de 894 mil 857.14 pesos, destinada a fortalecer este espacio en beneficio de la poblaci\u00f3n.<\/p>\n\n\n\n<p>Tambi\u00e9n se habilit\u00f3 un gimnasio terap\u00e9utico sensorial, dise\u00f1ado para que ni\u00f1as, ni\u00f1os, adolescentes, personas adultas y personas mayores puedan recibir terapias en un entorno seguro, digno y adecuado para sus necesidades.<\/p>\n\n\n\n<p>Este espacio incorpora equipo como pelotas terap\u00e9uticas, columpios y texturas, que permiten trabajar la estimulaci\u00f3n vestibular y propioceptiva, as\u00ed como actividades enfocadas en mejorar la coordinaci\u00f3n, el equilibrio, la concentraci\u00f3n, el bienestar emocional y la autonom\u00eda de las personas usuarias.<\/p>\n\n\n\n<p>Adem\u00e1s, la Presidenta Honoraria anunci\u00f3 la contrataci\u00f3n de una segunda terapeuta para la UBR de Dzilam Gonz\u00e1lez, luego de que esta unidad aument\u00f3 su nivel de atenci\u00f3n, lo que fortalecer\u00e1 la capacidad de respuesta y servicio para la poblaci\u00f3n del municipio.<\/p>\n\n\n\n<p>Por su parte, el beneficiario de la UBR, Ricardo Rodr\u00edguez, reconoci\u00f3 el impacto que este espacio tuvo en su proceso de recuperaci\u00f3n y en el de otras personas, al se\u00f1alar que las terapias le permitieron recuperar fortaleza y mantener el \u00e1nimo para seguir adelante.<\/p>\n\n\n\n<p>\u201cSomos personas diferentes a como llegamos. Ya no tenemos ese \u00e1nimo bajo, al contrario, tenemos muchas ganas de seguir viviendo\u201d, expres\u00f3.<\/p>\n\n\n\n<p>Ricardo tambi\u00e9n pidi\u00f3 que se contin\u00fae fortaleciendo la UBR de Dzilam Gonz\u00e1lez, ya que cada vez son m\u00e1s las personas que requieren estos espacios para mejorar su calidad de vida y continuar con sus procesos de rehabilitaci\u00f3n.<\/p>\n\n\n\n<p>La Presidenta Honoraria del DIF Yucat\u00e1n, Wendy M\u00e9ndez Naal, reiter\u00f3 que el DIF Yucat\u00e1n seguir\u00e1 trabajando de la mano con los DIF municipales y los ayuntamientos que busquen atender a su poblaci\u00f3n, al reconocer que estas instancias representan el rostro humano y cercano en cada comunidad.<\/p>\n\n\n\n<p>El evento cont\u00f3 con la participaci\u00f3n del alcalde de Dzilam Gonz\u00e1lez, Job Joel Poot K\u00fa; la Presidenta del DIF Municipal, Amairani Cristel Mart\u00edn Zapata; la directora del Centro de Rehabilitaci\u00f3n y Educaci\u00f3n Especial (CREE), Lidieth Denis Alcocer; la subdirectora de Rehabilitaci\u00f3n y Capacitaci\u00f3n del CREE, Aneris Sugey Vera Porter; la jefa de las UBR, Alondra Paredes Sol\u00eds; la coordinadora de UBR, Genny Chi Ek; as\u00ed como autoridades municipales y personas beneficiarias de la unidad.<\/p>\n\n\n\n<figure class=\"wp-block-image size-large\"><img loading=\"lazy\" decoding=\"async\" width=\"1024\" height=\"683\" src=\"http:\/\/vertienteglobal.com\/wp-content\/uploads\/2026\/04\/1001193376-1024x683.jpg\" alt=\"\" class=\"wp-image-256161\" srcset=\"http:\/\/vertienteglobal.com\/wp-content\/uploads\/2026\/04\/1001193376-1024x683.jpg 1024w, http:\/\/vertienteglobal.com\/wp-content\/uploads\/2026\/04\/1001193376-300x200.jpg 300w, http:\/\/vertienteglobal.com\/wp-content\/uploads\/2026\/04\/1001193376-150x100.jpg 150w, http:\/\/vertienteglobal.com\/wp-content\/uploads\/2026\/04\/1001193376-768x512.jpg 768w, http:\/\/vertienteglobal.com\/wp-content\/uploads\/2026\/04\/1001193376-1536x1024.jpg 1536w, http:\/\/vertienteglobal.com\/wp-content\/uploads\/2026\/04\/1001193376-2048x1366.jpg 2048w\" sizes=\"auto, (max-width: 1024px) 100vw, 1024px\" \/><\/figure>\n\n\n\n<figure class=\"wp-block-image size-large\"><img loading=\"lazy\" decoding=\"async\" width=\"1024\" height=\"683\" src=\"http:\/\/vertienteglobal.com\/wp-content\/uploads\/2026\/04\/1001193377-1024x683.jpg\" alt=\"\" class=\"wp-image-256162\" srcset=\"http:\/\/vertienteglobal.com\/wp-content\/uploads\/2026\/04\/1001193377-1024x683.jpg 1024w, http:\/\/vertienteglobal.com\/wp-content\/uploads\/2026\/04\/1001193377-300x200.jpg 300w, http:\/\/vertienteglobal.com\/wp-content\/uploads\/2026\/04\/1001193377-150x100.jpg 150w\" sizes=\"auto, (max-width: 1024px) 100vw, 1024px\" \/><\/figure>\n\n\n\n<figure class=\"wp-block-image size-large\"><img loading=\"lazy\" decoding=\"async\" width=\"1024\" height=\"683\" src=\"http:\/\/vertienteglobal.com\/wp-content\/uploads\/2026\/04\/1001193379-1024x683.jpg\" alt=\"\" class=\"wp-image-256164\" srcset=\"http:\/\/vertienteglobal.com\/wp-content\/uploads\/2026\/04\/1001193379-1024x683.jpg 1024w, http:\/\/vertienteglobal.com\/wp-content\/uploads\/2026\/04\/1001193379-300x200.jpg 300w, http:\/\/vertienteglobal.com\/wp-content\/uploads\/2026\/04\/1001193379-150x100.jpg 150w, http:\/\/vertienteglobal.com\/wp-content\/uploads\/2026\/04\/1001193379-768x512.jpg 768w, http:\/\/vertienteglobal.com\/wp-content\/uploads\/2026\/04\/1001193379-1536x1024.jpg 1536w, http:\/\/vertienteglobal.com\/wp-content\/uploads\/2026\/04\/1001193379-2048x1366.jpg 2048w\" sizes=\"auto, (max-width: 1024px) 100vw, 1024px\" \/><\/figure>\n","protected":false},"excerpt":{"rendered":"<p>(Redacci\u00f3n) Con una inversi\u00f3n de m\u00e1s de 890 mil pesos, la UBR de Dzilam Gonz\u00e1lez ampl\u00eda su capacidad de atenci\u00f3n con un espacio dise\u00f1ado para fortalecer la rehabilitaci\u00f3n, autonom\u00eda y bienestar de la poblaci\u00f3n Dzilam Gonz\u00e1lez, Yucat\u00e1n, a 26 de abril de 2026.-El Sistema DIF Yucat\u00e1n habilit\u00f3 el nuevo Gimnasio Terap\u00e9utico Sensorial de la Unidad [&hellip;]<\/p>\n","protected":false},"author":6,"featured_media":256160,"comment_status":"open","ping_status":"open","sticky":false,"template":"","format":"standard","meta":{"footnotes":""},"categories":[2],"tags":[],"class_list":["post-256159","post","type-post","status-publish","format-standard","has-post-thumbnail","hentry","category-yucatan","entry","has-media"],"jetpack_featured_media_url":"http:\/\/vertienteglobal.com\/wp-content\/uploads\/2026\/04\/1001193374.jpg","_links":{"self":[{"href":"http:\/\/vertienteglobal.com\/index.php?rest_route=\/wp\/v2\/posts\/256159","targetHints":{"allow":["GET"]}}],"collection":[{"href":"http:\/\/vertienteglobal.com\/index.php?rest_route=\/wp\/v2\/posts"}],"about":[{"href":"http:\/\/vertienteglobal.com\/index.php?rest_route=\/wp\/v2\/types\/post"}],"author":[{"embeddable":true,"href":"http:\/\/vertienteglobal.com\/index.php?rest_route=\/wp\/v2\/users\/6"}],"replies":[{"embeddable":true,"href":"http:\/\/vertienteglobal.com\/index.php?rest_route=%2Fwp%2Fv2%2Fcomments&post=256159"}],"version-history":[{"count":1,"href":"http:\/\/vertienteglobal.com\/index.php?rest_route=\/wp\/v2\/posts\/256159\/revisions"}],"predecessor-version":[{"id":256165,"href":"http:\/\/vertienteglobal.com\/index.php?rest_route=\/wp\/v2\/posts\/256159\/revisions\/256165"}],"wp:featuredmedia":[{"embeddable":true,"href":"http:\/\/vertienteglobal.com\/index.php?rest_route=\/wp\/v2\/media\/256160"}],"wp:attachment":[{"href":"http:\/\/vertienteglobal.com\/index.php?rest_route=%2Fwp%2Fv2%2Fmedia&parent=256159"}],"wp:term":[{"taxonomy":"category","embeddable":true,"href":"http:\/\/vertienteglobal.com\/index.php?rest_route=%2Fwp%2Fv2%2Fcategories&post=256159"},{"taxonomy":"post_tag","embeddable":true,"href":"http:\/\/vertienteglobal.com\/index.php?rest_route=%2Fwp%2Fv2%2Ftags&post=256159"}],"curies":[{"name":"wp","href":"https:\/\/api.w.org\/{rel}","templated":true}]}}