{"id":256153,"date":"2026-04-26T17:44:00","date_gmt":"2026-04-26T22:44:00","guid":{"rendered":"http:\/\/vertienteglobal.com\/?p=256153"},"modified":"2026-04-26T23:01:08","modified_gmt":"2026-04-27T04:01:08","slug":"mas-de-mil-800-jaraneras-y-jaraneros-celebran-el-dia-internacional-de-la-danza-en-el-gran-museo-del-mundo-maya","status":"publish","type":"post","link":"http:\/\/vertienteglobal.com\/?p=256153","title":{"rendered":"M\u00e1s de mil 800 jaraneras y jaraneros celebran el D\u00eda Internacional de la Danza en el Gran Museo del Mundo Maya"},"content":{"rendered":"\n<div class=\"twitterbutton\" style=\"float: right; padding-left: 5px;\"><a href=\"http:\/\/twitter.com\/share\" class=\"twitter-share-button\" data-count=\"horizontal\" data-text=\"M\u00e1s de mil 800 jaraneras y jaraneros celebran el D\u00eda Internacional de la Danza...\" data-via=\"https:\/\/twitter.com\/VertienteGloba1\" data-url=\"http:\/\/vertienteglobal.com\/?p=256153\" data-lang=\"es\" data-related=\"Informaci\u00f3n general:S\u00edguenos para que est\u00e9ss informado\"><\/a><\/div>\n<figure class=\"wp-block-image size-large\"><img loading=\"lazy\" decoding=\"async\" width=\"1024\" height=\"682\" src=\"http:\/\/vertienteglobal.com\/wp-content\/uploads\/2026\/04\/1001193364-1024x682.jpg\" alt=\"\" class=\"wp-image-256154\" srcset=\"http:\/\/vertienteglobal.com\/wp-content\/uploads\/2026\/04\/1001193364-1024x682.jpg 1024w, http:\/\/vertienteglobal.com\/wp-content\/uploads\/2026\/04\/1001193364-300x200.jpg 300w, http:\/\/vertienteglobal.com\/wp-content\/uploads\/2026\/04\/1001193364-150x100.jpg 150w, http:\/\/vertienteglobal.com\/wp-content\/uploads\/2026\/04\/1001193364-768x512.jpg 768w, http:\/\/vertienteglobal.com\/wp-content\/uploads\/2026\/04\/1001193364-1536x1024.jpg 1536w, http:\/\/vertienteglobal.com\/wp-content\/uploads\/2026\/04\/1001193364-2048x1365.jpg 2048w\" sizes=\"auto, (max-width: 1024px) 100vw, 1024px\" \/><\/figure>\n\n\n\n<p>(Redacci\u00f3n)<\/p>\n\n\n\n<p><em>Danzantes de m\u00e1s de 80 municipios participaron en la Tarde de Vaquer\u00eda organizada por la Sedeculta, con m\u00fasica de la Orquesta Jaranera del Mayab y la Real Orquesta Yucateca<\/em><\/p>\n\n\n\n<p>M\u00e9rida, Yucat\u00e1n, a 26 de abril de 2026.-Toritos, cipreses, jaranas y bordados coloridos lucieron durante seis horas de taconeo y m\u00fasica tradicional yucateca, que convirtieron la explanada del Gran Museo del Mundo Maya en una fiesta de los pueblos del estado durante la Tarde de Vaquer\u00eda organizada por la Secretar\u00eda de la Cultura y las Artes (Sedeculta).<\/p>\n\n\n\n<p>M\u00e1s de mil 800 jaraneras y jaraneros, junto con p\u00fablico de todas las edades, participaron en este encuentro de cultura viva con la m\u00fasica de la Orquesta Jaranera del Mayab y la Real Orquesta Yucateca de Arturo Turriza, como parte de la celebraci\u00f3n del D\u00eda Internacional de la Danza desde el Renacimiento Maya.<\/p>\n\n\n\n<p>Ante la amplia participaci\u00f3n, la titular de la Sedeculta, Patricia Mart\u00edn Brice\u00f1o, anunci\u00f3 que se buscar\u00e1 repetir esta actividad para convertirla en una tradici\u00f3n anual en el Gran Museo del Mundo Maya, recinto que contin\u00faa consolid\u00e1ndose como un espacio donde la historia dialoga con las tradiciones, los saberes y las expresiones comunitarias que forman parte del patrimonio vivo de Yucat\u00e1n.<\/p>\n\n\n\n<p>Jaraneras y jaraneros de m\u00e1s de 80 municipios, as\u00ed como danzantes de Campeche y Quintana Roo, mostraron sus pasos y atuendos multicolores, con textiles de distintas regiones y t\u00e9cnicas del bordado maya yucateco, en una fiesta de inclusi\u00f3n y diversidad para todas y todos.<\/p>\n\n\n\n<p>Con piezas como la cl\u00e1sica \u201cAngaripola\u201d, participaron jaraneras embajadoras de la comunidad de la diversidad sexual, Reinas Vaqueras y 15 maestros jaraneros, quienes recibieron reconocimientos de la Sedeculta por su labor en la preservaci\u00f3n y transmisi\u00f3n de los festejos tradicionales de Yucat\u00e1n entre generaciones.<\/p>\n\n\n\n<p>La Tarde de Vaquer\u00eda tambi\u00e9n fue escenario para la presentaci\u00f3n de \u201cLa Fiesta de Yucat\u00e1n\u201d, nuevo disco de la Real Orquesta Yucateca, dirigida por Arturo Turriza, quien a sus 25 a\u00f1os encabeza este proyecto musical en su natal Tizim\u00edn junto con j\u00f3venes interesados en conservar y promover la jarana.<\/p>\n\n\n\n<p>Con esta actividad, el Gobierno del Renacimiento Maya, encabezado por el Gobernador Joaqu\u00edn D\u00edaz Mena, a trav\u00e9s de la Sedeculta, reafirma su compromiso de reconocer y revalorar las expresiones culturales de Yucat\u00e1n, as\u00ed como de promover su preservaci\u00f3n y aprendizaje entre distintas generaciones.<\/p>\n\n\n\n<p>Los festejos iniciaron a las cuatro de la tarde con la llegada de los grupos de jaraneras y jaraneros, precedidos por el Ballet Folkl\u00f3rico del Estado de Yucat\u00e1n \u201cAlfredo Cort\u00e9s Aguilar\u201d, que abri\u00f3 el espacio para la participaci\u00f3n de cientos de danzantes de distintos municipios.<\/p>\n\n\n\n<p>Entre las delegaciones participantes estuvieron Buctzotz, Calotmul, Cenotillo, Cuncunul, Chankom, Chemax, Chichimil\u00e1, Chikindzonot, Dzit\u00e1s, Espita, Kaua, Panab\u00e1, R\u00edo Lagartos, San Felipe, Sucil\u00e1, Tecoh, Temoz\u00f3n, Tinum, Tixcacalcupul, Tizim\u00edn, Uayma, Valladolid, Abal\u00e1, Celest\u00fan, Chochol\u00e1, Halach\u00f3, Hunucm\u00e1, Kinchil, Kopom\u00e1, Maxcan\u00fa, Opich\u00e9n, Samahil, Tetiz, Uc\u00fa, Um\u00e1n, Tzucacab, Dzidzant\u00fan, Dzilam de Bravo, Dzilam Gonz\u00e1lez, Ixil, Progreso, Sinanch\u00e9, Telchac Pueblo, Telchac Puerto y Yoba\u00edn.<\/p>\n\n\n\n<p>Tambi\u00e9n participaron danzantes de Acanceh, Baca, Bokob\u00e1, Cacalch\u00e9n, Cansahcab, Conkal, Cuzam\u00e1, Chicxulub Pueblo, Dzoncauich, Hocab\u00e1, Hoct\u00fan, Hom\u00fan, Huh\u00ed, Izamal, Kanas\u00edn, Kantunil, Mococh\u00e1, Motul, Muxupip, Sanahcat, Sey\u00e9, Sotuta, Sudzal, Suma, Tahmek, Tekal de Venegas, Tekant\u00f3, Temax, Tepak\u00e1n, Timucuy, Teya, Tixkokob, Tixp\u00e9hual, Tunk\u00e1s, Xocchel, Yaxcab\u00e1, Yaxkukul y M\u00e9rida.<\/p>\n\n\n\n<p>\u201cHoy va a vibrar lo nuestro, el zapateo y el orgullo de ser yucatecos y yucatecas. Hoy se celebra el D\u00eda Internacional de la Danza y qu\u00e9 danza m\u00e1s representativa que la jarana\u201d, expres\u00f3 la titular de la Sedeculta, Patricia Mart\u00edn Brice\u00f1o, al recibir a las y los jaraneros, a quienes reconoci\u00f3 por representar el legado de Yucat\u00e1n.<\/p>\n\n\n\n<p>A\u00f1adi\u00f3 que las y los participantes hacen que ese legado florezca y contin\u00fae con ternos y bordados en un museo que no es est\u00e1tico, sino un escenario abierto para que la cultura maya se manifieste y respire.<\/p>\n\n\n\n<p>La Tarde de Vaquer\u00eda fue transmitida en vivo a trav\u00e9s de las se\u00f1ales del Instituto Mexicano de la Radio (IMER) en Yucat\u00e1n y de las redes sociales de la Real Orquesta Yucateca.<\/p>\n\n\n\n<figure class=\"wp-block-image size-large\"><img loading=\"lazy\" decoding=\"async\" width=\"1024\" height=\"675\" src=\"http:\/\/vertienteglobal.com\/wp-content\/uploads\/2026\/04\/1001193368-1024x675.jpg\" alt=\"\" class=\"wp-image-256155\" srcset=\"http:\/\/vertienteglobal.com\/wp-content\/uploads\/2026\/04\/1001193368-1024x675.jpg 1024w, http:\/\/vertienteglobal.com\/wp-content\/uploads\/2026\/04\/1001193368-300x198.jpg 300w, http:\/\/vertienteglobal.com\/wp-content\/uploads\/2026\/04\/1001193368-150x99.jpg 150w, http:\/\/vertienteglobal.com\/wp-content\/uploads\/2026\/04\/1001193368-768x506.jpg 768w, http:\/\/vertienteglobal.com\/wp-content\/uploads\/2026\/04\/1001193368-1536x1013.jpg 1536w, http:\/\/vertienteglobal.com\/wp-content\/uploads\/2026\/04\/1001193368-2048x1350.jpg 2048w\" sizes=\"auto, (max-width: 1024px) 100vw, 1024px\" \/><\/figure>\n\n\n\n<figure class=\"wp-block-image size-large\"><img loading=\"lazy\" decoding=\"async\" width=\"1024\" height=\"682\" src=\"http:\/\/vertienteglobal.com\/wp-content\/uploads\/2026\/04\/1001193373-1024x682.jpg\" alt=\"\" class=\"wp-image-256156\" srcset=\"http:\/\/vertienteglobal.com\/wp-content\/uploads\/2026\/04\/1001193373-1024x682.jpg 1024w, http:\/\/vertienteglobal.com\/wp-content\/uploads\/2026\/04\/1001193373-300x200.jpg 300w, http:\/\/vertienteglobal.com\/wp-content\/uploads\/2026\/04\/1001193373-150x100.jpg 150w, http:\/\/vertienteglobal.com\/wp-content\/uploads\/2026\/04\/1001193373-768x512.jpg 768w, http:\/\/vertienteglobal.com\/wp-content\/uploads\/2026\/04\/1001193373-1536x1024.jpg 1536w, http:\/\/vertienteglobal.com\/wp-content\/uploads\/2026\/04\/1001193373-2048x1365.jpg 2048w\" sizes=\"auto, (max-width: 1024px) 100vw, 1024px\" \/><\/figure>\n\n\n\n<figure class=\"wp-block-image size-large\"><img loading=\"lazy\" decoding=\"async\" width=\"1024\" height=\"682\" src=\"http:\/\/vertienteglobal.com\/wp-content\/uploads\/2026\/04\/1001193372-1024x682.jpg\" alt=\"\" class=\"wp-image-256157\" srcset=\"http:\/\/vertienteglobal.com\/wp-content\/uploads\/2026\/04\/1001193372-1024x682.jpg 1024w, http:\/\/vertienteglobal.com\/wp-content\/uploads\/2026\/04\/1001193372-300x200.jpg 300w, http:\/\/vertienteglobal.com\/wp-content\/uploads\/2026\/04\/1001193372-150x100.jpg 150w, http:\/\/vertienteglobal.com\/wp-content\/uploads\/2026\/04\/1001193372-768x512.jpg 768w, http:\/\/vertienteglobal.com\/wp-content\/uploads\/2026\/04\/1001193372-1536x1024.jpg 1536w, http:\/\/vertienteglobal.com\/wp-content\/uploads\/2026\/04\/1001193372-2048x1365.jpg 2048w\" sizes=\"auto, (max-width: 1024px) 100vw, 1024px\" \/><\/figure>\n","protected":false},"excerpt":{"rendered":"<p>(Redacci\u00f3n) Danzantes de m\u00e1s de 80 municipios participaron en la Tarde de Vaquer\u00eda organizada por la Sedeculta, con m\u00fasica de la Orquesta Jaranera del Mayab y la Real Orquesta Yucateca M\u00e9rida, Yucat\u00e1n, a 26 de abril de 2026.-Toritos, cipreses, jaranas y bordados coloridos lucieron durante seis horas de taconeo y m\u00fasica tradicional yucateca, que convirtieron [&hellip;]<\/p>\n","protected":false},"author":6,"featured_media":256154,"comment_status":"open","ping_status":"open","sticky":false,"template":"","format":"standard","meta":{"footnotes":""},"categories":[2],"tags":[],"class_list":["post-256153","post","type-post","status-publish","format-standard","has-post-thumbnail","hentry","category-yucatan","entry","has-media"],"jetpack_featured_media_url":"http:\/\/vertienteglobal.com\/wp-content\/uploads\/2026\/04\/1001193364.jpg","_links":{"self":[{"href":"http:\/\/vertienteglobal.com\/index.php?rest_route=\/wp\/v2\/posts\/256153","targetHints":{"allow":["GET"]}}],"collection":[{"href":"http:\/\/vertienteglobal.com\/index.php?rest_route=\/wp\/v2\/posts"}],"about":[{"href":"http:\/\/vertienteglobal.com\/index.php?rest_route=\/wp\/v2\/types\/post"}],"author":[{"embeddable":true,"href":"http:\/\/vertienteglobal.com\/index.php?rest_route=\/wp\/v2\/users\/6"}],"replies":[{"embeddable":true,"href":"http:\/\/vertienteglobal.com\/index.php?rest_route=%2Fwp%2Fv2%2Fcomments&post=256153"}],"version-history":[{"count":1,"href":"http:\/\/vertienteglobal.com\/index.php?rest_route=\/wp\/v2\/posts\/256153\/revisions"}],"predecessor-version":[{"id":256158,"href":"http:\/\/vertienteglobal.com\/index.php?rest_route=\/wp\/v2\/posts\/256153\/revisions\/256158"}],"wp:featuredmedia":[{"embeddable":true,"href":"http:\/\/vertienteglobal.com\/index.php?rest_route=\/wp\/v2\/media\/256154"}],"wp:attachment":[{"href":"http:\/\/vertienteglobal.com\/index.php?rest_route=%2Fwp%2Fv2%2Fmedia&parent=256153"}],"wp:term":[{"taxonomy":"category","embeddable":true,"href":"http:\/\/vertienteglobal.com\/index.php?rest_route=%2Fwp%2Fv2%2Fcategories&post=256153"},{"taxonomy":"post_tag","embeddable":true,"href":"http:\/\/vertienteglobal.com\/index.php?rest_route=%2Fwp%2Fv2%2Ftags&post=256153"}],"curies":[{"name":"wp","href":"https:\/\/api.w.org\/{rel}","templated":true}]}}