{"id":256144,"date":"2026-04-24T14:44:00","date_gmt":"2026-04-24T19:44:00","guid":{"rendered":"http:\/\/vertienteglobal.com\/?p=256144"},"modified":"2026-04-26T22:55:19","modified_gmt":"2026-04-27T03:55:19","slug":"quintana-roo-gradua-primera-generacion-de-reconecta-con-la-paz-para-prevenir-reincidencia-delictiva","status":"publish","type":"post","link":"http:\/\/vertienteglobal.com\/?p=256144","title":{"rendered":"Quintana Roo grad\u00faa primera generaci\u00f3n de \u201cReconecta con la Paz\u201d para prevenir reincidencia delictiva"},"content":{"rendered":"\n<div class=\"twitterbutton\" style=\"float: right; padding-left: 5px;\"><a href=\"http:\/\/twitter.com\/share\" class=\"twitter-share-button\" data-count=\"horizontal\" data-text=\"Quintana Roo grad\u00faa primera generaci\u00f3n de \u201cReconecta con la Paz\u201d para prev...\" data-via=\"https:\/\/twitter.com\/VertienteGloba1\" data-url=\"http:\/\/vertienteglobal.com\/?p=256144\" data-lang=\"es\" data-related=\"Informaci\u00f3n general:S\u00edguenos para que est\u00e9ss informado\"><\/a><\/div>\n<figure class=\"wp-block-image size-large\"><img loading=\"lazy\" decoding=\"async\" width=\"1024\" height=\"683\" src=\"http:\/\/vertienteglobal.com\/wp-content\/uploads\/2026\/04\/1001193330-1024x683.jpg\" alt=\"\" class=\"wp-image-256145\" srcset=\"http:\/\/vertienteglobal.com\/wp-content\/uploads\/2026\/04\/1001193330-1024x683.jpg 1024w, http:\/\/vertienteglobal.com\/wp-content\/uploads\/2026\/04\/1001193330-300x200.jpg 300w, http:\/\/vertienteglobal.com\/wp-content\/uploads\/2026\/04\/1001193330-150x100.jpg 150w, http:\/\/vertienteglobal.com\/wp-content\/uploads\/2026\/04\/1001193330-768x512.jpg 768w, http:\/\/vertienteglobal.com\/wp-content\/uploads\/2026\/04\/1001193330.jpg 1280w\" sizes=\"auto, (max-width: 1024px) 100vw, 1024px\" \/><\/figure>\n\n\n\n<p>(Redacci\u00f3n)<\/p>\n\n\n\n<p>La gobernadora Mara Lezama y Esthela Dami\u00e1n Peralta, Consejera Jur\u00eddica del Gobierno de M\u00e9xico, encabezaron ceremonia de egreso de primera la generaci\u00f3n de \u201cReconecta con la Paz\u201d en Quintana Roo<\/p>\n\n\n\n<p>Tambi\u00e9n se realiz\u00f3 la firma del Nuevo Acuerdo por el Bienestar y Desarrollo de Quintana Roo para fortalecer la estrategia del programa<\/p>\n\n\n\n<p>Canc\u00fan, Quintana Roo 24 de abril de 2026.- La gobernadora Mara Lezama Espinosa encabez\u00f3 la ceremonia de graduaci\u00f3n de la primera generaci\u00f3n de beneficiarios de la Estrategia Nacional \u201cReconecta con la Paz\u201d, un programa enfocado en la reinserci\u00f3n social de j\u00f3venes y la prevenci\u00f3n de la reincidencia delictiva, que en su arranque logr\u00f3 la conclusi\u00f3n exitosa de nueve participantes.<\/p>\n\n\n\n<p>El programa, impulsado por la Presidenta Claudia Sheinbaum en coordinaci\u00f3n con instancias de los tres \u00f3rdenes de gobierno, el Poder Judicial, la Fiscal\u00eda, la Secretar\u00eda de Seguridad Ciudadana y diversos sectores sociales, busca reducir uno de los principales retos en materia de seguridad: la reincidencia delictiva.<\/p>\n\n\n\n<p>Esta primera generaci\u00f3n es de siete hombres y dos mujeres, de entre 18 y 35 a\u00f1os, quienes completaron un modelo integral de intervenci\u00f3n basado en derechos humanos, perspectiva de g\u00e9nero y acompa\u00f1amiento institucional.<\/p>\n\n\n\n<p>Con la presencia de la Consejera Jur\u00eddica del Gobierno de M\u00e9xico, Esthela Dami\u00e1n Peralta, la gobernadora Mara Lezama afirm\u00f3 que en Quintana Roo se recibi\u00f3 este programa con profunda pasi\u00f3n e ilusi\u00f3n para transformar vidas de personas que cayeron pero que supieron levantarse.<\/p>\n\n\n\n<p>\u201cQuiero decirles que los amamos, que son importantes para nosotros y nosotras, que no est\u00e1n solas y no est\u00e1n solos. Y quiero decirles que el dolor se puede volver a sentir, pero lo tienen que llenar con amor; que nunca m\u00e1s caigan en una actitud autodestructiva, porque la tentaci\u00f3n est\u00e1 aqu\u00ed en todo momento\u201d, dijo Mara Lezama a los egresados.<\/p>\n\n\n\n<p>En su intervenci\u00f3n, la Consejera Esthela Dami\u00e1n inform\u00f3 que Quintana Roo es el primer estado en el pa\u00eds en que vuelve en pol\u00edtica p\u00fablica este programa, con lineamientos y obligaciones para que se quede en una sola administraci\u00f3n y se vuelva parte de lo cotidiano.<\/p>\n\n\n\n<p>A los egresados les dijo que como primera generaci\u00f3n son ejemplo para decirle a otras personas que si ellos pudieron, los dem\u00e1s lo pueden lograr, con fuerza de voluntad, entrega y convicci\u00f3n de que es posible.<\/p>\n\n\n\n<p>La secretaria estatal de Gobierno, Cristina Torres G\u00f3mez, destac\u00f3 que \u201cReconecta con la Paz\u201d son 9 historias, 9 decisiones importantes, 9 caminos que cambiaron y que se reconcilian socialmente para transformar sus vidas y la de sus familias.<\/p>\n\n\n\n<p>Por su parte, el Consejero Jur\u00eddico del Gobierno de Quintana Roo, Carlos Felipe Fuentes del R\u00edo, destac\u00f3 que con la firma del Nuevo Acuerdo por el Bienestar y Desarrollo de Quintana Roo con la directora de Proyectos de An\u00e1lisis de Indicadores y Enlaces de la Estrategia Nacional Reconecta con la Paz, Martha Teresa Medina Lozano, se implementar\u00e1 una estrategia integral para que el programa contin\u00fae con \u00e9xito.<\/p>\n\n\n\n<p>El evento, realizado en el Centro de Convenciones de Canc\u00fan, incluy\u00f3 la entrega de constancias a los graduados y reconocimientos a los tutores y talleristas, con la presencia de la Ver\u00f3nica Lezama, presidenta honoraria del Sistema DIF Quintana Roo; la magistrada Elizabeth Moreno Rej\u00f3n, en representaci\u00f3n del Tribunal Superior de Justicia del Estado; el diputado Jorge Arturo San\u00e9n Cervantes, presidente de la Comisi\u00f3n de Puntos Constitucionales en representaci\u00f3n de la Junta de Gobierno y Coordinaci\u00f3n Pol\u00edtica del Congreso del Estado; la presidenta municipal de Benito Ju\u00e1rez, Ana Paty Peralta.<\/p>\n\n\n\n<p>Adem\u00e1s, el secretario de Seguridad Ciudadana, Julio C\u00e9sar G\u00f3mez Torres; el Fiscal General Raciel L\u00f3pez Salazar; Mar\u00eda del Carmen Fern\u00e1ndez C\u00e1ceres, directora general de Centros de Integraci\u00f3n Juvenil AC, as\u00ed como integrantes de la Mesa de Seguridad.<\/p>\n\n\n\n<figure class=\"wp-block-image size-full\"><img loading=\"lazy\" decoding=\"async\" width=\"585\" height=\"359\" src=\"http:\/\/vertienteglobal.com\/wp-content\/uploads\/2026\/04\/1001193331.jpg\" alt=\"\" class=\"wp-image-256146\" srcset=\"http:\/\/vertienteglobal.com\/wp-content\/uploads\/2026\/04\/1001193331.jpg 585w, http:\/\/vertienteglobal.com\/wp-content\/uploads\/2026\/04\/1001193331-300x184.jpg 300w, http:\/\/vertienteglobal.com\/wp-content\/uploads\/2026\/04\/1001193331-150x92.jpg 150w\" sizes=\"auto, (max-width: 585px) 100vw, 585px\" \/><\/figure>\n\n\n\n<figure class=\"wp-block-image size-full\"><img loading=\"lazy\" decoding=\"async\" width=\"585\" height=\"390\" src=\"http:\/\/vertienteglobal.com\/wp-content\/uploads\/2026\/04\/1001193332.jpg\" alt=\"\" class=\"wp-image-256147\" srcset=\"http:\/\/vertienteglobal.com\/wp-content\/uploads\/2026\/04\/1001193332.jpg 585w, http:\/\/vertienteglobal.com\/wp-content\/uploads\/2026\/04\/1001193332-300x200.jpg 300w, http:\/\/vertienteglobal.com\/wp-content\/uploads\/2026\/04\/1001193332-150x100.jpg 150w\" sizes=\"auto, (max-width: 585px) 100vw, 585px\" \/><\/figure>\n\n\n\n<figure class=\"wp-block-image size-full\"><img loading=\"lazy\" decoding=\"async\" width=\"585\" height=\"218\" src=\"http:\/\/vertienteglobal.com\/wp-content\/uploads\/2026\/04\/1001193333.jpg\" alt=\"\" class=\"wp-image-256148\" srcset=\"http:\/\/vertienteglobal.com\/wp-content\/uploads\/2026\/04\/1001193333.jpg 585w, http:\/\/vertienteglobal.com\/wp-content\/uploads\/2026\/04\/1001193333-300x112.jpg 300w, http:\/\/vertienteglobal.com\/wp-content\/uploads\/2026\/04\/1001193333-150x56.jpg 150w\" sizes=\"auto, (max-width: 585px) 100vw, 585px\" \/><\/figure>\n\n\n\n<figure class=\"wp-block-image size-full\"><img loading=\"lazy\" decoding=\"async\" width=\"585\" height=\"390\" src=\"http:\/\/vertienteglobal.com\/wp-content\/uploads\/2026\/04\/1001193334.jpg\" alt=\"\" class=\"wp-image-256149\" srcset=\"http:\/\/vertienteglobal.com\/wp-content\/uploads\/2026\/04\/1001193334.jpg 585w, http:\/\/vertienteglobal.com\/wp-content\/uploads\/2026\/04\/1001193334-300x200.jpg 300w, http:\/\/vertienteglobal.com\/wp-content\/uploads\/2026\/04\/1001193334-150x100.jpg 150w\" sizes=\"auto, (max-width: 585px) 100vw, 585px\" \/><\/figure>\n\n\n\n<figure class=\"wp-block-image size-full\"><img loading=\"lazy\" decoding=\"async\" width=\"585\" height=\"390\" src=\"http:\/\/vertienteglobal.com\/wp-content\/uploads\/2026\/04\/1001193335.jpg\" alt=\"\" class=\"wp-image-256150\" srcset=\"http:\/\/vertienteglobal.com\/wp-content\/uploads\/2026\/04\/1001193335.jpg 585w, http:\/\/vertienteglobal.com\/wp-content\/uploads\/2026\/04\/1001193335-300x200.jpg 300w, http:\/\/vertienteglobal.com\/wp-content\/uploads\/2026\/04\/1001193335-150x100.jpg 150w\" sizes=\"auto, (max-width: 585px) 100vw, 585px\" \/><\/figure>\n\n\n\n<figure class=\"wp-block-image size-full\"><img loading=\"lazy\" decoding=\"async\" width=\"585\" height=\"390\" src=\"http:\/\/vertienteglobal.com\/wp-content\/uploads\/2026\/04\/1001193336.jpg\" alt=\"\" class=\"wp-image-256151\" srcset=\"http:\/\/vertienteglobal.com\/wp-content\/uploads\/2026\/04\/1001193336.jpg 585w, http:\/\/vertienteglobal.com\/wp-content\/uploads\/2026\/04\/1001193336-300x200.jpg 300w, http:\/\/vertienteglobal.com\/wp-content\/uploads\/2026\/04\/1001193336-150x100.jpg 150w\" sizes=\"auto, (max-width: 585px) 100vw, 585px\" \/><\/figure>\n","protected":false},"excerpt":{"rendered":"<p>(Redacci\u00f3n) La gobernadora Mara Lezama y Esthela Dami\u00e1n Peralta, Consejera Jur\u00eddica del Gobierno de M\u00e9xico, encabezaron ceremonia de egreso de primera la generaci\u00f3n de \u201cReconecta con la Paz\u201d en Quintana Roo Tambi\u00e9n se realiz\u00f3 la firma del Nuevo Acuerdo por el Bienestar y Desarrollo de Quintana Roo para fortalecer la estrategia del programa Canc\u00fan, Quintana [&hellip;]<\/p>\n","protected":false},"author":6,"featured_media":256145,"comment_status":"open","ping_status":"open","sticky":false,"template":"","format":"standard","meta":{"footnotes":""},"categories":[3],"tags":[],"class_list":["post-256144","post","type-post","status-publish","format-standard","has-post-thumbnail","hentry","category-quintana-roo","entry","has-media"],"jetpack_featured_media_url":"http:\/\/vertienteglobal.com\/wp-content\/uploads\/2026\/04\/1001193330.jpg","_links":{"self":[{"href":"http:\/\/vertienteglobal.com\/index.php?rest_route=\/wp\/v2\/posts\/256144","targetHints":{"allow":["GET"]}}],"collection":[{"href":"http:\/\/vertienteglobal.com\/index.php?rest_route=\/wp\/v2\/posts"}],"about":[{"href":"http:\/\/vertienteglobal.com\/index.php?rest_route=\/wp\/v2\/types\/post"}],"author":[{"embeddable":true,"href":"http:\/\/vertienteglobal.com\/index.php?rest_route=\/wp\/v2\/users\/6"}],"replies":[{"embeddable":true,"href":"http:\/\/vertienteglobal.com\/index.php?rest_route=%2Fwp%2Fv2%2Fcomments&post=256144"}],"version-history":[{"count":1,"href":"http:\/\/vertienteglobal.com\/index.php?rest_route=\/wp\/v2\/posts\/256144\/revisions"}],"predecessor-version":[{"id":256152,"href":"http:\/\/vertienteglobal.com\/index.php?rest_route=\/wp\/v2\/posts\/256144\/revisions\/256152"}],"wp:featuredmedia":[{"embeddable":true,"href":"http:\/\/vertienteglobal.com\/index.php?rest_route=\/wp\/v2\/media\/256145"}],"wp:attachment":[{"href":"http:\/\/vertienteglobal.com\/index.php?rest_route=%2Fwp%2Fv2%2Fmedia&parent=256144"}],"wp:term":[{"taxonomy":"category","embeddable":true,"href":"http:\/\/vertienteglobal.com\/index.php?rest_route=%2Fwp%2Fv2%2Fcategories&post=256144"},{"taxonomy":"post_tag","embeddable":true,"href":"http:\/\/vertienteglobal.com\/index.php?rest_route=%2Fwp%2Fv2%2Ftags&post=256144"}],"curies":[{"name":"wp","href":"https:\/\/api.w.org\/{rel}","templated":true}]}}