{"id":256140,"date":"2026-04-24T17:12:00","date_gmt":"2026-04-24T22:12:00","guid":{"rendered":"http:\/\/vertienteglobal.com\/?p=256140"},"modified":"2026-04-26T22:50:04","modified_gmt":"2026-04-27T03:50:04","slug":"refuerzan-mara-lezama-y-alicia-barcena-combate-al-sargazo-con-nuevo-buque-de-alta-capacidad","status":"publish","type":"post","link":"http:\/\/vertienteglobal.com\/?p=256140","title":{"rendered":"Refuerzan Mara Lezama y Alicia B\u00e1rcena combate al sargazo con nuevo buque de alta capacidad"},"content":{"rendered":"\n<div class=\"twitterbutton\" style=\"float: right; padding-left: 5px;\"><a href=\"http:\/\/twitter.com\/share\" class=\"twitter-share-button\" data-count=\"horizontal\" data-text=\"Refuerzan Mara Lezama y Alicia B\u00e1rcena combate al sargazo con nuevo buque de al...\" data-via=\"https:\/\/twitter.com\/VertienteGloba1\" data-url=\"http:\/\/vertienteglobal.com\/?p=256140\" data-lang=\"es\" data-related=\"Informaci\u00f3n general:S\u00edguenos para que est\u00e9ss informado\"><\/a><\/div>\n<figure class=\"wp-block-image size-large\"><img loading=\"lazy\" decoding=\"async\" width=\"1024\" height=\"683\" src=\"http:\/\/vertienteglobal.com\/wp-content\/uploads\/2026\/04\/1001193325-1024x683.jpg\" alt=\"\" class=\"wp-image-256141\" srcset=\"http:\/\/vertienteglobal.com\/wp-content\/uploads\/2026\/04\/1001193325-1024x683.jpg 1024w, http:\/\/vertienteglobal.com\/wp-content\/uploads\/2026\/04\/1001193325-300x200.jpg 300w, http:\/\/vertienteglobal.com\/wp-content\/uploads\/2026\/04\/1001193325-150x100.jpg 150w, http:\/\/vertienteglobal.com\/wp-content\/uploads\/2026\/04\/1001193325-768x512.jpg 768w, http:\/\/vertienteglobal.com\/wp-content\/uploads\/2026\/04\/1001193325.jpg 1280w\" sizes=\"auto, (max-width: 1024px) 100vw, 1024px\" \/><\/figure>\n\n\n\n<p>(Redacci\u00f3n)<\/p>\n\n\n\n<p>Anuncian embarcaci\u00f3n que duplicar\u00e1 tama\u00f1o del Natans y triplicar\u00e1 capacidad de recolecci\u00f3n, adem\u00e1s de ampliar barreras y crear un Polo de Econom\u00eda Circular<\/p>\n\n\n\n<p>Canc\u00fan, Quintana Roo 24 de abril de 2026.- La gobernadora Mara Lezama Espinosa y la titular de la SEMARNAT, Alicia B\u00e1rcena, anunciaron nuevas medidas para enfrentar el arribo masivo de sargazo en las costas del Caribe mexicano, entre las que destaca la incorporaci\u00f3n de un nuevo buque oce\u00e1nico que duplicar\u00e1 el tama\u00f1o del actual Natans y tendr\u00e1 capacidad para recolectar hasta 600 toneladas diarias.<\/p>\n\n\n\n<p>Durante una reuni\u00f3n de trabajo, en la que tambi\u00e9n particip\u00f3 el secretario estatal de Ecolog\u00eda y Medio Ambiente, \u00d3scar R\u00e9bora, se deline\u00f3 una estrategia integral para contener, recolectar y aprovechar esta macroalga en esta temporada.<\/p>\n\n\n\n<p>En anuncio conjunto, Mara Lezama y Alicia B\u00e1rcena detall\u00f3 que ser\u00e1 en julio cuando la Secretar\u00eda de Marina ponga en operaci\u00f3n la nueva embarcaci\u00f3n, que se sumar\u00e1 al buque Natans como parte del fortalecimiento de la flota sargacera. En total, se contar\u00e1 con 11 buques sargaceros, 22 embarcaciones menores y cuatro unidades especializadas para aguas someras.<\/p>\n\n\n\n<p>\u201cEs ir creciendo en todas las herramientas para atender un fen\u00f3meno natural que, aunque es caprichoso, estamos enfrentando con trabajo coordinado\u201d, expres\u00f3 la Gobernadora al subrayar que el objetivo es recolectar el sargazo en altamar para evitar su descomposici\u00f3n en playas.<\/p>\n\n\n\n<p>Como parte de estas acciones, tambi\u00e9n se ampliar\u00e1 la infraestructura de contenci\u00f3n. Actualmente, se han instalado 9 mil 500 metros de barreras, con la meta de alcanzar los 16 mil metros durante este a\u00f1o, superando lo logrado en 2025.<\/p>\n\n\n\n<p>Por su parte, B\u00e1rcena destac\u00f3 que el incremento en la capacidad operativa responde a vol\u00famenes hist\u00f3ricos de sargazo asociados al cambio clim\u00e1tico, por lo que consider\u00f3 fundamental reforzar la coordinaci\u00f3n entre dependencias. \u201cEs un problema grave que afecta a todo el Caribe, pero se est\u00e1 atendiendo de manera conjunta y con visi\u00f3n de largo plazo\u201d, se\u00f1al\u00f3.<\/p>\n\n\n\n<p>Adem\u00e1s, se anunci\u00f3 la creaci\u00f3n de un Polo de Desarrollo de Econom\u00eda Circular para el Bienestar en Puerto Morelos, enfocado en transformar el sargazo en un recurso \u00fatil, impulsando su aprovechamiento junto con otros residuos.<\/p>\n\n\n\n<p>Las autoridades coincidieron en que, pese al fen\u00f3meno, las playas de Quintana Roo contin\u00faan siendo aptas para el turismo, gracias a las labores permanentes de limpieza y contenci\u00f3n. \u201cEl sargazo no est\u00e1 en todas las playas ni todos los d\u00edas\u201d, enfatiz\u00f3 Lezama, al invitar a visitantes a seguir eligiendo el destino.<\/p>\n\n\n\n<figure class=\"wp-block-image size-full\"><img loading=\"lazy\" decoding=\"async\" width=\"585\" height=\"390\" src=\"http:\/\/vertienteglobal.com\/wp-content\/uploads\/2026\/04\/1001193326.jpg\" alt=\"\" class=\"wp-image-256142\" srcset=\"http:\/\/vertienteglobal.com\/wp-content\/uploads\/2026\/04\/1001193326.jpg 585w, http:\/\/vertienteglobal.com\/wp-content\/uploads\/2026\/04\/1001193326-300x200.jpg 300w, http:\/\/vertienteglobal.com\/wp-content\/uploads\/2026\/04\/1001193326-150x100.jpg 150w\" sizes=\"auto, (max-width: 585px) 100vw, 585px\" \/><\/figure>\n\n\n\n<figure class=\"wp-block-embed is-type-video is-provider-youtube wp-block-embed-youtube wp-embed-aspect-16-9 wp-has-aspect-ratio\"><div class=\"wp-block-embed__wrapper\">\n<div class=\"oceanwp-oembed-wrap clr\"><iframe loading=\"lazy\" title=\"Refuerzan Mara Lezama y Alicia B\u00e1rcena combate al sargazo con nuevo buque de alta capacidad\" width=\"1200\" height=\"675\" src=\"https:\/\/www.youtube.com\/embed\/I9x06xKMg9I?feature=oembed\" frameborder=\"0\" allow=\"accelerometer; autoplay; clipboard-write; encrypted-media; gyroscope; picture-in-picture; web-share\" referrerpolicy=\"strict-origin-when-cross-origin\" allowfullscreen><\/iframe><\/div>\n<\/div><\/figure>\n","protected":false},"excerpt":{"rendered":"<p>(Redacci\u00f3n) Anuncian embarcaci\u00f3n que duplicar\u00e1 tama\u00f1o del Natans y triplicar\u00e1 capacidad de recolecci\u00f3n, adem\u00e1s de ampliar barreras y crear un Polo de Econom\u00eda Circular Canc\u00fan, Quintana Roo 24 de abril de 2026.- La gobernadora Mara Lezama Espinosa y la titular de la SEMARNAT, Alicia B\u00e1rcena, anunciaron nuevas medidas para enfrentar el arribo masivo de sargazo [&hellip;]<\/p>\n","protected":false},"author":6,"featured_media":256141,"comment_status":"open","ping_status":"open","sticky":false,"template":"","format":"standard","meta":{"footnotes":""},"categories":[3],"tags":[],"class_list":["post-256140","post","type-post","status-publish","format-standard","has-post-thumbnail","hentry","category-quintana-roo","entry","has-media"],"jetpack_featured_media_url":"http:\/\/vertienteglobal.com\/wp-content\/uploads\/2026\/04\/1001193325.jpg","_links":{"self":[{"href":"http:\/\/vertienteglobal.com\/index.php?rest_route=\/wp\/v2\/posts\/256140","targetHints":{"allow":["GET"]}}],"collection":[{"href":"http:\/\/vertienteglobal.com\/index.php?rest_route=\/wp\/v2\/posts"}],"about":[{"href":"http:\/\/vertienteglobal.com\/index.php?rest_route=\/wp\/v2\/types\/post"}],"author":[{"embeddable":true,"href":"http:\/\/vertienteglobal.com\/index.php?rest_route=\/wp\/v2\/users\/6"}],"replies":[{"embeddable":true,"href":"http:\/\/vertienteglobal.com\/index.php?rest_route=%2Fwp%2Fv2%2Fcomments&post=256140"}],"version-history":[{"count":1,"href":"http:\/\/vertienteglobal.com\/index.php?rest_route=\/wp\/v2\/posts\/256140\/revisions"}],"predecessor-version":[{"id":256143,"href":"http:\/\/vertienteglobal.com\/index.php?rest_route=\/wp\/v2\/posts\/256140\/revisions\/256143"}],"wp:featuredmedia":[{"embeddable":true,"href":"http:\/\/vertienteglobal.com\/index.php?rest_route=\/wp\/v2\/media\/256141"}],"wp:attachment":[{"href":"http:\/\/vertienteglobal.com\/index.php?rest_route=%2Fwp%2Fv2%2Fmedia&parent=256140"}],"wp:term":[{"taxonomy":"category","embeddable":true,"href":"http:\/\/vertienteglobal.com\/index.php?rest_route=%2Fwp%2Fv2%2Fcategories&post=256140"},{"taxonomy":"post_tag","embeddable":true,"href":"http:\/\/vertienteglobal.com\/index.php?rest_route=%2Fwp%2Fv2%2Ftags&post=256140"}],"curies":[{"name":"wp","href":"https:\/\/api.w.org\/{rel}","templated":true}]}}