{"id":256133,"date":"2026-04-24T18:50:00","date_gmt":"2026-04-24T23:50:00","guid":{"rendered":"http:\/\/vertienteglobal.com\/?p=256133"},"modified":"2026-04-26T22:46:41","modified_gmt":"2026-04-27T03:46:41","slug":"mara-lezama-y-alicia-barcena-encabezan-en-quintana-roo-la-primera-asamblea-de-la-anaae-2026-para-fortalecer-la-economia-circular","status":"publish","type":"post","link":"http:\/\/vertienteglobal.com\/?p=256133","title":{"rendered":"Mara Lezama y Alicia B\u00e1rcena encabezan en Quintana Roo la Primera Asamblea de la ANAAE 2026 para fortalecer la econom\u00eda circular"},"content":{"rendered":"\n<div class=\"twitterbutton\" style=\"float: right; padding-left: 5px;\"><a href=\"http:\/\/twitter.com\/share\" class=\"twitter-share-button\" data-count=\"horizontal\" data-text=\"Mara Lezama y Alicia B\u00e1rcena encabezan en Quintana Roo la Primera Asamblea de l...\" data-via=\"https:\/\/twitter.com\/VertienteGloba1\" data-url=\"http:\/\/vertienteglobal.com\/?p=256133\" data-lang=\"es\" data-related=\"Informaci\u00f3n general:S\u00edguenos para que est\u00e9ss informado\"><\/a><\/div>\n<figure class=\"wp-block-image size-large\"><img loading=\"lazy\" decoding=\"async\" width=\"1024\" height=\"683\" src=\"http:\/\/vertienteglobal.com\/wp-content\/uploads\/2026\/04\/1001193303-1024x683.jpg\" alt=\"\" class=\"wp-image-256134\" srcset=\"http:\/\/vertienteglobal.com\/wp-content\/uploads\/2026\/04\/1001193303-1024x683.jpg 1024w, http:\/\/vertienteglobal.com\/wp-content\/uploads\/2026\/04\/1001193303-300x200.jpg 300w, http:\/\/vertienteglobal.com\/wp-content\/uploads\/2026\/04\/1001193303-150x100.jpg 150w, http:\/\/vertienteglobal.com\/wp-content\/uploads\/2026\/04\/1001193303-768x512.jpg 768w, http:\/\/vertienteglobal.com\/wp-content\/uploads\/2026\/04\/1001193303.jpg 1280w\" sizes=\"auto, (max-width: 1024px) 100vw, 1024px\" \/><\/figure>\n\n\n\n<p>(Redacci\u00f3n)<\/p>\n\n\n\n<p>La entidad es sede de la Primera Asamblea Ordinaria de la ANAAE 2026 con el prop\u00f3sito de fortalecer la coordinaci\u00f3n entre la federaci\u00f3n y los estados<\/p>\n\n\n\n<p>Canc\u00fan, Quintana Roo 24 de abril de 2026.-Con la participaci\u00f3n de autoridades ambientales de todo el pa\u00eds, Quintana Roo fue sede de la Primera Asamblea Ordinaria de la Asociaci\u00f3n Nacional de Autoridades Ambientales Estatales (ANAAE) 2026, un encuentro estrat\u00e9gico orientado a consolidar la coordinaci\u00f3n interinstitucional en materia de econom\u00eda circular y gesti\u00f3n integral de residuos.<\/p>\n\n\n\n<p>La inauguraci\u00f3n estuvo a cargo de la gobernadora Mara Lezama Espinosa y de la titular de la Secretar\u00eda de Medio Ambiente y Recursos Naturales (SEMARNAT), Alicia B\u00e1rcena Ibarra, adem\u00e1s del presidente de la ANAAE y secretario de Ecolog\u00eda y Medio Ambiente de Quintana Roo, \u00d3scar R\u00e9bora Aguilera, as\u00ed como representantes de autoridades ambientales federales y estatales.<\/p>\n\n\n\n<p>\u201cEn Quintana Roo trabajamos todos los d\u00edas, en este estado maravilloso, en donde el 30% abarca \u00e1reas naturales protegidas, en eso hemos estado trabajando con Alicia B\u00e1rcena, y un 80% es macizo forestal. El estado ya est\u00e1 marcando localmente tambi\u00e9n el rumbo, un rumbo claro\u201d, expres\u00f3 la titular del Ejecutivo.<\/p>\n\n\n\n<p>Ante todas y todos los asistentes, Mara Lezama subray\u00f3 que Quintana Roo avanza con paso firme en la implementaci\u00f3n de proyectos estrat\u00e9gicos, como el programa \u201cRecicla por tu Futuro\u201d, que beneficia a m\u00e1s de 15 mil personas, as\u00ed como la innovadora estrategia de valorizaci\u00f3n del sargazo, posicion\u00e1ndose como referente nacional e internacional en el aprovechamiento de este recurso.<\/p>\n\n\n\n<p>Esta Primera Reuni\u00f3n Tem\u00e1tica de la ANAAE 2026 busca fortalecer la coordinaci\u00f3n entre la federaci\u00f3n y los estados, impulsando la transici\u00f3n hacia un modelo de econom\u00eda circular que permita reducir residuos y maximizar el aprovechamiento de materiales dentro del ciclo productivo.<\/p>\n\n\n\n<p>La titular de la SEMARNAT, Alicia B\u00e1rcena afirm\u00f3 ante todos los presentes que ante las coyunturas actuales \u201ctenemos que cambiar nuestra forma de producir, de consumir, de desechar. Debemos reducir, reciclar, reutilizar, y lo que llamamos basura, transformar los nuevos productos\u201d.<\/p>\n\n\n\n<p>Tambi\u00e9n se cont\u00f3 con la participaci\u00f3n en la asamblea de Pedro \u00c1lvarez Icaza Longoria, comisionado nacional de \u00c1reas Naturales Protegidas en M\u00e9xico; del diputado federal Joaqu\u00edn Zebad\u00faa Alva; as\u00ed como de representantes de organismos internacionales, como Enrique Lendo Fuentes, representante del Programa de las Naciones Unidas para el Medio Ambiente (PNUMA) en M\u00e9xico, y Ninel Escobar, del World Wildlife Fund (WWF) \u2013 Fondo Mundial para la Naturaleza.<\/p>\n\n\n\n<p>La ANAAE fue creada en el a\u00f1o 2000 en la Ciudad de M\u00e9xico, y por primera vez Quintana Roo funge como sede en su calidad de presidente de la asociaci\u00f3n, responsabilidad asumida en enero de 2025 por la Secretar\u00eda de Ecolog\u00eda y Medio Ambiente del estado.<\/p>\n\n\n\n<p>Durante la jornada se abordaron temas prioritarios para el fortalecimiento de la agenda ambiental nacional: definici\u00f3n de mecanismos de coordinaci\u00f3n entre la federaci\u00f3n y los estados para la implementaci\u00f3n de la econom\u00eda circular; presentaci\u00f3n de proyectos prioritarios de las entidades federativas; exposici\u00f3n de casos de \u00e9xito en gesti\u00f3n de residuos y se llev\u00f3 a cabo una mesa de trabajo sobre la regulaci\u00f3n de la responsabilidad extendida del productor.<\/p>\n\n\n\n<p>Asimismo, se desarrollan ejes estrat\u00e9gicos como la coordinaci\u00f3n federativa, la responsabilidad compartida y el intercambio de experiencias, con la participaci\u00f3n de estados como Baja California, Campeche, Coahuila y Quintana Roo.<\/p>\n\n\n\n<p>Estuvieron en el pres\u00eddium la presidenta municipal de Benito Ju\u00e1rez, Ana Paty Peralta, y de Puerto Morelos, Blanca Merari Tziu; el titular de la SEMA, \u00d3scar R\u00e9bora Aguilera; el diputado Jorge Arturo San\u00e9n Cervantes; y Carlos Felipe Fuentes del R\u00edo, consejero jur\u00eddico del Gobierno de Quintana Roo.<\/p>\n\n\n\n<figure class=\"wp-block-image size-full\"><img loading=\"lazy\" decoding=\"async\" width=\"585\" height=\"390\" src=\"http:\/\/vertienteglobal.com\/wp-content\/uploads\/2026\/04\/1001193304.jpg\" alt=\"\" class=\"wp-image-256135\" srcset=\"http:\/\/vertienteglobal.com\/wp-content\/uploads\/2026\/04\/1001193304.jpg 585w, http:\/\/vertienteglobal.com\/wp-content\/uploads\/2026\/04\/1001193304-300x200.jpg 300w, http:\/\/vertienteglobal.com\/wp-content\/uploads\/2026\/04\/1001193304-150x100.jpg 150w\" sizes=\"auto, (max-width: 585px) 100vw, 585px\" \/><\/figure>\n\n\n\n<figure class=\"wp-block-image size-full\"><img loading=\"lazy\" decoding=\"async\" width=\"585\" height=\"390\" src=\"http:\/\/vertienteglobal.com\/wp-content\/uploads\/2026\/04\/1001193305.jpg\" alt=\"\" class=\"wp-image-256136\" srcset=\"http:\/\/vertienteglobal.com\/wp-content\/uploads\/2026\/04\/1001193305.jpg 585w, http:\/\/vertienteglobal.com\/wp-content\/uploads\/2026\/04\/1001193305-300x200.jpg 300w, http:\/\/vertienteglobal.com\/wp-content\/uploads\/2026\/04\/1001193305-150x100.jpg 150w\" sizes=\"auto, (max-width: 585px) 100vw, 585px\" \/><\/figure>\n\n\n\n<figure class=\"wp-block-image size-full\"><img loading=\"lazy\" decoding=\"async\" width=\"585\" height=\"390\" src=\"http:\/\/vertienteglobal.com\/wp-content\/uploads\/2026\/04\/1001193306.jpg\" alt=\"\" class=\"wp-image-256137\" srcset=\"http:\/\/vertienteglobal.com\/wp-content\/uploads\/2026\/04\/1001193306.jpg 585w, http:\/\/vertienteglobal.com\/wp-content\/uploads\/2026\/04\/1001193306-300x200.jpg 300w, http:\/\/vertienteglobal.com\/wp-content\/uploads\/2026\/04\/1001193306-150x100.jpg 150w\" sizes=\"auto, (max-width: 585px) 100vw, 585px\" \/><\/figure>\n\n\n\n<figure class=\"wp-block-image size-full\"><img loading=\"lazy\" decoding=\"async\" width=\"585\" height=\"250\" src=\"http:\/\/vertienteglobal.com\/wp-content\/uploads\/2026\/04\/1001193307.jpg\" alt=\"\" class=\"wp-image-256138\" srcset=\"http:\/\/vertienteglobal.com\/wp-content\/uploads\/2026\/04\/1001193307.jpg 585w, http:\/\/vertienteglobal.com\/wp-content\/uploads\/2026\/04\/1001193307-300x128.jpg 300w, http:\/\/vertienteglobal.com\/wp-content\/uploads\/2026\/04\/1001193307-150x64.jpg 150w\" sizes=\"auto, (max-width: 585px) 100vw, 585px\" \/><\/figure>\n","protected":false},"excerpt":{"rendered":"<p>(Redacci\u00f3n) La entidad es sede de la Primera Asamblea Ordinaria de la ANAAE 2026 con el prop\u00f3sito de fortalecer la coordinaci\u00f3n entre la federaci\u00f3n y los estados Canc\u00fan, Quintana Roo 24 de abril de 2026.-Con la participaci\u00f3n de autoridades ambientales de todo el pa\u00eds, Quintana Roo fue sede de la Primera Asamblea Ordinaria de la [&hellip;]<\/p>\n","protected":false},"author":6,"featured_media":256134,"comment_status":"open","ping_status":"open","sticky":false,"template":"","format":"standard","meta":{"footnotes":""},"categories":[3],"tags":[],"class_list":["post-256133","post","type-post","status-publish","format-standard","has-post-thumbnail","hentry","category-quintana-roo","entry","has-media"],"jetpack_featured_media_url":"http:\/\/vertienteglobal.com\/wp-content\/uploads\/2026\/04\/1001193303.jpg","_links":{"self":[{"href":"http:\/\/vertienteglobal.com\/index.php?rest_route=\/wp\/v2\/posts\/256133","targetHints":{"allow":["GET"]}}],"collection":[{"href":"http:\/\/vertienteglobal.com\/index.php?rest_route=\/wp\/v2\/posts"}],"about":[{"href":"http:\/\/vertienteglobal.com\/index.php?rest_route=\/wp\/v2\/types\/post"}],"author":[{"embeddable":true,"href":"http:\/\/vertienteglobal.com\/index.php?rest_route=\/wp\/v2\/users\/6"}],"replies":[{"embeddable":true,"href":"http:\/\/vertienteglobal.com\/index.php?rest_route=%2Fwp%2Fv2%2Fcomments&post=256133"}],"version-history":[{"count":1,"href":"http:\/\/vertienteglobal.com\/index.php?rest_route=\/wp\/v2\/posts\/256133\/revisions"}],"predecessor-version":[{"id":256139,"href":"http:\/\/vertienteglobal.com\/index.php?rest_route=\/wp\/v2\/posts\/256133\/revisions\/256139"}],"wp:featuredmedia":[{"embeddable":true,"href":"http:\/\/vertienteglobal.com\/index.php?rest_route=\/wp\/v2\/media\/256134"}],"wp:attachment":[{"href":"http:\/\/vertienteglobal.com\/index.php?rest_route=%2Fwp%2Fv2%2Fmedia&parent=256133"}],"wp:term":[{"taxonomy":"category","embeddable":true,"href":"http:\/\/vertienteglobal.com\/index.php?rest_route=%2Fwp%2Fv2%2Fcategories&post=256133"},{"taxonomy":"post_tag","embeddable":true,"href":"http:\/\/vertienteglobal.com\/index.php?rest_route=%2Fwp%2Fv2%2Ftags&post=256133"}],"curies":[{"name":"wp","href":"https:\/\/api.w.org\/{rel}","templated":true}]}}