{"id":256125,"date":"2026-04-25T14:56:00","date_gmt":"2026-04-25T19:56:00","guid":{"rendered":"http:\/\/vertienteglobal.com\/?p=256125"},"modified":"2026-04-26T22:41:40","modified_gmt":"2026-04-27T03:41:40","slug":"mas-de-30-mil-ninas-y-ninos-de-125-comunidades-de-quintana-roo-festejan-el-dia-de-la-nina-y-el-nino","status":"publish","type":"post","link":"http:\/\/vertienteglobal.com\/?p=256125","title":{"rendered":"M\u00e1s de 30 mil ni\u00f1as y ni\u00f1os de 125 comunidades de Quintana Roo festejan el D\u00eda de la Ni\u00f1a y el Ni\u00f1o"},"content":{"rendered":"\n<div class=\"twitterbutton\" style=\"float: right; padding-left: 5px;\"><a href=\"http:\/\/twitter.com\/share\" class=\"twitter-share-button\" data-count=\"horizontal\" data-text=\"M\u00e1s de 30 mil ni\u00f1as y ni\u00f1os de 125 comunidades de Quintana Roo festejan el D?...\" data-via=\"https:\/\/twitter.com\/VertienteGloba1\" data-url=\"http:\/\/vertienteglobal.com\/?p=256125\" data-lang=\"es\" data-related=\"Informaci\u00f3n general:S\u00edguenos para que est\u00e9ss informado\"><\/a><\/div>\n<figure class=\"wp-block-image size-large\"><img loading=\"lazy\" decoding=\"async\" width=\"1024\" height=\"683\" src=\"http:\/\/vertienteglobal.com\/wp-content\/uploads\/2026\/04\/1001193280-1024x683.jpg\" alt=\"\" class=\"wp-image-256126\" srcset=\"http:\/\/vertienteglobal.com\/wp-content\/uploads\/2026\/04\/1001193280-1024x683.jpg 1024w, http:\/\/vertienteglobal.com\/wp-content\/uploads\/2026\/04\/1001193280-300x200.jpg 300w, http:\/\/vertienteglobal.com\/wp-content\/uploads\/2026\/04\/1001193280-150x100.jpg 150w, http:\/\/vertienteglobal.com\/wp-content\/uploads\/2026\/04\/1001193280-768x512.jpg 768w, http:\/\/vertienteglobal.com\/wp-content\/uploads\/2026\/04\/1001193280.jpg 1280w\" sizes=\"auto, (max-width: 1024px) 100vw, 1024px\" \/><\/figure>\n\n\n\n<p>(Redacci\u00f3n)<\/p>\n\n\n\n<p>La Gobernadora Mara Lezama y la presidenta honoraria del DIF estatal, Ver\u00f3nica Lezama Espinosa, llevaron diversi\u00f3n, regalos y momentos de felicidad a la ni\u00f1ez de 125 comunidades de Quintana Roo<\/p>\n\n\n\n<p>Isla Mujeres, Quintana Roo, a 25 de brio de 2026.- Con festivales llenos de emoci\u00f3n, alegr\u00eda y sana convivencia, miles de ni\u00f1as y ni\u00f1os de comunidades de los 11 municipios de Quintana Roo celebraron de manera simult\u00e1nea el \u201cD\u00eda de la Ni\u00f1a y el Ni\u00f1o\u201d, en una jornada encabezada por la gobernadora Mara Lezama Espinosa y organizada por la presidenta honoraria del Sistema DIF estatal, Ver\u00f3nica Lezama Espinosa.<\/p>\n\n\n\n<p>La titular del Ejecutivo dispuso que esta celebraci\u00f3n llegue a 125 comunidades rurales y zona Maya, con el objetivo de cerrar brechas de desigualdad y garantizar que todas las ni\u00f1as y ni\u00f1os disfruten por igual de esta fecha tan especial, dedicada a quienes son el presente y futuro del estado.<\/p>\n\n\n\n<p>En la comunidad Francisco May, de Isla Mujeres, Mara Lezama dio inicio a la celebraci\u00f3n con un festival lleno de sonrisas, m\u00fasica y entusiasmo, donde las ni\u00f1as y ni\u00f1os disfrutaron de espect\u00e1culos infantiles, din\u00e1micas recreativas, botargas, rifas y entrega de regalos.<\/p>\n\n\n\n<p>Este festejo simult\u00e1neo fue posible gracias a la coordinaci\u00f3n entre el Gobierno del Estado y los ayuntamientos, a trav\u00e9s del Sistema DIF Quintana Roo, sumando esfuerzos para llevar momentos de felicidad, recreaci\u00f3n y sana convivencia a la ni\u00f1ez quintanarroense.<\/p>\n\n\n\n<p>Mara Lezama inform\u00f3 que este gobierno humanista y con coraz\u00f3n feminista trabaja todos los d\u00edas por el bienestar y desarrollo integral de las y los quintanarroenses, priorizando la felicidad, educaci\u00f3n, cuidado y respeto pleno de los derechos de ni\u00f1as y ni\u00f1os, para que nadie se quede atr\u00e1s.<\/p>\n\n\n\n<p>Acompa\u00f1ada de la presidenta municipal de Isla Mujeres, Atenea G\u00f3mez Ricalde, de la presidenta honoraria del DIF Municipal, Alicia Ricalde, as\u00ed como de autoridades estatales y municipales, la gobernadora Mara Lezama bail\u00f3 con ni\u00f1as y ni\u00f1os, compartiendo momentos de alegr\u00eda, saludos y muestras de cari\u00f1o con la ni\u00f1ez.<\/p>\n\n\n\n<p>De manera simult\u00e1nea, la presidenta honoraria del DIF Quintana Roo, Ver\u00f3nica Lezama Espinosa, encabez\u00f3 festejos en comunidades del municipio de Benito Ju\u00e1rez, donde expres\u00f3 su entusiasmo y cari\u00f1o hacia las ni\u00f1as y ni\u00f1os, a quienes alent\u00f3 a disfrutar plenamente de su d\u00eda.<\/p>\n\n\n\n<p>\u201cDisfruten en grande, jueguen y divi\u00e9rtanse. Esta fiesta la hicimos con mucho cari\u00f1o para todas y todos ustedes, porque se merecen lo mejor del mundo\u201d, expres\u00f3.<\/p>\n\n\n\n<p>Se\u00f1al\u00f3, que el DIF Quintana Roo refrenda su compromiso de continuar trabajando de manera cercana a la gente, promoviendo espacios de sana convivencia, inclusi\u00f3n y desarrollo integral para que cada ni\u00f1a y ni\u00f1o crezca en un entorno lleno de oportunidades, respeto y amor.<\/p>\n\n\n\n<p>Cabe mencionar, que gracias al apoyo de dependencias estatales, municipales, voluntarias y voluntarios se llev\u00f3 alegr\u00eda a ni\u00f1as y ni\u00f1os de cada rinc\u00f3n del estado, en donde estuvo un representante del Gobierno del Estado.<\/p>\n\n\n\n<figure class=\"wp-block-image size-full\"><img loading=\"lazy\" decoding=\"async\" width=\"585\" height=\"390\" src=\"http:\/\/vertienteglobal.com\/wp-content\/uploads\/2026\/04\/1001193281.jpg\" alt=\"\" class=\"wp-image-256127\" srcset=\"http:\/\/vertienteglobal.com\/wp-content\/uploads\/2026\/04\/1001193281.jpg 585w, http:\/\/vertienteglobal.com\/wp-content\/uploads\/2026\/04\/1001193281-300x200.jpg 300w, http:\/\/vertienteglobal.com\/wp-content\/uploads\/2026\/04\/1001193281-150x100.jpg 150w\" sizes=\"auto, (max-width: 585px) 100vw, 585px\" \/><\/figure>\n\n\n\n<figure class=\"wp-block-image size-full\"><img loading=\"lazy\" decoding=\"async\" width=\"585\" height=\"439\" src=\"http:\/\/vertienteglobal.com\/wp-content\/uploads\/2026\/04\/1001193283.jpg\" alt=\"\" class=\"wp-image-256128\" srcset=\"http:\/\/vertienteglobal.com\/wp-content\/uploads\/2026\/04\/1001193283.jpg 585w, http:\/\/vertienteglobal.com\/wp-content\/uploads\/2026\/04\/1001193283-300x225.jpg 300w, http:\/\/vertienteglobal.com\/wp-content\/uploads\/2026\/04\/1001193283-150x113.jpg 150w\" sizes=\"auto, (max-width: 585px) 100vw, 585px\" \/><\/figure>\n\n\n\n<figure class=\"wp-block-image size-full\"><img loading=\"lazy\" decoding=\"async\" width=\"585\" height=\"390\" src=\"http:\/\/vertienteglobal.com\/wp-content\/uploads\/2026\/04\/1001193282.jpg\" alt=\"\" class=\"wp-image-256129\" srcset=\"http:\/\/vertienteglobal.com\/wp-content\/uploads\/2026\/04\/1001193282.jpg 585w, http:\/\/vertienteglobal.com\/wp-content\/uploads\/2026\/04\/1001193282-300x200.jpg 300w, http:\/\/vertienteglobal.com\/wp-content\/uploads\/2026\/04\/1001193282-150x100.jpg 150w\" sizes=\"auto, (max-width: 585px) 100vw, 585px\" \/><\/figure>\n\n\n\n<figure class=\"wp-block-image size-full\"><img loading=\"lazy\" decoding=\"async\" width=\"585\" height=\"390\" src=\"http:\/\/vertienteglobal.com\/wp-content\/uploads\/2026\/04\/1001193284.jpg\" alt=\"\" class=\"wp-image-256130\" srcset=\"http:\/\/vertienteglobal.com\/wp-content\/uploads\/2026\/04\/1001193284.jpg 585w, http:\/\/vertienteglobal.com\/wp-content\/uploads\/2026\/04\/1001193284-300x200.jpg 300w, http:\/\/vertienteglobal.com\/wp-content\/uploads\/2026\/04\/1001193284-150x100.jpg 150w\" sizes=\"auto, (max-width: 585px) 100vw, 585px\" \/><\/figure>\n\n\n\n<figure class=\"wp-block-image size-full\"><img loading=\"lazy\" decoding=\"async\" width=\"585\" height=\"494\" src=\"http:\/\/vertienteglobal.com\/wp-content\/uploads\/2026\/04\/1001193285.jpg\" alt=\"\" class=\"wp-image-256131\" srcset=\"http:\/\/vertienteglobal.com\/wp-content\/uploads\/2026\/04\/1001193285.jpg 585w, http:\/\/vertienteglobal.com\/wp-content\/uploads\/2026\/04\/1001193285-300x253.jpg 300w, http:\/\/vertienteglobal.com\/wp-content\/uploads\/2026\/04\/1001193285-150x127.jpg 150w\" sizes=\"auto, (max-width: 585px) 100vw, 585px\" \/><\/figure>\n","protected":false},"excerpt":{"rendered":"<p>(Redacci\u00f3n) La Gobernadora Mara Lezama y la presidenta honoraria del DIF estatal, Ver\u00f3nica Lezama Espinosa, llevaron diversi\u00f3n, regalos y momentos de felicidad a la ni\u00f1ez de 125 comunidades de Quintana Roo Isla Mujeres, Quintana Roo, a 25 de brio de 2026.- Con festivales llenos de emoci\u00f3n, alegr\u00eda y sana convivencia, miles de ni\u00f1as y ni\u00f1os [&hellip;]<\/p>\n","protected":false},"author":6,"featured_media":256126,"comment_status":"open","ping_status":"open","sticky":false,"template":"","format":"standard","meta":{"footnotes":""},"categories":[3],"tags":[],"class_list":["post-256125","post","type-post","status-publish","format-standard","has-post-thumbnail","hentry","category-quintana-roo","entry","has-media"],"jetpack_featured_media_url":"http:\/\/vertienteglobal.com\/wp-content\/uploads\/2026\/04\/1001193280.jpg","_links":{"self":[{"href":"http:\/\/vertienteglobal.com\/index.php?rest_route=\/wp\/v2\/posts\/256125","targetHints":{"allow":["GET"]}}],"collection":[{"href":"http:\/\/vertienteglobal.com\/index.php?rest_route=\/wp\/v2\/posts"}],"about":[{"href":"http:\/\/vertienteglobal.com\/index.php?rest_route=\/wp\/v2\/types\/post"}],"author":[{"embeddable":true,"href":"http:\/\/vertienteglobal.com\/index.php?rest_route=\/wp\/v2\/users\/6"}],"replies":[{"embeddable":true,"href":"http:\/\/vertienteglobal.com\/index.php?rest_route=%2Fwp%2Fv2%2Fcomments&post=256125"}],"version-history":[{"count":1,"href":"http:\/\/vertienteglobal.com\/index.php?rest_route=\/wp\/v2\/posts\/256125\/revisions"}],"predecessor-version":[{"id":256132,"href":"http:\/\/vertienteglobal.com\/index.php?rest_route=\/wp\/v2\/posts\/256125\/revisions\/256132"}],"wp:featuredmedia":[{"embeddable":true,"href":"http:\/\/vertienteglobal.com\/index.php?rest_route=\/wp\/v2\/media\/256126"}],"wp:attachment":[{"href":"http:\/\/vertienteglobal.com\/index.php?rest_route=%2Fwp%2Fv2%2Fmedia&parent=256125"}],"wp:term":[{"taxonomy":"category","embeddable":true,"href":"http:\/\/vertienteglobal.com\/index.php?rest_route=%2Fwp%2Fv2%2Fcategories&post=256125"},{"taxonomy":"post_tag","embeddable":true,"href":"http:\/\/vertienteglobal.com\/index.php?rest_route=%2Fwp%2Fv2%2Ftags&post=256125"}],"curies":[{"name":"wp","href":"https:\/\/api.w.org\/{rel}","templated":true}]}}