{"id":256120,"date":"2026-04-26T13:24:00","date_gmt":"2026-04-26T18:24:00","guid":{"rendered":"http:\/\/vertienteglobal.com\/?p=256120"},"modified":"2026-04-26T22:35:32","modified_gmt":"2026-04-27T03:35:32","slug":"mara-lezama-y-conanp-fortalecen-estrategia-estatal-para-proteger-ecosistemas-dentro-y-fuera-de-areas-naturales-protegidas","status":"publish","type":"post","link":"http:\/\/vertienteglobal.com\/?p=256120","title":{"rendered":"Mara Lezama y CONANP fortalecen estrategia estatal para proteger ecosistemas dentro y fuera de \u00c1reas Naturales Protegidas"},"content":{"rendered":"\n<div class=\"twitterbutton\" style=\"float: right; padding-left: 5px;\"><a href=\"http:\/\/twitter.com\/share\" class=\"twitter-share-button\" data-count=\"horizontal\" data-text=\"Mara Lezama y CONANP fortalecen estrategia estatal para proteger ecosistemas den...\" data-via=\"https:\/\/twitter.com\/VertienteGloba1\" data-url=\"http:\/\/vertienteglobal.com\/?p=256120\" data-lang=\"es\" data-related=\"Informaci\u00f3n general:S\u00edguenos para que est\u00e9ss informado\"><\/a><\/div>\n<figure class=\"wp-block-image size-large\"><img loading=\"lazy\" decoding=\"async\" width=\"1024\" height=\"683\" src=\"http:\/\/vertienteglobal.com\/wp-content\/uploads\/2026\/04\/1001193277-1024x683.jpg\" alt=\"\" class=\"wp-image-256121\" srcset=\"http:\/\/vertienteglobal.com\/wp-content\/uploads\/2026\/04\/1001193277-1024x683.jpg 1024w, http:\/\/vertienteglobal.com\/wp-content\/uploads\/2026\/04\/1001193277-300x200.jpg 300w, http:\/\/vertienteglobal.com\/wp-content\/uploads\/2026\/04\/1001193277-150x100.jpg 150w, http:\/\/vertienteglobal.com\/wp-content\/uploads\/2026\/04\/1001193277-768x512.jpg 768w, http:\/\/vertienteglobal.com\/wp-content\/uploads\/2026\/04\/1001193277.jpg 1280w\" sizes=\"auto, (max-width: 1024px) 100vw, 1024px\" \/><\/figure>\n\n\n\n<p>(Redacci\u00f3n)<\/p>\n\n\n\n<p>En reuni\u00f3n de trabajo con Pedro \u00c1lvarez Icaza, titular de la CONAP, la Gobernadora acuerdan fortalecer las acciones para la protecci\u00f3n de la riqueza natural, herencia para las pr\u00f3ximas generaciones<\/p>\n\n\n\n<p>Canc\u00fan, Quintana Roo 26 de abril de 2026.- La gobernadora Mara Lezama Espinosa sostuvo una reuni\u00f3n de trabajo con el titular de la Comisi\u00f3n Nacional de \u00c1reas Naturales Protegidas (CONANP) Pedro \u00c1lvarez Icaza, para consolidar una estrategia conjunta orientada a la protecci\u00f3n, conservaci\u00f3n y restauraci\u00f3n de los ecosistemas prioritarios de Quintana Roo, tanto dentro como fuera de las \u00c1reas Naturales Protegidas.<\/p>\n\n\n\n<p>Durante el encuentro se revisaron acciones para fortalecer la vigilancia ambiental, impulsar programas de restauraci\u00f3n ecol\u00f3gica, atender zonas de presi\u00f3n urbana y frenar el deterioro de manglares, humedales, selvas y arrecifes, que es prioridad en el Nuevo Acuerdo por el Bienestar y Desarrollo de Quintana Roo.<\/p>\n\n\n\n<p>Quintana Roo mantiene hoy un liderazgo nacional en conservaci\u00f3n, al contar con m\u00e1s del 30% de su territorio bajo alguna categor\u00eda de protecci\u00f3n ambiental, superando incluso la meta internacional 30\u00d730 de biodiversidad.<\/p>\n\n\n\n<p>Asimismo, el estado alberga uno de los patrimonios naturales m\u00e1s importantes del pa\u00eds, con sistemas arrecifales, manglares, selvas tropicales, humedales y corredores biol\u00f3gicos fundamentales para la captaci\u00f3n de agua, la resiliencia clim\u00e1tica y la actividad tur\u00edstica.<\/p>\n\n\n\n<p>Como parte de esta agenda, Mara Lezama y \u00c1lvarez Icaza acordaron avanzar en una visi\u00f3n de conservaci\u00f3n territorial m\u00e1s amplia, que no solo fortalezca las ANP existentes, sino que tambi\u00e9n permita intervenir en zonas de amortiguamiento, \u00e1reas de recarga h\u00eddrica y ecosistemas estrat\u00e9gicos hoy amenazados por el crecimiento irregular.<\/p>\n\n\n\n<p>Con esto, este gobierno diferente, humanista con coraz\u00f3n feminista, protege su entorno natural como base del bienestar, el desarrollo y el futuro ambiental de las pr\u00f3ximas generaciones.<\/p>\n\n\n\n<figure class=\"wp-block-image size-full\"><img loading=\"lazy\" decoding=\"async\" width=\"585\" height=\"390\" src=\"http:\/\/vertienteglobal.com\/wp-content\/uploads\/2026\/04\/1001193278.jpg\" alt=\"\" class=\"wp-image-256122\" srcset=\"http:\/\/vertienteglobal.com\/wp-content\/uploads\/2026\/04\/1001193278.jpg 585w, http:\/\/vertienteglobal.com\/wp-content\/uploads\/2026\/04\/1001193278-300x200.jpg 300w, http:\/\/vertienteglobal.com\/wp-content\/uploads\/2026\/04\/1001193278-150x100.jpg 150w\" sizes=\"auto, (max-width: 585px) 100vw, 585px\" \/><\/figure>\n\n\n\n<figure class=\"wp-block-image size-full\"><img loading=\"lazy\" decoding=\"async\" width=\"585\" height=\"390\" src=\"http:\/\/vertienteglobal.com\/wp-content\/uploads\/2026\/04\/1001193279.jpg\" alt=\"\" class=\"wp-image-256123\" srcset=\"http:\/\/vertienteglobal.com\/wp-content\/uploads\/2026\/04\/1001193279.jpg 585w, http:\/\/vertienteglobal.com\/wp-content\/uploads\/2026\/04\/1001193279-300x200.jpg 300w, http:\/\/vertienteglobal.com\/wp-content\/uploads\/2026\/04\/1001193279-150x100.jpg 150w\" sizes=\"auto, (max-width: 585px) 100vw, 585px\" \/><\/figure>\n","protected":false},"excerpt":{"rendered":"<p>(Redacci\u00f3n) En reuni\u00f3n de trabajo con Pedro \u00c1lvarez Icaza, titular de la CONAP, la Gobernadora acuerdan fortalecer las acciones para la protecci\u00f3n de la riqueza natural, herencia para las pr\u00f3ximas generaciones Canc\u00fan, Quintana Roo 26 de abril de 2026.- La gobernadora Mara Lezama Espinosa sostuvo una reuni\u00f3n de trabajo con el titular de la Comisi\u00f3n [&hellip;]<\/p>\n","protected":false},"author":6,"featured_media":256121,"comment_status":"open","ping_status":"open","sticky":false,"template":"","format":"standard","meta":{"footnotes":""},"categories":[3],"tags":[],"class_list":["post-256120","post","type-post","status-publish","format-standard","has-post-thumbnail","hentry","category-quintana-roo","entry","has-media"],"jetpack_featured_media_url":"http:\/\/vertienteglobal.com\/wp-content\/uploads\/2026\/04\/1001193277.jpg","_links":{"self":[{"href":"http:\/\/vertienteglobal.com\/index.php?rest_route=\/wp\/v2\/posts\/256120","targetHints":{"allow":["GET"]}}],"collection":[{"href":"http:\/\/vertienteglobal.com\/index.php?rest_route=\/wp\/v2\/posts"}],"about":[{"href":"http:\/\/vertienteglobal.com\/index.php?rest_route=\/wp\/v2\/types\/post"}],"author":[{"embeddable":true,"href":"http:\/\/vertienteglobal.com\/index.php?rest_route=\/wp\/v2\/users\/6"}],"replies":[{"embeddable":true,"href":"http:\/\/vertienteglobal.com\/index.php?rest_route=%2Fwp%2Fv2%2Fcomments&post=256120"}],"version-history":[{"count":1,"href":"http:\/\/vertienteglobal.com\/index.php?rest_route=\/wp\/v2\/posts\/256120\/revisions"}],"predecessor-version":[{"id":256124,"href":"http:\/\/vertienteglobal.com\/index.php?rest_route=\/wp\/v2\/posts\/256120\/revisions\/256124"}],"wp:featuredmedia":[{"embeddable":true,"href":"http:\/\/vertienteglobal.com\/index.php?rest_route=\/wp\/v2\/media\/256121"}],"wp:attachment":[{"href":"http:\/\/vertienteglobal.com\/index.php?rest_route=%2Fwp%2Fv2%2Fmedia&parent=256120"}],"wp:term":[{"taxonomy":"category","embeddable":true,"href":"http:\/\/vertienteglobal.com\/index.php?rest_route=%2Fwp%2Fv2%2Fcategories&post=256120"},{"taxonomy":"post_tag","embeddable":true,"href":"http:\/\/vertienteglobal.com\/index.php?rest_route=%2Fwp%2Fv2%2Ftags&post=256120"}],"curies":[{"name":"wp","href":"https:\/\/api.w.org\/{rel}","templated":true}]}}