{"id":256114,"date":"2026-04-25T23:58:00","date_gmt":"2026-04-26T04:58:00","guid":{"rendered":"http:\/\/vertienteglobal.com\/?p=256114"},"modified":"2026-04-26T11:50:10","modified_gmt":"2026-04-26T16:50:10","slug":"la-salud-de-los-mexicanos-no-ha-mejorado-en-las-ultimas-tres-decadas-alerta-experta","status":"publish","type":"post","link":"http:\/\/vertienteglobal.com\/?p=256114","title":{"rendered":"La salud de los mexicanos no ha mejorado en las \u00faltimas tres d\u00e9cadas, alerta experta"},"content":{"rendered":"\n<div class=\"twitterbutton\" style=\"float: right; padding-left: 5px;\"><a href=\"http:\/\/twitter.com\/share\" class=\"twitter-share-button\" data-count=\"horizontal\" data-text=\"La salud de los mexicanos no ha mejorado en las \u00faltimas tres d\u00e9cadas, alerta e...\" data-via=\"https:\/\/twitter.com\/VertienteGloba1\" data-url=\"http:\/\/vertienteglobal.com\/?p=256114\" data-lang=\"es\" data-related=\"Informaci\u00f3n general:S\u00edguenos para que est\u00e9ss informado\"><\/a><\/div>\n<figure class=\"wp-block-image size-full\"><img loading=\"lazy\" decoding=\"async\" width=\"1024\" height=\"683\" src=\"http:\/\/vertienteglobal.com\/wp-content\/uploads\/2026\/04\/1001191582.webp\" alt=\"\" class=\"wp-image-256115\" srcset=\"http:\/\/vertienteglobal.com\/wp-content\/uploads\/2026\/04\/1001191582.webp 1024w, http:\/\/vertienteglobal.com\/wp-content\/uploads\/2026\/04\/1001191582-300x200.webp 300w, http:\/\/vertienteglobal.com\/wp-content\/uploads\/2026\/04\/1001191582-150x100.webp 150w, http:\/\/vertienteglobal.com\/wp-content\/uploads\/2026\/04\/1001191582-768x512.webp 768w\" sizes=\"auto, (max-width: 1024px) 100vw, 1024px\" \/><\/figure>\n\n\n\n<p>(Redacci\u00f3n)<\/p>\n\n\n\n<p>Llam\u00f3 la atenci\u00f3n en la persistencia de enfermedades no transmisibles, mientras que se \u00abhan incrementado\u00bb padecimientos externos como homicidio, suicidio, muerte o discapacidad asociada con arma de fuego<\/p>\n\n\n\n<p>Ciudad de M\u00e9xico, 25 de abril de 2026.- En las tres \u00faltimas d\u00e9cadas, los mexicanos han experimentado un aumento en su esperanza de vida pero su salud no ha mejorado, en un contexto en el que existen \u00abbrechas\u00bb en la calidad de vida, alert\u00f3 este viernes la profesora de la Facultad de Medicina de la Universidad Nacional Aut\u00f3noma de M\u00e9xico (UNAM) Marcela Agudelo.<\/p>\n\n\n\n<p>La acad\u00e9mica, coordinadora del Centro de Investigaci\u00f3n en Pol\u00edticas, Poblaci\u00f3n y Salud (CIPPS), explic\u00f3 en un seminario que persisten \u00abinequidades en cu\u00e1nto y c\u00f3mo se vive, con diferencias en calidad de vida entre territorios y sexos\u00bb, seg\u00fan inform\u00f3 la UNAM en un comunicado.<\/p>\n\n\n\n<p>\u00abEl desempe\u00f1o del sistema de salud no ha logrado reducir estas brechas, lo que indica limitaciones estructurales en el acceso y la calidad de la atenci\u00f3n. No basta que existan los sistemas de salud, sino qu\u00e9 calidad prestan los servicios\u00bb, asegur\u00f3.<\/p>\n\n\n\n<p>Para tratar estas desigualdades, Agudelo pidi\u00f3 \u00abpol\u00edticas diferenciadas\u00bb que se adapten a los perfiles epidemiol\u00f3gicos y sociales de acorde a los estados que conforman la Rep\u00fablica mexicana.<\/p>\n\n\n\n<p>En este sentido, llam\u00f3 la atenci\u00f3n en la persistencia de enfermedades no transmisibles, mientras que se \u00abhan incrementado\u00bb padecimientos externos como homicidio, suicidio, muerte o discapacidad asociada con arma de fuego.<\/p>\n\n\n\n<p>Seg\u00fan las cifras que expuso, de 1990 a 2021 la mortalidad de los mexicanos por afecciones transmisibles, donde se encuentran las respiratorias, se elev\u00f3 50,3 %.<\/p>\n\n\n\n<p>Sin embargo, las no transmisibles &#8211; como c\u00e1ncer o enfermedades cardiovasculares- bajaron un 16,8%, a pesar de que siguen siendo las principales causas de fallecimiento en el pa\u00eds norteamericano.<\/p>\n\n\n\n<p>En ese mismo periodo, a\u00f1adi\u00f3 la acad\u00e9mica, la esperanza de vida se increment\u00f3 un 6,7%, si bien \u00abno necesariamente se manifest\u00f3 en condiciones de bienestar\u00bb.<\/p>\n\n\n\n<p>De la situaci\u00f3n de mortalidad a nivel nacional, record\u00f3 que el pa\u00eds tiene la mayor tasa de mortalidad por razones evitables, de acuerdo con datos de la Organizaci\u00f3n para la Cooperaci\u00f3n y el Desarrollo Econ\u00f3micos.<\/p>\n","protected":false},"excerpt":{"rendered":"<p>(Redacci\u00f3n) Llam\u00f3 la atenci\u00f3n en la persistencia de enfermedades no transmisibles, mientras que se \u00abhan incrementado\u00bb padecimientos externos como homicidio, suicidio, muerte o discapacidad asociada con arma de fuego Ciudad de M\u00e9xico, 25 de abril de 2026.- En las tres \u00faltimas d\u00e9cadas, los mexicanos han experimentado un aumento en su esperanza de vida pero su [&hellip;]<\/p>\n","protected":false},"author":6,"featured_media":256115,"comment_status":"open","ping_status":"open","sticky":false,"template":"","format":"standard","meta":{"footnotes":""},"categories":[8],"tags":[],"class_list":["post-256114","post","type-post","status-publish","format-standard","has-post-thumbnail","hentry","category-pais","entry","has-media"],"jetpack_featured_media_url":"http:\/\/vertienteglobal.com\/wp-content\/uploads\/2026\/04\/1001191582.webp","_links":{"self":[{"href":"http:\/\/vertienteglobal.com\/index.php?rest_route=\/wp\/v2\/posts\/256114","targetHints":{"allow":["GET"]}}],"collection":[{"href":"http:\/\/vertienteglobal.com\/index.php?rest_route=\/wp\/v2\/posts"}],"about":[{"href":"http:\/\/vertienteglobal.com\/index.php?rest_route=\/wp\/v2\/types\/post"}],"author":[{"embeddable":true,"href":"http:\/\/vertienteglobal.com\/index.php?rest_route=\/wp\/v2\/users\/6"}],"replies":[{"embeddable":true,"href":"http:\/\/vertienteglobal.com\/index.php?rest_route=%2Fwp%2Fv2%2Fcomments&post=256114"}],"version-history":[{"count":1,"href":"http:\/\/vertienteglobal.com\/index.php?rest_route=\/wp\/v2\/posts\/256114\/revisions"}],"predecessor-version":[{"id":256116,"href":"http:\/\/vertienteglobal.com\/index.php?rest_route=\/wp\/v2\/posts\/256114\/revisions\/256116"}],"wp:featuredmedia":[{"embeddable":true,"href":"http:\/\/vertienteglobal.com\/index.php?rest_route=\/wp\/v2\/media\/256115"}],"wp:attachment":[{"href":"http:\/\/vertienteglobal.com\/index.php?rest_route=%2Fwp%2Fv2%2Fmedia&parent=256114"}],"wp:term":[{"taxonomy":"category","embeddable":true,"href":"http:\/\/vertienteglobal.com\/index.php?rest_route=%2Fwp%2Fv2%2Fcategories&post=256114"},{"taxonomy":"post_tag","embeddable":true,"href":"http:\/\/vertienteglobal.com\/index.php?rest_route=%2Fwp%2Fv2%2Ftags&post=256114"}],"curies":[{"name":"wp","href":"https:\/\/api.w.org\/{rel}","templated":true}]}}