{"id":256110,"date":"2026-04-21T23:56:00","date_gmt":"2026-04-22T04:56:00","guid":{"rendered":"http:\/\/vertienteglobal.com\/?p=256110"},"modified":"2026-04-26T09:13:56","modified_gmt":"2026-04-26T14:13:56","slug":"karol-g-llegara-a-mexico-con-su-nueva-gira-tropitour","status":"publish","type":"post","link":"http:\/\/vertienteglobal.com\/?p=256110","title":{"rendered":"Karol G llegar\u00e1 a M\u00e9xico con su nueva gira &#8216;Tropitour&#8217;"},"content":{"rendered":"\n<div class=\"twitterbutton\" style=\"float: right; padding-left: 5px;\"><a href=\"http:\/\/twitter.com\/share\" class=\"twitter-share-button\" data-count=\"horizontal\" data-text=\"Karol G llegar\u00e1 a M\u00e9xico con su nueva gira &#8216;Tropitour&#8217;\" data-via=\"https:\/\/twitter.com\/VertienteGloba1\" data-url=\"http:\/\/vertienteglobal.com\/?p=256110\" data-lang=\"es\" data-related=\"Informaci\u00f3n general:S\u00edguenos para que est\u00e9ss informado\"><\/a><\/div>\n<figure class=\"wp-block-image size-full\"><img loading=\"lazy\" decoding=\"async\" width=\"1920\" height=\"1080\" src=\"http:\/\/vertienteglobal.com\/wp-content\/uploads\/2026\/04\/1001191041.jpg\" alt=\"\" class=\"wp-image-256112\" srcset=\"http:\/\/vertienteglobal.com\/wp-content\/uploads\/2026\/04\/1001191041.jpg 1920w, http:\/\/vertienteglobal.com\/wp-content\/uploads\/2026\/04\/1001191041-300x169.jpg 300w, http:\/\/vertienteglobal.com\/wp-content\/uploads\/2026\/04\/1001191041-1024x576.jpg 1024w, http:\/\/vertienteglobal.com\/wp-content\/uploads\/2026\/04\/1001191041-150x84.jpg 150w, http:\/\/vertienteglobal.com\/wp-content\/uploads\/2026\/04\/1001191041-768x432.jpg 768w, http:\/\/vertienteglobal.com\/wp-content\/uploads\/2026\/04\/1001191041-1536x864.jpg 1536w\" sizes=\"auto, (max-width: 1920px) 100vw, 1920px\" \/><\/figure>\n\n\n\n<p>(Redacci\u00f3n)<\/p>\n\n\n\n<p>La Bichota proyect\u00f3 en las pantallas gigantes un mensaje que desat\u00f3 la euforia entre los miles de asistentes: \u00abNos vamos de tour\u00bb<\/p>\n\n\n\n<p>Ciudad de M\u00e9xico 21 de abril de 2026.+La gira &#8216;Viajando por el mundo Tropitour&#8217; llevar\u00e1 a Karol G este a\u00f1o y el pr\u00f3ximo a 20 pa\u00edses, incluidos su natal Colombia, Espa\u00f1a, Estados Unidos, Canad\u00e1, M\u00e9xico, Argentina, Brasil, Per\u00fa, Chile, Rep\u00fablica Dominicana y Costa Rica, entre otros.<\/p>\n\n\n\n<p>Al finalizar su actuaci\u00f3n el domingo por la noche en el escenario principal de Coachella, en California (EEUU), La Bichota proyect\u00f3 en las pantallas gigantes un mensaje que desat\u00f3 la euforia entre los miles de asistentes: \u00abNos vamos de tour\u00bb.<\/p>\n\n\n\n<p>La artista divulg\u00f3 este martes las fechas de la gira, que comenzar\u00e1 el pr\u00f3ximo 24 de julio en el estadio Soldier Field de Chicago y culminar\u00e1 exactamente un a\u00f1o despu\u00e9s en el estadio San Siro de Mil\u00e1n (Italia).<\/p>\n\n\n\n<p>La primera parte de la gira -realizada con motivo de su m\u00e1s reciente \u00e1lbum, &#8216;Tropicoqueta&#8217;- se realizar\u00e1 en Norteam\u00e9rica, donde la colombiana visitar\u00e1 entre el 24 de julio y el 15 de octubre las ciudades de Chicago, Toronto, Washington, Las Vegas, Los \u00c1ngeles, San Francisco, Seattle, Phoenix, San Antonio, El Paso, Boston, Nueva York, Atlanta, Houston, Miami y Tampa.<\/p>\n\n\n\n<p>Karol G viajar\u00e1 despu\u00e9s a Latinoam\u00e9rica, donde se presentar\u00e1 antes de finalizar el a\u00f1o en Monterrey, Ciudad de M\u00e9xico, San Jos\u00e9, Bogot\u00e1, Quito, Lima, Santiago, Buenos Aires, Sao Paulo y San Juan, entre el 5 de noviembre y el 26 de febrero de 2027.<\/p>\n\n\n\n<p>Luego, se\u00f1al\u00f3 su equipo en un comunicado, \u00abhar\u00e1 historia al convertirse en la primera artista latina en llevar una gira de estadios por Europa dentro de un tour de alcance mundial\u00bb. El primer concierto europeo de La Bichota se llevar\u00e1 a cabo en el estadio Ol\u00edmpico de Barcelona el 3 de junio de 2027 y ocho d\u00edas despu\u00e9s, el 11 del mismo mes, se presentar\u00e1 en el estadio La Cartuja de Sevilla.(Fuente: EFE\/XEVA)<\/p>\n\n\n\n<figure class=\"wp-block-embed is-type-rich is-provider-twitter wp-block-embed-twitter\"><div class=\"wp-block-embed__wrapper\">\n<div class=\"oceanwp-oembed-wrap clr\"><div class=\"embed-twitter\"><blockquote class=\"twitter-tweet\" data-width=\"550\" data-dnt=\"true\"><p lang=\"es\" dir=\"ltr\">Karol G por fin anuncia su gira \u201cViajando por el Mundo\u201d &#8211; Tropitour \ud83e\udd9c a trav\u00e9s de Instagram. <a href=\"https:\/\/t.co\/faRHRsIIFa\">pic.twitter.com\/faRHRsIIFa<\/a><\/p>&mdash; Karol G Site (@KarolGSite) <a href=\"https:\/\/twitter.com\/KarolGSite\/status\/2046596417825767515?ref_src=twsrc%5Etfw\">April 21, 2026<\/a><\/blockquote><script async src=\"https:\/\/platform.twitter.com\/widgets.js\" charset=\"utf-8\"><\/script><\/div><\/div>\n<\/div><\/figure>\n","protected":false},"excerpt":{"rendered":"<p>(Redacci\u00f3n) La Bichota proyect\u00f3 en las pantallas gigantes un mensaje que desat\u00f3 la euforia entre los miles de asistentes: \u00abNos vamos de tour\u00bb Ciudad de M\u00e9xico 21 de abril de 2026.+La gira &#8216;Viajando por el mundo Tropitour&#8217; llevar\u00e1 a Karol G este a\u00f1o y el pr\u00f3ximo a 20 pa\u00edses, incluidos su natal Colombia, Espa\u00f1a, Estados [&hellip;]<\/p>\n","protected":false},"author":6,"featured_media":256112,"comment_status":"open","ping_status":"open","sticky":false,"template":"","format":"standard","meta":{"footnotes":""},"categories":[10],"tags":[],"class_list":["post-256110","post","type-post","status-publish","format-standard","has-post-thumbnail","hentry","category-espectaculos","entry","has-media"],"jetpack_featured_media_url":"http:\/\/vertienteglobal.com\/wp-content\/uploads\/2026\/04\/1001191041.jpg","_links":{"self":[{"href":"http:\/\/vertienteglobal.com\/index.php?rest_route=\/wp\/v2\/posts\/256110","targetHints":{"allow":["GET"]}}],"collection":[{"href":"http:\/\/vertienteglobal.com\/index.php?rest_route=\/wp\/v2\/posts"}],"about":[{"href":"http:\/\/vertienteglobal.com\/index.php?rest_route=\/wp\/v2\/types\/post"}],"author":[{"embeddable":true,"href":"http:\/\/vertienteglobal.com\/index.php?rest_route=\/wp\/v2\/users\/6"}],"replies":[{"embeddable":true,"href":"http:\/\/vertienteglobal.com\/index.php?rest_route=%2Fwp%2Fv2%2Fcomments&post=256110"}],"version-history":[{"count":1,"href":"http:\/\/vertienteglobal.com\/index.php?rest_route=\/wp\/v2\/posts\/256110\/revisions"}],"predecessor-version":[{"id":256113,"href":"http:\/\/vertienteglobal.com\/index.php?rest_route=\/wp\/v2\/posts\/256110\/revisions\/256113"}],"wp:featuredmedia":[{"embeddable":true,"href":"http:\/\/vertienteglobal.com\/index.php?rest_route=\/wp\/v2\/media\/256112"}],"wp:attachment":[{"href":"http:\/\/vertienteglobal.com\/index.php?rest_route=%2Fwp%2Fv2%2Fmedia&parent=256110"}],"wp:term":[{"taxonomy":"category","embeddable":true,"href":"http:\/\/vertienteglobal.com\/index.php?rest_route=%2Fwp%2Fv2%2Fcategories&post=256110"},{"taxonomy":"post_tag","embeddable":true,"href":"http:\/\/vertienteglobal.com\/index.php?rest_route=%2Fwp%2Fv2%2Ftags&post=256110"}],"curies":[{"name":"wp","href":"https:\/\/api.w.org\/{rel}","templated":true}]}}