{"id":256107,"date":"2026-04-23T01:50:00","date_gmt":"2026-04-23T06:50:00","guid":{"rendered":"http:\/\/vertienteglobal.com\/?p=256107"},"modified":"2026-04-26T08:55:47","modified_gmt":"2026-04-26T13:55:47","slug":"chayanne-baila-al-ritmo-de-mexico-en-el-auditorio-nacional","status":"publish","type":"post","link":"http:\/\/vertienteglobal.com\/?p=256107","title":{"rendered":"Chayanne baila al ritmo de M\u00e9xico en el Auditorio Nacional"},"content":{"rendered":"\n<div class=\"twitterbutton\" style=\"float: right; padding-left: 5px;\"><a href=\"http:\/\/twitter.com\/share\" class=\"twitter-share-button\" data-count=\"horizontal\" data-text=\"Chayanne baila al ritmo de M\u00e9xico en el Auditorio Nacional\" data-via=\"https:\/\/twitter.com\/VertienteGloba1\" data-url=\"http:\/\/vertienteglobal.com\/?p=256107\" data-lang=\"es\" data-related=\"Informaci\u00f3n general:S\u00edguenos para que est\u00e9ss informado\"><\/a><\/div>\n<figure class=\"wp-block-image size-full\"><img loading=\"lazy\" decoding=\"async\" width=\"1024\" height=\"683\" src=\"http:\/\/vertienteglobal.com\/wp-content\/uploads\/2026\/04\/1001190984.webp\" alt=\"\" class=\"wp-image-256108\" srcset=\"http:\/\/vertienteglobal.com\/wp-content\/uploads\/2026\/04\/1001190984.webp 1024w, http:\/\/vertienteglobal.com\/wp-content\/uploads\/2026\/04\/1001190984-300x200.webp 300w, http:\/\/vertienteglobal.com\/wp-content\/uploads\/2026\/04\/1001190984-150x100.webp 150w, http:\/\/vertienteglobal.com\/wp-content\/uploads\/2026\/04\/1001190984-768x512.webp 768w\" sizes=\"auto, (max-width: 1024px) 100vw, 1024px\" \/><\/figure>\n\n\n\n<p>(Redacci\u00f3n)<\/p>\n\n\n\n<p>Desde 2024, cuando inici\u00f3 esta gira, Chayanne declar\u00f3 su amor por M\u00e9xico ofreciendo m\u00e1s fechas de conciertos para consentir a sus fan\u00e1ticos, porque como dice: \u201cal p\u00fablico hay que obedecerlo\u201d<\/p>\n\n\n\n<p>Ciudad de M\u00e9xico 23 de abril de 2026.-El cantante Chayanne entreg\u00f3 este mi\u00e9rcoles el coraz\u00f3n a sus miles de seguidores en el Auditorio Nacional de la Ciudad de M\u00e9xico, quienes bailaron cl\u00e1sicos y temas del repertorio de \u2018Bailemos otra vez\u2019, su \u00faltimo \u00e1lbum que lleva el nombre de su la gira internacional, que tendr\u00e1 cuatro paradas en la capital mexicana.<\/p>\n\n\n\n<p>Y es que el puertorrique\u00f1o, Chayanne, de 57 a\u00f1os, mostr\u00f3 una vez m\u00e1s que la juventud se lleva en el alma y que su m\u00fasica tiene vigencia, y es que esta noche el apodado \u2018pap\u00e1 de M\u00e9xico\u2019 no escatim\u00f3 en pasos de baile que terminaron por encender al p\u00fablico mexicano con cl\u00e1sicos del pop latino como \u2018Y T\u00fa Te Vas\u2019 o \u2018Bailemos Otra Vez\u2019, uno de los \u00e9xitos del \u00e1lbum publicado en 2023.<\/p>\n\n\n\n<p>Desde 2024, cuando inici\u00f3 esta gira, Chayanne declar\u00f3 su amor por M\u00e9xico ofreciendo m\u00e1s fechas de conciertos para consentir a sus fan\u00e1ticos, porque como dice: \u201cal p\u00fablico hay que obedecerlo\u201d.<\/p>\n\n\n\n<p>En esta ocasi\u00f3n, el artista estar\u00e1 endulzando con su m\u00fasica la capital mexicana el 23 de abril, as\u00ed como el 6 y 7 de mayo, aunque su baile tambi\u00e9n estar\u00e1 presente en los estados de Coahuila, Sonora, Sinaloa, Tamaulipas y Oaxaca.<\/p>\n\n\n\n<p>\u2018Bailemos otra vez\u2019 es una de las giras latinas con mejor recaudaci\u00f3n de 2025, tras acumular 87,6 millones de d\u00f3lares a lo largo de 63 conciertos ofrecidos en 2024, seg\u00fan report\u00f3 Billboard.<\/p>\n\n\n\n<p>Cabe destacar que entre las personalidades invitadas est\u00e1 la actriz, cantante y ex primera dama de M\u00e9xico, Ang\u00e9lica Rivera.(Fuente:EFE\/Agencias\/Milenio\/XEVA)<\/p>\n\n\n\n<figure class=\"wp-block-embed is-type-rich is-provider-twitter wp-block-embed-twitter\"><div class=\"wp-block-embed__wrapper\">\n<div class=\"oceanwp-oembed-wrap clr\"><div class=\"embed-twitter\"><blockquote class=\"twitter-tweet\" data-width=\"550\" data-dnt=\"true\"><p lang=\"es\" dir=\"ltr\">\ud83c\uddf2\ud83c\uddfd\ud83c\udf99\ufe0f \u00a1El pap\u00e1 de M\u00e9xico est\u00e1 en la casa! As\u00ed arranca el concierto de Chayanne en el Auditorio Nacional, lo que marca su regreso a nuestro pa\u00eds<br><br>Entre las personalidades invitadas est\u00e1 la actriz, cantante y ex primera dama de M\u00e9xico, Ang\u00e9lica Rivera.<br><br>\u270d\ufe0f\ud83d\udcf9 Con informaci\u00f3n e\u2026 <a href=\"https:\/\/t.co\/l18WpymdjV\">pic.twitter.com\/l18WpymdjV<\/a><\/p>&mdash; Milenio (@Milenio) <a href=\"https:\/\/twitter.com\/Milenio\/status\/2047153021348438309?ref_src=twsrc%5Etfw\">April 23, 2026<\/a><\/blockquote><script async src=\"https:\/\/platform.twitter.com\/widgets.js\" charset=\"utf-8\"><\/script><\/div><\/div>\n<\/div><\/figure>\n","protected":false},"excerpt":{"rendered":"<p>(Redacci\u00f3n) Desde 2024, cuando inici\u00f3 esta gira, Chayanne declar\u00f3 su amor por M\u00e9xico ofreciendo m\u00e1s fechas de conciertos para consentir a sus fan\u00e1ticos, porque como dice: \u201cal p\u00fablico hay que obedecerlo\u201d Ciudad de M\u00e9xico 23 de abril de 2026.-El cantante Chayanne entreg\u00f3 este mi\u00e9rcoles el coraz\u00f3n a sus miles de seguidores en el Auditorio Nacional [&hellip;]<\/p>\n","protected":false},"author":6,"featured_media":256108,"comment_status":"open","ping_status":"open","sticky":false,"template":"","format":"standard","meta":{"footnotes":""},"categories":[10],"tags":[],"class_list":["post-256107","post","type-post","status-publish","format-standard","has-post-thumbnail","hentry","category-espectaculos","entry","has-media"],"jetpack_featured_media_url":"http:\/\/vertienteglobal.com\/wp-content\/uploads\/2026\/04\/1001190984.webp","_links":{"self":[{"href":"http:\/\/vertienteglobal.com\/index.php?rest_route=\/wp\/v2\/posts\/256107","targetHints":{"allow":["GET"]}}],"collection":[{"href":"http:\/\/vertienteglobal.com\/index.php?rest_route=\/wp\/v2\/posts"}],"about":[{"href":"http:\/\/vertienteglobal.com\/index.php?rest_route=\/wp\/v2\/types\/post"}],"author":[{"embeddable":true,"href":"http:\/\/vertienteglobal.com\/index.php?rest_route=\/wp\/v2\/users\/6"}],"replies":[{"embeddable":true,"href":"http:\/\/vertienteglobal.com\/index.php?rest_route=%2Fwp%2Fv2%2Fcomments&post=256107"}],"version-history":[{"count":1,"href":"http:\/\/vertienteglobal.com\/index.php?rest_route=\/wp\/v2\/posts\/256107\/revisions"}],"predecessor-version":[{"id":256109,"href":"http:\/\/vertienteglobal.com\/index.php?rest_route=\/wp\/v2\/posts\/256107\/revisions\/256109"}],"wp:featuredmedia":[{"embeddable":true,"href":"http:\/\/vertienteglobal.com\/index.php?rest_route=\/wp\/v2\/media\/256108"}],"wp:attachment":[{"href":"http:\/\/vertienteglobal.com\/index.php?rest_route=%2Fwp%2Fv2%2Fmedia&parent=256107"}],"wp:term":[{"taxonomy":"category","embeddable":true,"href":"http:\/\/vertienteglobal.com\/index.php?rest_route=%2Fwp%2Fv2%2Fcategories&post=256107"},{"taxonomy":"post_tag","embeddable":true,"href":"http:\/\/vertienteglobal.com\/index.php?rest_route=%2Fwp%2Fv2%2Ftags&post=256107"}],"curies":[{"name":"wp","href":"https:\/\/api.w.org\/{rel}","templated":true}]}}