{"id":256101,"date":"2026-04-24T14:24:00","date_gmt":"2026-04-24T19:24:00","guid":{"rendered":"http:\/\/vertienteglobal.com\/?p=256101"},"modified":"2026-04-26T08:47:23","modified_gmt":"2026-04-26T13:47:23","slug":"michael-la-pelicula-interes-del-publico-por-el-rey-del-pop-sigue-vigente","status":"publish","type":"post","link":"http:\/\/vertienteglobal.com\/?p=256101","title":{"rendered":"&#8216;Michael&#8217; la pel\u00edcula: Interes del p\u00fablico por el \u201cRey del Pop\u201d sigue vigente"},"content":{"rendered":"\n<div class=\"twitterbutton\" style=\"float: right; padding-left: 5px;\"><a href=\"http:\/\/twitter.com\/share\" class=\"twitter-share-button\" data-count=\"horizontal\" data-text=\"&#8216;Michael&#8217; la pel\u00edcula: Interes del p\u00fablico por el \u201cRey del Pop?...\" data-via=\"https:\/\/twitter.com\/VertienteGloba1\" data-url=\"http:\/\/vertienteglobal.com\/?p=256101\" data-lang=\"es\" data-related=\"Informaci\u00f3n general:S\u00edguenos para que est\u00e9ss informado\"><\/a><\/div>\n<figure class=\"wp-block-image size-full\"><img loading=\"lazy\" decoding=\"async\" width=\"480\" height=\"640\" src=\"http:\/\/vertienteglobal.com\/wp-content\/uploads\/2026\/04\/1001190953.jpg\" alt=\"\" class=\"wp-image-256102\" srcset=\"http:\/\/vertienteglobal.com\/wp-content\/uploads\/2026\/04\/1001190953.jpg 480w, http:\/\/vertienteglobal.com\/wp-content\/uploads\/2026\/04\/1001190953-225x300.jpg 225w, http:\/\/vertienteglobal.com\/wp-content\/uploads\/2026\/04\/1001190953-113x150.jpg 113w\" sizes=\"auto, (max-width: 480px) 100vw, 480px\" \/><\/figure>\n\n\n\n<p>(Redacci\u00f3n)<\/p>\n\n\n\n<p>En taquilla, la pel\u00edcula ha tenido un buen arranque, recaudando 12.6 millones de d\u00f3lares en sus primeras funciones y 3.8 millones en proyecciones anticipadas en formatos pr\u00e9mium, lo que demuestra que el inter\u00e9s por el \u201cRey del Pop\u201d sigue vigente<\/p>\n\n\n\n<p>Ciudad de M\u00e9xico 24 de abril de 2026.-La pel\u00edcula \u201cMichael\u201d, dirigida por Antoine Fuqua, ha generado mucha conversaci\u00f3n incluso antes de su estreno. Mientras la cr\u00edtica especializada no ha sido tan positiva, el inter\u00e9s del p\u00fablico por la historia de Michael Jackson sigue siendo fuerte y ha marcado la diferencia.<\/p>\n\n\n\n<p>Y es que en plataformas como Rotten Tomatoes, la cinta debut\u00f3 con una calificaci\u00f3n baja cercana al 36%, lo que la coloca en una recepci\u00f3n cr\u00edtica poco favorable. Algunos medios se\u00f1alaron que la narrativa evita momentos pol\u00e9micos de la vida del cantante, lo que ha sido uno de los principales puntos de cr\u00edtica.<\/p>\n\n\n\n<p>De hecho, medios como \u201cThe Guardian\u201d y \u201cRolling Stone\u201d han descrito la pel\u00edcula como superficial o incluso deprimente, al considerar que no profundiza en aspectos importantes de la vida del artista.<\/p>\n\n\n\n<p>Adem\u00e1s, se ha cuestionado la decisi\u00f3n de cerrar la historia en 1988, durante la gira Bad, dejando fuera situaciones controversiales, como las acusaciones de abuso sexual, que marcaron su carrera en a\u00f1os posteriores.<\/p>\n\n\n\n<p>Sin embargo, la respuesta del p\u00fablico ha sido muy distinta. En taquilla, la pel\u00edcula ha tenido un buen arranque, recaudando 12.6 millones de d\u00f3lares en sus primeras funciones y 3.8 millones en proyecciones anticipadas en formatos pr\u00e9mium, lo que demuestra que el inter\u00e9s por el \u201cRey del Pop\u201d sigue vigente.<\/p>\n\n\n\n<p>Las encuestas iniciales tambi\u00e9n reflejan una reacci\u00f3n positiva por parte de la audiencia. Reportes indican altos niveles de satisfacci\u00f3n, con porcentajes elevados de recomendaci\u00f3n, lo que contrasta claramente con la opini\u00f3n de los cr\u00edticos.<\/p>\n\n\n\n<p>Adem\u00e1s, gran parte del p\u00fablico que ha asistido lo ha hecho motivado por el fandom del artista, destacando que m\u00e1s de la mitad acudi\u00f3 por ser seguidor de Michael Jackson. Esto refuerza la idea de que su legado sigue siendo un factor clave para el \u00e9xito del filme.<\/p>\n\n\n\n<p>Incluso dentro de la familia Jackson, algunas voces han se\u00f1alado que ser\u00e1 el p\u00fablico quien tenga la \u00faltima palabra sobre la pel\u00edcula, mientras que el propio director ha defendido las decisiones creativas tomadas, incluyendo la exclusi\u00f3n de ciertos momentos m\u00e1s oscuros.<\/p>\n\n\n\n<p>Al final, \u201cMichael\u201d se est\u00e1 convirtiendo en un claro ejemplo de c\u00f3mo una pel\u00edcula puede ser cuestionada por la cr\u00edtica, pero a\u00fan as\u00ed conectar con la audiencia y mantenerse fuerte gracias al impacto cultural de su protagonista.(Fuente: El Universal\/Agencias\/XEVA)<\/p>\n\n\n\n<figure class=\"wp-block-image size-full\"><img loading=\"lazy\" decoding=\"async\" width=\"1024\" height=\"671\" src=\"http:\/\/vertienteglobal.com\/wp-content\/uploads\/2026\/04\/1001190950.webp\" alt=\"\" class=\"wp-image-256103\" srcset=\"http:\/\/vertienteglobal.com\/wp-content\/uploads\/2026\/04\/1001190950.webp 1024w, http:\/\/vertienteglobal.com\/wp-content\/uploads\/2026\/04\/1001190950-300x197.webp 300w, http:\/\/vertienteglobal.com\/wp-content\/uploads\/2026\/04\/1001190950-150x98.webp 150w, http:\/\/vertienteglobal.com\/wp-content\/uploads\/2026\/04\/1001190950-768x503.webp 768w\" sizes=\"auto, (max-width: 1024px) 100vw, 1024px\" \/><\/figure>\n\n\n\n<figure class=\"wp-block-image size-large\"><img loading=\"lazy\" decoding=\"async\" width=\"1024\" height=\"683\" src=\"http:\/\/vertienteglobal.com\/wp-content\/uploads\/2026\/04\/1001190951-1024x683.jpg\" alt=\"\" class=\"wp-image-256104\" srcset=\"http:\/\/vertienteglobal.com\/wp-content\/uploads\/2026\/04\/1001190951-1024x683.jpg 1024w, http:\/\/vertienteglobal.com\/wp-content\/uploads\/2026\/04\/1001190951-300x200.jpg 300w, http:\/\/vertienteglobal.com\/wp-content\/uploads\/2026\/04\/1001190951-150x100.jpg 150w, http:\/\/vertienteglobal.com\/wp-content\/uploads\/2026\/04\/1001190951-768x512.jpg 768w, http:\/\/vertienteglobal.com\/wp-content\/uploads\/2026\/04\/1001190951-1536x1024.jpg 1536w, http:\/\/vertienteglobal.com\/wp-content\/uploads\/2026\/04\/1001190951.jpg 2048w\" sizes=\"auto, (max-width: 1024px) 100vw, 1024px\" \/><\/figure>\n\n\n\n<figure class=\"wp-block-image size-large\"><img loading=\"lazy\" decoding=\"async\" width=\"1024\" height=\"683\" src=\"http:\/\/vertienteglobal.com\/wp-content\/uploads\/2026\/04\/1001190952-1024x683.jpg\" alt=\"\" class=\"wp-image-256105\" srcset=\"http:\/\/vertienteglobal.com\/wp-content\/uploads\/2026\/04\/1001190952-1024x683.jpg 1024w, http:\/\/vertienteglobal.com\/wp-content\/uploads\/2026\/04\/1001190952-300x200.jpg 300w, http:\/\/vertienteglobal.com\/wp-content\/uploads\/2026\/04\/1001190952-150x100.jpg 150w, http:\/\/vertienteglobal.com\/wp-content\/uploads\/2026\/04\/1001190952-768x512.jpg 768w, http:\/\/vertienteglobal.com\/wp-content\/uploads\/2026\/04\/1001190952-1536x1024.jpg 1536w, http:\/\/vertienteglobal.com\/wp-content\/uploads\/2026\/04\/1001190952.jpg 2048w\" sizes=\"auto, (max-width: 1024px) 100vw, 1024px\" \/><\/figure>\n","protected":false},"excerpt":{"rendered":"<p>(Redacci\u00f3n) En taquilla, la pel\u00edcula ha tenido un buen arranque, recaudando 12.6 millones de d\u00f3lares en sus primeras funciones y 3.8 millones en proyecciones anticipadas en formatos pr\u00e9mium, lo que demuestra que el inter\u00e9s por el \u201cRey del Pop\u201d sigue vigente Ciudad de M\u00e9xico 24 de abril de 2026.-La pel\u00edcula \u201cMichael\u201d, dirigida por Antoine Fuqua, [&hellip;]<\/p>\n","protected":false},"author":6,"featured_media":256104,"comment_status":"open","ping_status":"open","sticky":false,"template":"","format":"standard","meta":{"footnotes":""},"categories":[10,8],"tags":[],"class_list":["post-256101","post","type-post","status-publish","format-standard","has-post-thumbnail","hentry","category-espectaculos","category-pais","entry","has-media"],"jetpack_featured_media_url":"http:\/\/vertienteglobal.com\/wp-content\/uploads\/2026\/04\/1001190951.jpg","_links":{"self":[{"href":"http:\/\/vertienteglobal.com\/index.php?rest_route=\/wp\/v2\/posts\/256101","targetHints":{"allow":["GET"]}}],"collection":[{"href":"http:\/\/vertienteglobal.com\/index.php?rest_route=\/wp\/v2\/posts"}],"about":[{"href":"http:\/\/vertienteglobal.com\/index.php?rest_route=\/wp\/v2\/types\/post"}],"author":[{"embeddable":true,"href":"http:\/\/vertienteglobal.com\/index.php?rest_route=\/wp\/v2\/users\/6"}],"replies":[{"embeddable":true,"href":"http:\/\/vertienteglobal.com\/index.php?rest_route=%2Fwp%2Fv2%2Fcomments&post=256101"}],"version-history":[{"count":1,"href":"http:\/\/vertienteglobal.com\/index.php?rest_route=\/wp\/v2\/posts\/256101\/revisions"}],"predecessor-version":[{"id":256106,"href":"http:\/\/vertienteglobal.com\/index.php?rest_route=\/wp\/v2\/posts\/256101\/revisions\/256106"}],"wp:featuredmedia":[{"embeddable":true,"href":"http:\/\/vertienteglobal.com\/index.php?rest_route=\/wp\/v2\/media\/256104"}],"wp:attachment":[{"href":"http:\/\/vertienteglobal.com\/index.php?rest_route=%2Fwp%2Fv2%2Fmedia&parent=256101"}],"wp:term":[{"taxonomy":"category","embeddable":true,"href":"http:\/\/vertienteglobal.com\/index.php?rest_route=%2Fwp%2Fv2%2Fcategories&post=256101"},{"taxonomy":"post_tag","embeddable":true,"href":"http:\/\/vertienteglobal.com\/index.php?rest_route=%2Fwp%2Fv2%2Ftags&post=256101"}],"curies":[{"name":"wp","href":"https:\/\/api.w.org\/{rel}","templated":true}]}}