{"id":256089,"date":"2026-04-24T21:54:00","date_gmt":"2026-04-25T02:54:00","guid":{"rendered":"http:\/\/vertienteglobal.com\/?p=256089"},"modified":"2026-04-25T14:59:50","modified_gmt":"2026-04-25T19:59:50","slug":"mexico-y-canada-refuerzan-agenda-economica-y-coordinacion-bilateral-rumbo-al-t-mec","status":"publish","type":"post","link":"http:\/\/vertienteglobal.com\/?p=256089","title":{"rendered":"M\u00e9xico y Canad\u00e1 refuerzan agenda econ\u00f3mica y coordinaci\u00f3n bilateral rumbo al T-MEC"},"content":{"rendered":"\n<div class=\"twitterbutton\" style=\"float: right; padding-left: 5px;\"><a href=\"http:\/\/twitter.com\/share\" class=\"twitter-share-button\" data-count=\"horizontal\" data-text=\"M\u00e9xico y Canad\u00e1 refuerzan agenda econ\u00f3mica y coordinaci\u00f3n bilateral rumbo al...\" data-via=\"https:\/\/twitter.com\/VertienteGloba1\" data-url=\"http:\/\/vertienteglobal.com\/?p=256089\" data-lang=\"es\" data-related=\"Informaci\u00f3n general:S\u00edguenos para que est\u00e9ss informado\"><\/a><\/div>\n<figure class=\"wp-block-image size-full\"><img loading=\"lazy\" decoding=\"async\" width=\"1024\" height=\"683\" src=\"http:\/\/vertienteglobal.com\/wp-content\/uploads\/2026\/04\/1001189646.webp\" alt=\"\" class=\"wp-image-256090\" srcset=\"http:\/\/vertienteglobal.com\/wp-content\/uploads\/2026\/04\/1001189646.webp 1024w, http:\/\/vertienteglobal.com\/wp-content\/uploads\/2026\/04\/1001189646-300x200.webp 300w, http:\/\/vertienteglobal.com\/wp-content\/uploads\/2026\/04\/1001189646-150x100.webp 150w, http:\/\/vertienteglobal.com\/wp-content\/uploads\/2026\/04\/1001189646-768x512.webp 768w\" sizes=\"auto, (max-width: 1024px) 100vw, 1024px\" \/><\/figure>\n\n\n\n<p>(Redacci\u00f3n)<\/p>\n\n\n\n<p>\u201cSeguiremos fortaleciendo la cooperaci\u00f3n bilateral y la amistad entre ambos pa\u00edses\u201d, coincidieron los mandatarios<\/p>\n\n\n\n<p>Ciudad de M\u00e9xico 24 de abri\u00f3 de 2026.+ La presidenta de M\u00e9xico, Claudia Sheinbaum y el primer ministro de Canad\u00e1, Mark Carney, reforzaron la agenda econ\u00f3mica bilateral durante una llamada telef\u00f3nica en la que destacaron la importancia del comercio, la inversi\u00f3n y la cooperaci\u00f3n frente al actual contexto global.<\/p>\n\n\n\n<p>Y es que en las redes sociales la PresidentA Claudia Sheinbaum Pardo, se\u00f1ala que ambos l\u00edderes subrayaron los resultados de la mayor misi\u00f3n comercial canadiense en M\u00e9xico, enfocada en impulsar sectores estrat\u00e9gicos, y anunciaron una pr\u00f3xima visita de empresarios mexicanos a Canad\u00e1 para ampliar oportunidades de negocio y fortalecer los v\u00ednculos entre el sector privado.<\/p>\n\n\n\n<p>Durante la conversaci\u00f3n, tambi\u00e9n abordaron los retos econ\u00f3micos internacionales y la necesidad de coordinaci\u00f3n rumbo a la revisi\u00f3n del T-MEC, con el objetivo de garantizar estabilidad y crecimiento en la regi\u00f3n.<\/p>\n\n\n\n<p>\u201cSeguiremos fortaleciendo la cooperaci\u00f3n bilateral y la amistad entre ambos pa\u00edses\u201d, coincidieron los mandatarios, quienes reafirmaron su compromiso de mantener un di\u00e1logo constante en un momento clave para la relaci\u00f3n M\u00e9xico-Canad\u00e1.<\/p>\n\n\n\n<figure class=\"wp-block-embed is-type-rich is-provider-twitter wp-block-embed-twitter\"><div class=\"wp-block-embed__wrapper\">\n<div class=\"oceanwp-oembed-wrap clr\"><div class=\"embed-twitter\"><blockquote class=\"twitter-tweet\" data-width=\"550\" data-dnt=\"true\"><p lang=\"es\" dir=\"ltr\">Tuvimos una muy grata conversaci\u00f3n telef\u00f3nica con el primer ministro de Canad\u00e1, Mark Carney, para dar seguimiento a los acuerdos comerciales y a las inversiones en nuestros pa\u00edses. <br>Canad\u00e1 y M\u00e9xico somos naciones cercanas y socios comerciales. En las pr\u00f3ximas semanas el equipo de\u2026 <a href=\"https:\/\/t.co\/Yv4ESiMUiR\">pic.twitter.com\/Yv4ESiMUiR<\/a><\/p>&mdash; Claudia Sheinbaum Pardo (@Claudiashein) <a href=\"https:\/\/twitter.com\/Claudiashein\/status\/2047850744762478901?ref_src=twsrc%5Etfw\">April 25, 2026<\/a><\/blockquote><script async src=\"https:\/\/platform.twitter.com\/widgets.js\" charset=\"utf-8\"><\/script><\/div><\/div>\n<\/div><\/figure>\n","protected":false},"excerpt":{"rendered":"<p>(Redacci\u00f3n) \u201cSeguiremos fortaleciendo la cooperaci\u00f3n bilateral y la amistad entre ambos pa\u00edses\u201d, coincidieron los mandatarios Ciudad de M\u00e9xico 24 de abri\u00f3 de 2026.+ La presidenta de M\u00e9xico, Claudia Sheinbaum y el primer ministro de Canad\u00e1, Mark Carney, reforzaron la agenda econ\u00f3mica bilateral durante una llamada telef\u00f3nica en la que destacaron la importancia del comercio, la [&hellip;]<\/p>\n","protected":false},"author":6,"featured_media":256090,"comment_status":"open","ping_status":"open","sticky":false,"template":"","format":"standard","meta":{"footnotes":""},"categories":[8],"tags":[],"class_list":["post-256089","post","type-post","status-publish","format-standard","has-post-thumbnail","hentry","category-pais","entry","has-media"],"jetpack_featured_media_url":"http:\/\/vertienteglobal.com\/wp-content\/uploads\/2026\/04\/1001189646.webp","_links":{"self":[{"href":"http:\/\/vertienteglobal.com\/index.php?rest_route=\/wp\/v2\/posts\/256089","targetHints":{"allow":["GET"]}}],"collection":[{"href":"http:\/\/vertienteglobal.com\/index.php?rest_route=\/wp\/v2\/posts"}],"about":[{"href":"http:\/\/vertienteglobal.com\/index.php?rest_route=\/wp\/v2\/types\/post"}],"author":[{"embeddable":true,"href":"http:\/\/vertienteglobal.com\/index.php?rest_route=\/wp\/v2\/users\/6"}],"replies":[{"embeddable":true,"href":"http:\/\/vertienteglobal.com\/index.php?rest_route=%2Fwp%2Fv2%2Fcomments&post=256089"}],"version-history":[{"count":1,"href":"http:\/\/vertienteglobal.com\/index.php?rest_route=\/wp\/v2\/posts\/256089\/revisions"}],"predecessor-version":[{"id":256091,"href":"http:\/\/vertienteglobal.com\/index.php?rest_route=\/wp\/v2\/posts\/256089\/revisions\/256091"}],"wp:featuredmedia":[{"embeddable":true,"href":"http:\/\/vertienteglobal.com\/index.php?rest_route=\/wp\/v2\/media\/256090"}],"wp:attachment":[{"href":"http:\/\/vertienteglobal.com\/index.php?rest_route=%2Fwp%2Fv2%2Fmedia&parent=256089"}],"wp:term":[{"taxonomy":"category","embeddable":true,"href":"http:\/\/vertienteglobal.com\/index.php?rest_route=%2Fwp%2Fv2%2Fcategories&post=256089"},{"taxonomy":"post_tag","embeddable":true,"href":"http:\/\/vertienteglobal.com\/index.php?rest_route=%2Fwp%2Fv2%2Ftags&post=256089"}],"curies":[{"name":"wp","href":"https:\/\/api.w.org\/{rel}","templated":true}]}}