{"id":256047,"date":"2026-04-23T23:58:00","date_gmt":"2026-04-24T04:58:00","guid":{"rendered":"http:\/\/vertienteglobal.com\/?p=256047"},"modified":"2026-04-24T06:04:38","modified_gmt":"2026-04-24T11:04:38","slug":"alerta-por-tosferina-aumentan-casos-y-advierten-riesgo-en-bebes","status":"publish","type":"post","link":"http:\/\/vertienteglobal.com\/?p=256047","title":{"rendered":"Alerta por tosferina: aumentan casos y advierten riesgo en beb\u00e9s"},"content":{"rendered":"\n<div class=\"twitterbutton\" style=\"float: right; padding-left: 5px;\"><a href=\"http:\/\/twitter.com\/share\" class=\"twitter-share-button\" data-count=\"horizontal\" data-text=\"Alerta por tosferina: aumentan casos y advierten riesgo en beb\u00e9s\" data-via=\"https:\/\/twitter.com\/VertienteGloba1\" data-url=\"http:\/\/vertienteglobal.com\/?p=256047\" data-lang=\"es\" data-related=\"Informaci\u00f3n general:S\u00edguenos para que est\u00e9ss informado\"><\/a><\/div>\n<figure class=\"wp-block-image size-large\"><img loading=\"lazy\" decoding=\"async\" width=\"1024\" height=\"512\" src=\"http:\/\/vertienteglobal.com\/wp-content\/uploads\/2026\/04\/1001185319-1024x512.jpg\" alt=\"\" class=\"wp-image-256048\" srcset=\"http:\/\/vertienteglobal.com\/wp-content\/uploads\/2026\/04\/1001185319-1024x512.jpg 1024w, http:\/\/vertienteglobal.com\/wp-content\/uploads\/2026\/04\/1001185319-300x150.jpg 300w, http:\/\/vertienteglobal.com\/wp-content\/uploads\/2026\/04\/1001185319-150x75.jpg 150w, http:\/\/vertienteglobal.com\/wp-content\/uploads\/2026\/04\/1001185319-768x384.jpg 768w, http:\/\/vertienteglobal.com\/wp-content\/uploads\/2026\/04\/1001185319.jpg 1200w\" sizes=\"auto, (max-width: 1024px) 100vw, 1024px\" \/><\/figure>\n\n\n\n<p>(Redacci\u00f3n)<\/p>\n\n\n\n<p>\u201cLa tosferina se puede prevenir. No hay que esperar a que aparezcan los s\u00edntomas para actuar\u201d, apunt\u00f3<\/p>\n\n\n\n<p>Ciudad de M\u00e9xico 23 de abril de 2026.-La tosferina, una enfermedad respiratoria altamente contagiosa, ha registrado un repunte en M\u00e9xico en los \u00faltimos a\u00f1os, principalmente entre menores de un a\u00f1o, advirti\u00f3 el investigador de virus emergentes, Jos\u00e9 \u00c1ngel Regla Nava.<\/p>\n\n\n\n<p>El especialista explic\u00f3 que esta enfermedad es causada por la bacteria Bordetella pertussis y afecta con mayor gravedad a beb\u00e9s, especialmente menores de seis meses, quienes a\u00fan no completan su esquema de vacunaci\u00f3n.<\/p>\n\n\n\n<p>De acuerdo con el experto, el incremento de contagios en 2025 y 2026 responde a dos factores principales. El primero es la llamada \u201cdeuda inmunol\u00f3gica\u201d, derivada del aislamiento durante la pandemia de COVID-19, que redujo la exposici\u00f3n natural a distintos pat\u00f3genos.<\/p>\n\n\n\n<p>El segundo factor es la disminuci\u00f3n en las coberturas de vacunaci\u00f3n en a\u00f1os recientes, lo que gener\u00f3 un \u201chueco\u201d de protecci\u00f3n en la poblaci\u00f3n infantil y en mujeres embarazadas.<\/p>\n\n\n\n<p>Vacunaci\u00f3n, la principal defensa<br>El investigador destac\u00f3 que la tosferina es prevenible mediante vacunaci\u00f3n, a trav\u00e9s de esquemas como la vacuna hexavalente, aplicada en los primeros meses de vida, y refuerzos posteriores.<\/p>\n\n\n\n<p>Tambi\u00e9n subray\u00f3 la importancia de vacunar a mujeres embarazadas a partir de la semana 27, ya que esto permite transferir anticuerpos al beb\u00e9 antes de su nacimiento.<\/p>\n\n\n\n<p>\u201cEs una decisi\u00f3n que literalmente salva vidas\u201d, enfatiz\u00f3.<\/p>\n\n\n\n<p>S\u00edntomas y riesgos<br>En sus primeras etapas, la tosferina puede confundirse con una gripe com\u00fan; sin embargo, con el paso de los d\u00edas evoluciona hacia una tos intensa y prolongada, conocida como \u201cla tos de los 100 d\u00edas\u201d.<\/p>\n\n\n\n<p>Entre los signos de alarma se encuentran dificultad para respirar, episodios de apnea en beb\u00e9s y coloraci\u00f3n morada en la piel, lo que requiere atenci\u00f3n m\u00e9dica inmediata.<\/p>\n\n\n\n<p>Aunque la enfermedad tiene tratamiento con antibi\u00f3ticos bajo supervisi\u00f3n m\u00e9dica, puede ser mortal si no se atiende a tiempo.<\/p>\n\n\n\n<p>Situaci\u00f3n actual<\/p>\n\n\n\n<p>Antes de la pandemia, M\u00e9xico registraba entre 700 y mil casos anuales. No obstante, en 2025 la cifra aument\u00f3 a m\u00e1s de mil 500 contagios. Para abril de 2026, se han reportado 76 casos a nivel nacional.<\/p>\n\n\n\n<p>Un dato relevante es que m\u00e1s del 90% de los casos registrados el a\u00f1o pasado correspond\u00edan a personas sin esquema completo de vacunaci\u00f3n.<\/p>\n\n\n\n<p>En el caso de Veracruz, hasta el momento no se reportan casos confirmados en lo que va del a\u00f1o.<\/p>\n\n\n\n<p>El especialista hizo un llamado a la poblaci\u00f3n a revisar las cartillas de vacunaci\u00f3n y acudir a los centros de salud, especialmente en el caso de ni\u00f1os peque\u00f1os y mujeres embarazadas.<\/p>\n\n\n\n<p>Asimismo, advirti\u00f3 sobre los riesgos de la desinformaci\u00f3n en torno a las vacunas, al se\u00f1alar que estas han sido clave para reducir enfermedades graves y muertes a nivel mundial.<\/p>\n\n\n\n<p>\u201cLa tosferina se puede prevenir. No hay que esperar a que aparezcan los s\u00edntomas para actuar\u201d, concluy\u00f3. (Fuente: XEU)<\/p>\n","protected":false},"excerpt":{"rendered":"<p>(Redacci\u00f3n) \u201cLa tosferina se puede prevenir. No hay que esperar a que aparezcan los s\u00edntomas para actuar\u201d, apunt\u00f3 Ciudad de M\u00e9xico 23 de abril de 2026.-La tosferina, una enfermedad respiratoria altamente contagiosa, ha registrado un repunte en M\u00e9xico en los \u00faltimos a\u00f1os, principalmente entre menores de un a\u00f1o, advirti\u00f3 el investigador de virus emergentes, Jos\u00e9 [&hellip;]<\/p>\n","protected":false},"author":6,"featured_media":256048,"comment_status":"open","ping_status":"open","sticky":false,"template":"","format":"standard","meta":{"footnotes":""},"categories":[8],"tags":[],"class_list":["post-256047","post","type-post","status-publish","format-standard","has-post-thumbnail","hentry","category-pais","entry","has-media"],"jetpack_featured_media_url":"http:\/\/vertienteglobal.com\/wp-content\/uploads\/2026\/04\/1001185319.jpg","_links":{"self":[{"href":"http:\/\/vertienteglobal.com\/index.php?rest_route=\/wp\/v2\/posts\/256047","targetHints":{"allow":["GET"]}}],"collection":[{"href":"http:\/\/vertienteglobal.com\/index.php?rest_route=\/wp\/v2\/posts"}],"about":[{"href":"http:\/\/vertienteglobal.com\/index.php?rest_route=\/wp\/v2\/types\/post"}],"author":[{"embeddable":true,"href":"http:\/\/vertienteglobal.com\/index.php?rest_route=\/wp\/v2\/users\/6"}],"replies":[{"embeddable":true,"href":"http:\/\/vertienteglobal.com\/index.php?rest_route=%2Fwp%2Fv2%2Fcomments&post=256047"}],"version-history":[{"count":1,"href":"http:\/\/vertienteglobal.com\/index.php?rest_route=\/wp\/v2\/posts\/256047\/revisions"}],"predecessor-version":[{"id":256049,"href":"http:\/\/vertienteglobal.com\/index.php?rest_route=\/wp\/v2\/posts\/256047\/revisions\/256049"}],"wp:featuredmedia":[{"embeddable":true,"href":"http:\/\/vertienteglobal.com\/index.php?rest_route=\/wp\/v2\/media\/256048"}],"wp:attachment":[{"href":"http:\/\/vertienteglobal.com\/index.php?rest_route=%2Fwp%2Fv2%2Fmedia&parent=256047"}],"wp:term":[{"taxonomy":"category","embeddable":true,"href":"http:\/\/vertienteglobal.com\/index.php?rest_route=%2Fwp%2Fv2%2Fcategories&post=256047"},{"taxonomy":"post_tag","embeddable":true,"href":"http:\/\/vertienteglobal.com\/index.php?rest_route=%2Fwp%2Fv2%2Ftags&post=256047"}],"curies":[{"name":"wp","href":"https:\/\/api.w.org\/{rel}","templated":true}]}}