{"id":256042,"date":"2026-04-23T14:48:00","date_gmt":"2026-04-23T19:48:00","guid":{"rendered":"http:\/\/vertienteglobal.com\/?p=256042"},"modified":"2026-04-24T05:57:29","modified_gmt":"2026-04-24T10:57:29","slug":"inicia-semana-nacional-de-vacunacion-2026-conoce-la-fecha","status":"publish","type":"post","link":"http:\/\/vertienteglobal.com\/?p=256042","title":{"rendered":"Inicia Semana Nacional de Vacunaci\u00f3n 2026; conoce la fecha"},"content":{"rendered":"\n<div class=\"twitterbutton\" style=\"float: right; padding-left: 5px;\"><a href=\"http:\/\/twitter.com\/share\" class=\"twitter-share-button\" data-count=\"horizontal\" data-text=\"Inicia Semana Nacional de Vacunaci\u00f3n 2026; conoce la fecha\" data-via=\"https:\/\/twitter.com\/VertienteGloba1\" data-url=\"http:\/\/vertienteglobal.com\/?p=256042\" data-lang=\"es\" data-related=\"Informaci\u00f3n general:S\u00edguenos para que est\u00e9ss informado\"><\/a><\/div>\n<figure class=\"wp-block-image size-full\"><img loading=\"lazy\" decoding=\"async\" width=\"1024\" height=\"683\" src=\"http:\/\/vertienteglobal.com\/wp-content\/uploads\/2026\/04\/1001185313.webp\" alt=\"\" class=\"wp-image-256043\" srcset=\"http:\/\/vertienteglobal.com\/wp-content\/uploads\/2026\/04\/1001185313.webp 1024w, http:\/\/vertienteglobal.com\/wp-content\/uploads\/2026\/04\/1001185313-300x200.webp 300w, http:\/\/vertienteglobal.com\/wp-content\/uploads\/2026\/04\/1001185313-150x100.webp 150w, http:\/\/vertienteglobal.com\/wp-content\/uploads\/2026\/04\/1001185313-768x512.webp 768w\" sizes=\"auto, (max-width: 1024px) 100vw, 1024px\" \/><\/figure>\n\n\n\n<p>(Redacci\u00f3n)<\/p>\n\n\n\n<p>Aplicaci\u00f3n gratuita y universal de vacunas en todas las unidades de salud vacunadoras<\/p>\n\n\n\n<p>Ciudad de M\u00e9xico 23 de abril de 2026.- Las autoridades federales informaron que en el marco de las acciones del sector salud, orientadas a la prevenci\u00f3n, control, eliminaci\u00f3n y erradicaci\u00f3n de enfermedades prevenibles mediante vacunaci\u00f3n, se llevar\u00e1 a cabo la Semana Nacional de Vacunaci\u00f3n (SNV) 2026, como una estrategia intensiva para fortalecer el Programa de Vacunaci\u00f3n Universal en todo el pa\u00eds.<\/p>\n\n\n\n<p>Y es que <a href=\"https:\/\/www.gob.mx\/cms\/uploads\/attachment\/file\/1072248\/Directrices_SNV_2026.pdf\">El comunicado se\u00f1ala que la Semana de Vacunaci\u00f3<\/a>n se llevar\u00e1 a cabo del 25 de abril al 2 de mayo de 2026.<\/p>\n\n\n\n<p>A continuaci\u00f3n el comunicado:<\/p>\n\n\n\n<p>En el marco de las acciones del sector salud orientadas a la prevenci\u00f3n, control, eliminaci\u00f3n y erradicaci\u00f3n de enfermedades prevenibles mediante vacunaci\u00f3n, se llevar\u00e1 a cabo la Semana Nacional de Vacunaci\u00f3n (SNV) 2026, como una estrategia intensiva para fortalecer el Programa de Vacunaci\u00f3n Universal en todo el pa\u00eds.<\/p>\n\n\n\n<p>Esta actividad tiene como prop\u00f3sito contribuir al incremento de la cobertura de vacunaci\u00f3n, reducir brechas en la poblaci\u00f3n objetivo y garantizar la protecci\u00f3n oportuna de ni\u00f1as, ni\u00f1os, adolescentes, personas adultas, presonas gestantes, adultos mayores y otros grupos en situaci\u00f3n de riesgo.<\/p>\n\n\n\n<p>Intensificaci\u00f3n de acciones de vacunaci\u00f3n<\/p>\n\n\n\n<p>Aplicaci\u00f3n gratuita y universal de vacunas en todas las unidades de salud vacunadoras.<\/p>\n\n\n\n<p>Instalaci\u00f3n de puestos de vacunaci\u00f3n en sitios de alta afluencia (espacios p\u00fablicos, centros laborales, mercados, terminales de autobuses, escuelas, entre otros).<\/p>\n\n\n\n<p>Implementaci\u00f3n de brigadas m\u00f3viles y acciones extramuros.<\/p>\n\n\n\n<p>Los sitios de vacunaci\u00f3n intra y extramuros deber\u00e1n de verse reflejados en\u00a0<a href=\"https:\/\/dondemevacuno.salud.gob.mx\/\">https:\/\/dondemevacuno.salud.gob.mx\/<\/a><\/p>\n\n\n\n<p>Estas son las vacunas disponibles de acuerdo al rango de edad:<\/p>\n\n\n\n<figure class=\"wp-block-image size-full\"><img loading=\"lazy\" decoding=\"async\" width=\"648\" height=\"570\" src=\"http:\/\/vertienteglobal.com\/wp-content\/uploads\/2026\/04\/1001185311.png\" alt=\"\" class=\"wp-image-256044\" srcset=\"http:\/\/vertienteglobal.com\/wp-content\/uploads\/2026\/04\/1001185311.png 648w, http:\/\/vertienteglobal.com\/wp-content\/uploads\/2026\/04\/1001185311-300x264.png 300w, http:\/\/vertienteglobal.com\/wp-content\/uploads\/2026\/04\/1001185311-150x132.png 150w\" sizes=\"auto, (max-width: 648px) 100vw, 648px\" \/><\/figure>\n\n\n\n<figure class=\"wp-block-image size-full\"><img loading=\"lazy\" decoding=\"async\" width=\"673\" height=\"574\" src=\"http:\/\/vertienteglobal.com\/wp-content\/uploads\/2026\/04\/1001185312.png\" alt=\"\" class=\"wp-image-256045\" srcset=\"http:\/\/vertienteglobal.com\/wp-content\/uploads\/2026\/04\/1001185312.png 673w, http:\/\/vertienteglobal.com\/wp-content\/uploads\/2026\/04\/1001185312-300x256.png 300w, http:\/\/vertienteglobal.com\/wp-content\/uploads\/2026\/04\/1001185312-150x128.png 150w\" sizes=\"auto, (max-width: 673px) 100vw, 673px\" \/><\/figure>\n","protected":false},"excerpt":{"rendered":"<p>(Redacci\u00f3n) Aplicaci\u00f3n gratuita y universal de vacunas en todas las unidades de salud vacunadoras Ciudad de M\u00e9xico 23 de abril de 2026.- Las autoridades federales informaron que en el marco de las acciones del sector salud, orientadas a la prevenci\u00f3n, control, eliminaci\u00f3n y erradicaci\u00f3n de enfermedades prevenibles mediante vacunaci\u00f3n, se llevar\u00e1 a cabo la Semana [&hellip;]<\/p>\n","protected":false},"author":6,"featured_media":256043,"comment_status":"open","ping_status":"open","sticky":false,"template":"","format":"standard","meta":{"footnotes":""},"categories":[8],"tags":[],"class_list":["post-256042","post","type-post","status-publish","format-standard","has-post-thumbnail","hentry","category-pais","entry","has-media"],"jetpack_featured_media_url":"http:\/\/vertienteglobal.com\/wp-content\/uploads\/2026\/04\/1001185313.webp","_links":{"self":[{"href":"http:\/\/vertienteglobal.com\/index.php?rest_route=\/wp\/v2\/posts\/256042","targetHints":{"allow":["GET"]}}],"collection":[{"href":"http:\/\/vertienteglobal.com\/index.php?rest_route=\/wp\/v2\/posts"}],"about":[{"href":"http:\/\/vertienteglobal.com\/index.php?rest_route=\/wp\/v2\/types\/post"}],"author":[{"embeddable":true,"href":"http:\/\/vertienteglobal.com\/index.php?rest_route=\/wp\/v2\/users\/6"}],"replies":[{"embeddable":true,"href":"http:\/\/vertienteglobal.com\/index.php?rest_route=%2Fwp%2Fv2%2Fcomments&post=256042"}],"version-history":[{"count":1,"href":"http:\/\/vertienteglobal.com\/index.php?rest_route=\/wp\/v2\/posts\/256042\/revisions"}],"predecessor-version":[{"id":256046,"href":"http:\/\/vertienteglobal.com\/index.php?rest_route=\/wp\/v2\/posts\/256042\/revisions\/256046"}],"wp:featuredmedia":[{"embeddable":true,"href":"http:\/\/vertienteglobal.com\/index.php?rest_route=\/wp\/v2\/media\/256043"}],"wp:attachment":[{"href":"http:\/\/vertienteglobal.com\/index.php?rest_route=%2Fwp%2Fv2%2Fmedia&parent=256042"}],"wp:term":[{"taxonomy":"category","embeddable":true,"href":"http:\/\/vertienteglobal.com\/index.php?rest_route=%2Fwp%2Fv2%2Fcategories&post=256042"},{"taxonomy":"post_tag","embeddable":true,"href":"http:\/\/vertienteglobal.com\/index.php?rest_route=%2Fwp%2Fv2%2Ftags&post=256042"}],"curies":[{"name":"wp","href":"https:\/\/api.w.org\/{rel}","templated":true}]}}