{"id":255988,"date":"2026-04-23T19:51:00","date_gmt":"2026-04-24T00:51:00","guid":{"rendered":"http:\/\/vertienteglobal.com\/?p=255988"},"modified":"2026-04-23T22:37:15","modified_gmt":"2026-04-24T03:37:15","slug":"gobierno-de-yucatan-impulsa-acceso-a-la-salud-con-nuevas-unidades-de-traslado","status":"publish","type":"post","link":"http:\/\/vertienteglobal.com\/?p=255988","title":{"rendered":"Gobierno de Yucat\u00e1n impulsa acceso a la salud con nuevas unidades de traslado\u00a0"},"content":{"rendered":"\n<div class=\"twitterbutton\" style=\"float: right; padding-left: 5px;\"><a href=\"http:\/\/twitter.com\/share\" class=\"twitter-share-button\" data-count=\"horizontal\" data-text=\"Gobierno de Yucat\u00e1n impulsa acceso a la salud con nuevas unidades de traslado\u00a0\" data-via=\"https:\/\/twitter.com\/VertienteGloba1\" data-url=\"http:\/\/vertienteglobal.com\/?p=255988\" data-lang=\"es\" data-related=\"Informaci\u00f3n general:S\u00edguenos para que est\u00e9ss informado\"><\/a><\/div>\n<figure class=\"wp-block-image size-large\"><img loading=\"lazy\" decoding=\"async\" width=\"1024\" height=\"683\" src=\"http:\/\/vertienteglobal.com\/wp-content\/uploads\/2026\/04\/1001184982-1024x683.jpg\" alt=\"\" class=\"wp-image-255989\" srcset=\"http:\/\/vertienteglobal.com\/wp-content\/uploads\/2026\/04\/1001184982-1024x683.jpg 1024w, http:\/\/vertienteglobal.com\/wp-content\/uploads\/2026\/04\/1001184982-300x200.jpg 300w, http:\/\/vertienteglobal.com\/wp-content\/uploads\/2026\/04\/1001184982-150x100.jpg 150w, http:\/\/vertienteglobal.com\/wp-content\/uploads\/2026\/04\/1001184982-768x512.jpg 768w, http:\/\/vertienteglobal.com\/wp-content\/uploads\/2026\/04\/1001184982-1536x1024.jpg 1536w, http:\/\/vertienteglobal.com\/wp-content\/uploads\/2026\/04\/1001184982-2048x1366.jpg 2048w\" sizes=\"auto, (max-width: 1024px) 100vw, 1024px\" \/><\/figure>\n\n\n\n<p>(Redacci\u00f3n)<\/p>\n\n\n\n<p><em>El Gobernador Joaqu\u00edn D\u00edaz Mena encabez\u00f3 la entrega de 150 veh\u00edculos de traslado para la Red Estatal de Movilidad en Salud, en beneficio de 80 municipios, con el objetivo de fortalecer el acceso oportuno a los servicios m\u00e9dicos y respaldar a las familias que m\u00e1s lo necesitan<\/em><br>\u00a0<br><em>Esta estrategia permitir\u00e1 generar ahorros de hasta 500 pesos por traslado, impactando positivamente en la econom\u00eda de miles de yucatecas y yucatecos, al garantizar un servicio digno, seguro y gratuito para quienes requieren atenci\u00f3n especializada fuera de sus comunidades<\/em><\/p>\n\n\n\n<p>M\u00e9rida, Yucat\u00e1n, a 23 de abril de 2026.-El Gobernador Joaqu\u00edn D\u00edaz Mena encabez\u00f3 la entrega de 150 unidades de traslado para la Red Estatal de Movilidad en Salud, en beneficio de 80 municipios, como parte del compromiso de su administraci\u00f3n de cuidar la salud de la ciudadan\u00eda y hacer m\u00e1s eficiente el traslado m\u00e9dico para quienes m\u00e1s lo necesitan.<br>\u00a0<br>En presencia de la Presidenta Honoraria del DIF Yucat\u00e1n, Wendy M\u00e9ndez Naal, y del secretario de Seguridad P\u00fablica (SSP), Luis Felipe Said\u00e9n Ojeda, el Gobernador afirm\u00f3 que esta entrega responde a un compromiso para respaldar a la gente que, d\u00eda a d\u00eda, tiene la necesidad de trasladar a sus pacientes y que, en ocasiones, debe elegir entre pagar un viaje o comprar comida para sus hijos.<br>\u00a0<br>\u201cA las familias de Yucat\u00e1n que han sufrido el tema de los traslados les queremos decir que la espera se termin\u00f3 y hoy todos los municipios van a contar con estos veh\u00edculos para poder apoyarlos. A esa madre, a ese padre que tiene que traer a su hijo a consultar a la ciudad de M\u00e9rida, s\u00e9 lo que significa vivir lejos de la ciudad capital y s\u00e9 la angustia de no poder trasladar a un ser querido cuando m\u00e1s lo necesita. Por eso este apoyo que damos hoy tiene un profundo sentido humano\u201d, destac\u00f3.<br>\u00a0<br>En el complejo de la Secretar\u00eda de Seguridad P\u00fablica (SSP), el Gobernador inform\u00f3 que en mayo se realizar\u00e1 la entrega de 31 ambulancias adicionales, como parte del fortalecimiento de la Red Estatal de Movilidad en Salud.<br>\u00a0<br>\u00abDespu\u00e9s de 10 a\u00f1os adquirimos veh\u00edculos para fortalecer los programas de salud p\u00fablica en los 106 municipios, sin distinci\u00f3n. Van a trasladar pacientes que requieren quimioterapias y van a fortalecer nuestra estrategia de seguridad p\u00fablica. Tambi\u00e9n vamos a dotar de veh\u00edculos al DIF Yucat\u00e1n para trasladar pacientes de colonias de la ciudad de M\u00e9rida al CREE, a las UBR y al Cropafy\u201d, indic\u00f3.<br>\u00a0<br>Otros veh\u00edculos, a\u00f1adi\u00f3, se entregar\u00e1n a la Secretar\u00eda de Educaci\u00f3n P\u00fablica (Segey) para impulsar el programa Aliados por la Vida, as\u00ed como el programa Vive Saludable, Vive Feliz, que impulsa la Presidenta de M\u00e9xico, Claudia Sheinbaum Pardo.<br>\u00a0<br>En este sentido, D\u00edaz Mena reiter\u00f3 su respaldo a las alcaldesas y alcaldes, y los exhort\u00f3 a usar los veh\u00edculos de forma responsable en beneficio de las familias que m\u00e1s lo necesitan.<br>\u00a0<br>Tambi\u00e9n record\u00f3 que en los pr\u00f3ximos d\u00edas firmar\u00e1 el Acuerdo del IMSS-Bienestar, se realizar\u00e1 la inauguraci\u00f3n del nuevo Hospital General \u201cDr. Agust\u00edn O\u2019Hor\u00e1n\u201d, que se suma a los proyectos para ampliar los hospitales de Izamal, Tizim\u00edn, Valladolid y Ticul, a trav\u00e9s del IMSS, a fin de cumplir la meta de contar con m\u00e1s camas de hospital en la entidad.<br>\u00a0<br>Por ello, el mandatario agradeci\u00f3 el apoyo incondicional brindado por la Presidenta de M\u00e9xico, Claudia Sheinbaum Pardo.<br>\u00a0<br>\u00abA las familias de Yucat\u00e1n que han sufrido el tema de los traslados, les queremos decir que la espera se termin\u00f3 y hoy todos los municipios van a contar con estos veh\u00edculos para poder apoyarlos. Sigamos trabajando con el coraz\u00f3n por delante, poniendo la salud como una prioridad, porque la salud es un derecho y nunca debe ser un privilegio\u00bb, resalt\u00f3.<br>\u00a0<br>En su turno, el titular de la SSP, Luis Felipe Said\u00e9n Ojeda, reconoci\u00f3 el compromiso del Gobernador al impulsar esta entrega de veh\u00edculos, lo que, dijo, refleja la coordinaci\u00f3n entre instituciones para que los resultados lleguen a quienes m\u00e1s lo necesitan.<br>\u00a0<br>\u00abEstas unidades representan m\u00e1s que veh\u00edculos, significan acceso oportuno a servicios m\u00e9dicos, esperanza para las familias y una respuesta solidaria para quienes requieren atenci\u00f3n especializada fuera de sus comunidades. Porque sabemos que, en temas de salud, el tiempo y la movilidad pueden marcar la diferencia\u00bb, asever\u00f3.<br>\u00a0<br>Adem\u00e1s, Said\u00e9n Ojeda refrend\u00f3 el compromiso de la SSP para colaborar estrechamente con las autoridades de salud y con los presidentes municipales, a fin de asegurar el uso adecuado de estos veh\u00edculos, garantizando as\u00ed que cumplan con su prop\u00f3sito de traslado digno, seguro y gratuito de pacientes hacia las unidades m\u00e9dicas y de regreso a casa.<br>\u00a0<br>Por su parte, el secretario de Salud y director general de los Servicios de Salud de Yucat\u00e1n (SSY), Miguel Alberto Alcocer Gamboa, resalt\u00f3 que la salud tambi\u00e9n requiere sensibilidad social y transversalidad.<br>\u00a0<br>Por ello, coment\u00f3 que, a trav\u00e9s del Consejo Estatal de Salud, se colabora con otras secretar\u00edas y con el DIF Yucat\u00e1n, que tambi\u00e9n recibe veh\u00edculos de traslado, para apoyar la movilizaci\u00f3n de pacientes que requieren atenci\u00f3n especializada en sus unidades, principalmente de rehabilitaci\u00f3n.<br>\u00a0<br>En 2025, record\u00f3 el secretario de Salud, el 55% de los pacientes egresados en M\u00e9rida proven\u00edan de municipios del interior del estado. Adem\u00e1s, 192 mil consultas m\u00e9dicas fueron de personas que tuvieron que trasladarse desde sus municipios para recibir atenci\u00f3n en la capital, lo cual represent\u00f3 esfuerzos y gastos para las familias.<br>\u00a0<br>\u00abHoy estamos eliminando esa barrera. Con este sistema de traslado, las y los pacientes podr\u00e1n acudir a sus citas sin costo. Estamos hablando de evitar un gasto promedio de m\u00e1s de 500 pesos por traslado por familia, recursos que se quedan en las econom\u00edas familiares y que hacen la diferencia en su vida diaria\u00bb, expuso.<br>\u00a0<br>En representaci\u00f3n de las alcaldesas y alcaldes beneficiados con esta entrega, el presidente municipal de Ticul, Humberto Parra Sosa, agradeci\u00f3 el respaldo del Gobernador y resalt\u00f3 que, con ello, se ayuda directamente a las familias y se demuestra el uso eficiente de recursos en beneficio de la poblaci\u00f3n m\u00e1s vulnerable.<br>\u00a0<br>Participaron en este evento el comandante de la 32\/a. Zona Militar, general de Brigada Estado Mayor Juan Manuel Mendoza Portillo; el jefe de Estado Mayor de la Novena Zona Naval, contralmirante Cuerpo General Diplomado de Estado Mayor V\u00edctor Omar Mendoza Aguilar; y el comandante interino de la 17\/a. Zona A\u00e9rea Militar, general Grupo\/Piloto Aviador Estado Mayor Ernesto Vel\u00e1zquez Montoya.<br>\u00a0<br>Tambi\u00e9n participaron el comandante de la 32\/a Coordinaci\u00f3n de Unidad y representante de la Guardia Nacional en Yucat\u00e1n, teniente coronel Guardia Nacional Rolando Meza Puga; el secretario general de Gobierno, Omar P\u00e9rez Avil\u00e9s; el presidente de la Mesa Directiva del Congreso del Estado, Germ\u00e1n Quintal Medina; el presidente de la Junta de Gobierno y Coordinaci\u00f3n Pol\u00edtica del Congreso del Estado, Wilmer Monforte Marfil; y el diputado federal \u00d3scar Brito Zapata.<\/p>\n\n\n\n<figure class=\"wp-block-image size-full\"><img loading=\"lazy\" decoding=\"async\" width=\"2560\" height=\"1707\" src=\"http:\/\/vertienteglobal.com\/wp-content\/uploads\/2026\/04\/1001184983-scaled.jpg\" alt=\"\" class=\"wp-image-255990\"\/><\/figure>\n\n\n\n<figure class=\"wp-block-image size-full\"><img decoding=\"async\" src=\"http:\/\/vertienteglobal.com\/wp-content\/uploads\/2026\/04\/1001184985.jpg\" alt=\"\" class=\"wp-image-255991\"\/><\/figure>\n\n\n\n<figure class=\"wp-block-image size-full\"><img decoding=\"async\" src=\"http:\/\/vertienteglobal.com\/wp-content\/uploads\/2026\/04\/1001184986.jpg\" alt=\"\" class=\"wp-image-255992\"\/><\/figure>\n\n\n\n<figure class=\"wp-block-image size-full\"><img decoding=\"async\" src=\"http:\/\/vertienteglobal.com\/wp-content\/uploads\/2026\/04\/1001184984.jpg\" alt=\"\" class=\"wp-image-255993\"\/><\/figure>\n\n\n\n<figure class=\"wp-block-image size-full\"><img decoding=\"async\" src=\"http:\/\/vertienteglobal.com\/wp-content\/uploads\/2026\/04\/1001184988.jpg\" alt=\"\" class=\"wp-image-255994\"\/><\/figure>\n\n\n\n<figure class=\"wp-block-image size-large\"><img loading=\"lazy\" decoding=\"async\" width=\"1024\" height=\"682\" src=\"http:\/\/vertienteglobal.com\/wp-content\/uploads\/2026\/04\/1001184991-1024x682.jpg\" alt=\"\" class=\"wp-image-255995\" srcset=\"http:\/\/vertienteglobal.com\/wp-content\/uploads\/2026\/04\/1001184991-1024x682.jpg 1024w, http:\/\/vertienteglobal.com\/wp-content\/uploads\/2026\/04\/1001184991-300x200.jpg 300w, http:\/\/vertienteglobal.com\/wp-content\/uploads\/2026\/04\/1001184991-150x100.jpg 150w, http:\/\/vertienteglobal.com\/wp-content\/uploads\/2026\/04\/1001184991-768x512.jpg 768w, http:\/\/vertienteglobal.com\/wp-content\/uploads\/2026\/04\/1001184991.jpg 1600w\" sizes=\"auto, (max-width: 1024px) 100vw, 1024px\" \/><\/figure>\n\n\n\n<figure class=\"wp-block-image size-large\"><img loading=\"lazy\" decoding=\"async\" width=\"1024\" height=\"682\" src=\"http:\/\/vertienteglobal.com\/wp-content\/uploads\/2026\/04\/1001184989-1024x682.jpg\" alt=\"\" class=\"wp-image-255996\" srcset=\"http:\/\/vertienteglobal.com\/wp-content\/uploads\/2026\/04\/1001184989-1024x682.jpg 1024w, http:\/\/vertienteglobal.com\/wp-content\/uploads\/2026\/04\/1001184989-300x200.jpg 300w, http:\/\/vertienteglobal.com\/wp-content\/uploads\/2026\/04\/1001184989-150x100.jpg 150w, http:\/\/vertienteglobal.com\/wp-content\/uploads\/2026\/04\/1001184989-768x512.jpg 768w, http:\/\/vertienteglobal.com\/wp-content\/uploads\/2026\/04\/1001184989-1536x1023.jpg 1536w, http:\/\/vertienteglobal.com\/wp-content\/uploads\/2026\/04\/1001184989.jpg 1600w\" sizes=\"auto, (max-width: 1024px) 100vw, 1024px\" \/><\/figure>\n","protected":false},"excerpt":{"rendered":"<p>(Redacci\u00f3n) El Gobernador Joaqu\u00edn D\u00edaz Mena encabez\u00f3 la entrega de 150 veh\u00edculos de traslado para la Red Estatal de Movilidad en Salud, en beneficio de 80 municipios, con el objetivo de fortalecer el acceso oportuno a los servicios m\u00e9dicos y respaldar a las familias que m\u00e1s lo necesitan\u00a0Esta estrategia permitir\u00e1 generar ahorros de hasta 500 [&hellip;]<\/p>\n","protected":false},"author":6,"featured_media":255989,"comment_status":"open","ping_status":"open","sticky":false,"template":"","format":"standard","meta":{"footnotes":""},"categories":[2],"tags":[],"class_list":["post-255988","post","type-post","status-publish","format-standard","has-post-thumbnail","hentry","category-yucatan","entry","has-media"],"jetpack_featured_media_url":"http:\/\/vertienteglobal.com\/wp-content\/uploads\/2026\/04\/1001184982-scaled.jpg","_links":{"self":[{"href":"http:\/\/vertienteglobal.com\/index.php?rest_route=\/wp\/v2\/posts\/255988","targetHints":{"allow":["GET"]}}],"collection":[{"href":"http:\/\/vertienteglobal.com\/index.php?rest_route=\/wp\/v2\/posts"}],"about":[{"href":"http:\/\/vertienteglobal.com\/index.php?rest_route=\/wp\/v2\/types\/post"}],"author":[{"embeddable":true,"href":"http:\/\/vertienteglobal.com\/index.php?rest_route=\/wp\/v2\/users\/6"}],"replies":[{"embeddable":true,"href":"http:\/\/vertienteglobal.com\/index.php?rest_route=%2Fwp%2Fv2%2Fcomments&post=255988"}],"version-history":[{"count":1,"href":"http:\/\/vertienteglobal.com\/index.php?rest_route=\/wp\/v2\/posts\/255988\/revisions"}],"predecessor-version":[{"id":255997,"href":"http:\/\/vertienteglobal.com\/index.php?rest_route=\/wp\/v2\/posts\/255988\/revisions\/255997"}],"wp:featuredmedia":[{"embeddable":true,"href":"http:\/\/vertienteglobal.com\/index.php?rest_route=\/wp\/v2\/media\/255989"}],"wp:attachment":[{"href":"http:\/\/vertienteglobal.com\/index.php?rest_route=%2Fwp%2Fv2%2Fmedia&parent=255988"}],"wp:term":[{"taxonomy":"category","embeddable":true,"href":"http:\/\/vertienteglobal.com\/index.php?rest_route=%2Fwp%2Fv2%2Fcategories&post=255988"},{"taxonomy":"post_tag","embeddable":true,"href":"http:\/\/vertienteglobal.com\/index.php?rest_route=%2Fwp%2Fv2%2Ftags&post=255988"}],"curies":[{"name":"wp","href":"https:\/\/api.w.org\/{rel}","templated":true}]}}