{"id":255980,"date":"2026-04-23T18:55:00","date_gmt":"2026-04-23T23:55:00","guid":{"rendered":"http:\/\/vertienteglobal.com\/?p=255980"},"modified":"2026-04-23T22:24:11","modified_gmt":"2026-04-24T03:24:11","slug":"sheinbaum-y-javier-may-revisan-avances-en-seguridad-y-proyectos-clave-para-tabasco","status":"publish","type":"post","link":"http:\/\/vertienteglobal.com\/?p=255980","title":{"rendered":"Claudia Sheinbaum y Javier May\u00a0revisan avances en seguridad y proyectos clave para\u00a0Tabasco"},"content":{"rendered":"\n<div class=\"twitterbutton\" style=\"float: right; padding-left: 5px;\"><a href=\"http:\/\/twitter.com\/share\" class=\"twitter-share-button\" data-count=\"horizontal\" data-text=\"Claudia Sheinbaum y Javier May\u00a0revisan avances en seguridad y proyectos clave p...\" data-via=\"https:\/\/twitter.com\/VertienteGloba1\" data-url=\"http:\/\/vertienteglobal.com\/?p=255980\" data-lang=\"es\" data-related=\"Informaci\u00f3n general:S\u00edguenos para que est\u00e9ss informado\"><\/a><\/div>\n<figure class=\"wp-block-image size-full\"><img loading=\"lazy\" decoding=\"async\" width=\"1024\" height=\"683\" src=\"http:\/\/vertienteglobal.com\/wp-content\/uploads\/2026\/04\/1001184957.webp\" alt=\"\" class=\"wp-image-255981\" srcset=\"http:\/\/vertienteglobal.com\/wp-content\/uploads\/2026\/04\/1001184957.webp 1024w, http:\/\/vertienteglobal.com\/wp-content\/uploads\/2026\/04\/1001184957-300x200.webp 300w, http:\/\/vertienteglobal.com\/wp-content\/uploads\/2026\/04\/1001184957-150x100.webp 150w, http:\/\/vertienteglobal.com\/wp-content\/uploads\/2026\/04\/1001184957-768x512.webp 768w\" sizes=\"auto, (max-width: 1024px) 100vw, 1024px\" \/><\/figure>\n\n\n\n<p>(Redacci\u00f3n)<\/p>\n\n\n\n<p>El mandatario estatal inform\u00f3 sobre el encuentro: \u201cTuve el honor de reunirme esta tarde en Palacio Nacional con la Presidenta Claudia Sheinbaum Pardo para avanzar en los proyectos del Tabasco<\/p>\n\n\n\n<p>Ciudad de M\u00e9xico 23 de abril de 2026.-La presidenta de M\u00e9xico, Claudia Sheinbaum Pardo, sostuvo una reuni\u00f3n en Palacio Nacional con el gobernador de Tabasco, Javier May Rodr\u00edguez, con el objetivo de fortalecer la coordinaci\u00f3n en proyectos estrat\u00e9gicos para la entidad, as\u00ed como revisar las acciones en materia de seguridad.<\/p>\n\n\n\n<p>Y es que a trav\u00e9s de sus redes sociales, el mandatario estatal inform\u00f3 sobre el encuentro: \u201cTuve el honor de reunirme esta tarde en Palacio Nacional con la Presidenta Claudia Sheinbaum Pardo para avanzar en los proyectos del Tabasco que estamos construyendo juntos, as\u00ed como evaluar las estrategias de seguridad para bienestar y tranquilidad de las familias que viven en nuestra entidad\u201d. Asimismo, agradeci\u00f3 el respaldo federal al estado al expresar: \u201c\u00a1Gracias Presidenta por su cari\u00f1o al Ed\u00e9n de M\u00e9xico!\u201d.<\/p>\n\n\n\n<p>Por su parte, durante la \u201cConferencia del Pueblo\u201d de este jueves, la titular del Ejecutivo federal destac\u00f3 la estrecha colaboraci\u00f3n con el gobierno tabasque\u00f1o. \u201cSe trabaja muy de cerca con el gobierno del estado de Tabasco. Hoy estuvo, por cierto, el gobernador en la reuni\u00f3n del Gabinete de Seguridad\u201d, se\u00f1al\u00f3.<\/p>\n\n\n\n<p>El encuentro forma parte de los esfuerzos conjuntos entre ambos niveles de gobierno para impulsar el desarrollo regional y reforzar las condiciones de seguridad en Tabasco, una de las prioridades en la agenda estatal y federal.<\/p>\n\n\n\n<figure class=\"wp-block-embed is-type-rich is-provider-twitter wp-block-embed-twitter\"><div class=\"wp-block-embed__wrapper\">\n<div class=\"oceanwp-oembed-wrap clr\"><div class=\"embed-twitter\"><blockquote class=\"twitter-tweet\" data-width=\"550\" data-dnt=\"true\"><p lang=\"es\" dir=\"ltr\">Tuve el honor de reunirme esta tarde en Palacio Nacional con la Presidenta <a href=\"https:\/\/twitter.com\/Claudiashein?ref_src=twsrc%5Etfw\">@Claudiashein<\/a> para avanzar en los proyectos del <a href=\"https:\/\/twitter.com\/hashtag\/Tabasco?src=hash&amp;ref_src=twsrc%5Etfw\">#Tabasco<\/a> que estamos construyendo juntos, as\u00ed como evaluar las estrategias de seguridad para bienestar y tranquilidad de las familias que viven en nuestra\u2026 <a href=\"https:\/\/t.co\/E7WtuHqlLe\">pic.twitter.com\/E7WtuHqlLe<\/a><\/p>&mdash; JAVIER MAY (@TabascoJavier) <a href=\"https:\/\/twitter.com\/TabascoJavier\/status\/2047480289128046906?ref_src=twsrc%5Etfw\">April 24, 2026<\/a><\/blockquote><script async src=\"https:\/\/platform.twitter.com\/widgets.js\" charset=\"utf-8\"><\/script><\/div><\/div>\n<\/div><\/figure>\n","protected":false},"excerpt":{"rendered":"<p>(Redacci\u00f3n) El mandatario estatal inform\u00f3 sobre el encuentro: \u201cTuve el honor de reunirme esta tarde en Palacio Nacional con la Presidenta Claudia Sheinbaum Pardo para avanzar en los proyectos del Tabasco Ciudad de M\u00e9xico 23 de abril de 2026.-La presidenta de M\u00e9xico, Claudia Sheinbaum Pardo, sostuvo una reuni\u00f3n en Palacio Nacional con el gobernador de [&hellip;]<\/p>\n","protected":false},"author":6,"featured_media":255981,"comment_status":"open","ping_status":"open","sticky":false,"template":"","format":"standard","meta":{"footnotes":""},"categories":[8,5],"tags":[],"class_list":["post-255980","post","type-post","status-publish","format-standard","has-post-thumbnail","hentry","category-pais","category-tabasco","entry","has-media"],"jetpack_featured_media_url":"http:\/\/vertienteglobal.com\/wp-content\/uploads\/2026\/04\/1001184957.webp","_links":{"self":[{"href":"http:\/\/vertienteglobal.com\/index.php?rest_route=\/wp\/v2\/posts\/255980","targetHints":{"allow":["GET"]}}],"collection":[{"href":"http:\/\/vertienteglobal.com\/index.php?rest_route=\/wp\/v2\/posts"}],"about":[{"href":"http:\/\/vertienteglobal.com\/index.php?rest_route=\/wp\/v2\/types\/post"}],"author":[{"embeddable":true,"href":"http:\/\/vertienteglobal.com\/index.php?rest_route=\/wp\/v2\/users\/6"}],"replies":[{"embeddable":true,"href":"http:\/\/vertienteglobal.com\/index.php?rest_route=%2Fwp%2Fv2%2Fcomments&post=255980"}],"version-history":[{"count":2,"href":"http:\/\/vertienteglobal.com\/index.php?rest_route=\/wp\/v2\/posts\/255980\/revisions"}],"predecessor-version":[{"id":255983,"href":"http:\/\/vertienteglobal.com\/index.php?rest_route=\/wp\/v2\/posts\/255980\/revisions\/255983"}],"wp:featuredmedia":[{"embeddable":true,"href":"http:\/\/vertienteglobal.com\/index.php?rest_route=\/wp\/v2\/media\/255981"}],"wp:attachment":[{"href":"http:\/\/vertienteglobal.com\/index.php?rest_route=%2Fwp%2Fv2%2Fmedia&parent=255980"}],"wp:term":[{"taxonomy":"category","embeddable":true,"href":"http:\/\/vertienteglobal.com\/index.php?rest_route=%2Fwp%2Fv2%2Fcategories&post=255980"},{"taxonomy":"post_tag","embeddable":true,"href":"http:\/\/vertienteglobal.com\/index.php?rest_route=%2Fwp%2Fv2%2Ftags&post=255980"}],"curies":[{"name":"wp","href":"https:\/\/api.w.org\/{rel}","templated":true}]}}