{"id":255947,"date":"2026-04-22T08:50:00","date_gmt":"2026-04-22T13:50:00","guid":{"rendered":"http:\/\/vertienteglobal.com\/?p=255947"},"modified":"2026-04-22T12:40:40","modified_gmt":"2026-04-22T17:40:40","slug":"esthela-damian-deja-la-consejeria-juridica-e-invite-a-luisa-maria-alcalde-claudia-sheinbaum-pardo","status":"publish","type":"post","link":"http:\/\/vertienteglobal.com\/?p=255947","title":{"rendered":"Esthela Dami\u00e1n deja la Consejer\u00eda Jur\u00eddica;  invite a Luisa Mar\u00eda Alcalde al gobierno: Claudia Sheinbaum Pardo"},"content":{"rendered":"\n<div class=\"twitterbutton\" style=\"float: right; padding-left: 5px;\"><a href=\"http:\/\/twitter.com\/share\" class=\"twitter-share-button\" data-count=\"horizontal\" data-text=\"Esthela Dami\u00e1n deja la Consejer\u00eda Jur\u00eddica;  invite a Luisa Mar\u00eda Alcalde al...\" data-via=\"https:\/\/twitter.com\/VertienteGloba1\" data-url=\"http:\/\/vertienteglobal.com\/?p=255947\" data-lang=\"es\" data-related=\"Informaci\u00f3n general:S\u00edguenos para que est\u00e9ss informado\"><\/a><\/div>\n<figure class=\"wp-block-image size-full\"><img loading=\"lazy\" decoding=\"async\" width=\"1024\" height=\"683\" src=\"http:\/\/vertienteglobal.com\/wp-content\/uploads\/2026\/04\/1001180029.webp\" alt=\"\" class=\"wp-image-255948\" srcset=\"http:\/\/vertienteglobal.com\/wp-content\/uploads\/2026\/04\/1001180029.webp 1024w, http:\/\/vertienteglobal.com\/wp-content\/uploads\/2026\/04\/1001180029-300x200.webp 300w, http:\/\/vertienteglobal.com\/wp-content\/uploads\/2026\/04\/1001180029-150x100.webp 150w, http:\/\/vertienteglobal.com\/wp-content\/uploads\/2026\/04\/1001180029-768x512.webp 768w\" sizes=\"auto, (max-width: 1024px) 100vw, 1024px\" \/><\/figure>\n\n\n\n<p>(Redacci\u00f3n)<\/p>\n\n\n\n<p>La presidenta de M\u00e9xico, Claudia Sheinbaum, dio a conocer la renuncia de Esthela Dami\u00e1n a la Consejer\u00eda Jur\u00eddica de la Presidencia, luego de que la funcionaria manifestara su intenci\u00f3n de participar en la pol\u00edtica de su estado natal, Guerrero.<\/p>\n\n\n\n<p>Y es que en la conferencia ma\u00f1anera del pueblo, Sheinbaum Pardo, explic\u00f3 que, conforme a las reglas establecidas, quienes deseen competir por un cargo de elecci\u00f3n popular deben separarse del gobierno federal.<\/p>\n\n\n\n<p>Detall\u00f3: \u201cHace unos d\u00edas Estela Dami\u00e1n me dijo que ella quer\u00eda irse a trabajar a Guerrero\u2026 yo no tengo candidatos ni candidatas ni favorezco a alguna persona que vaya a participar en una encuesta del partido. Todos tienen derecho a participar en igualdad de circunstancias. Pero Estela me pidi\u00f3 que se quiere ir a Guerrero, a su estado natal, y que quiere participar all\u00e1. Entonces le dije: tienes que dejar la Consejer\u00eda Jur\u00eddica porque no se pueden las dos cosas\u201d.<\/p>\n\n\n\n<p>Asimismismo, la mandataria mexicana indic\u00f3 que invit\u00f3 a la actual presidenta de Morena, Luisa Mar\u00eda Alcalde, para ocupar el cargo.<\/p>\n\n\n\n<p>Reiter\u00f3: \u201cLa decisi\u00f3n de llamar a Luisa Mar\u00eda es una decisi\u00f3n de la presidenta, mi decisi\u00f3n, considero a Luisa Mar\u00eda extraordinaria abogada y s\u00e9 que nos va a ayudar a contribuir al gobierno de M\u00e9xico\u201d.<\/p>\n\n\n\n<figure class=\"wp-block-embed is-type-rich is-provider-twitter wp-block-embed-twitter\"><div class=\"wp-block-embed__wrapper\">\n<div class=\"oceanwp-oembed-wrap clr\"><div class=\"embed-twitter\"><blockquote class=\"twitter-tweet\" data-width=\"550\" data-dnt=\"true\"><p lang=\"es\" dir=\"ltr\"><a href=\"https:\/\/twitter.com\/hashtag\/Ma%C3%B1aneraDelPueblo?src=hash&amp;ref_src=twsrc%5Etfw\">#Ma\u00f1aneraDelPueblo<\/a> La PresidentA de M\u00e9xico Claudia Sheinbaum Pardo (<a href=\"https:\/\/twitter.com\/Claudiashein?ref_src=twsrc%5Etfw\">@Claudiashein<\/a>)  inform\u00f3 que invit\u00f3 a Luisa Mar\u00eda Alcalde (<a href=\"https:\/\/twitter.com\/LuisaAlcalde?ref_src=twsrc%5Etfw\">@LuisaAlcalde<\/a>) a la consejer\u00eda del Ejecutivo Federal luego de que Esthela Dami\u00e1n deje el cargo para contender por la candidatura de <a href=\"https:\/\/twitter.com\/hashtag\/Guerrero?src=hash&amp;ref_src=twsrc%5Etfw\">#Guerrero<\/a>. <a href=\"https:\/\/t.co\/icbstiX9cN\">pic.twitter.com\/icbstiX9cN<\/a><\/p>&mdash; vertienteglobal.com (@VertienteGloba1) <a href=\"https:\/\/twitter.com\/VertienteGloba1\/status\/2046988903706468806?ref_src=twsrc%5Etfw\">April 22, 2026<\/a><\/blockquote><script async src=\"https:\/\/platform.twitter.com\/widgets.js\" charset=\"utf-8\"><\/script><\/div><\/div>\n<\/div><\/figure>\n","protected":false},"excerpt":{"rendered":"<p>(Redacci\u00f3n) La presidenta de M\u00e9xico, Claudia Sheinbaum, dio a conocer la renuncia de Esthela Dami\u00e1n a la Consejer\u00eda Jur\u00eddica de la Presidencia, luego de que la funcionaria manifestara su intenci\u00f3n de participar en la pol\u00edtica de su estado natal, Guerrero. Y es que en la conferencia ma\u00f1anera del pueblo, Sheinbaum Pardo, explic\u00f3 que, conforme a [&hellip;]<\/p>\n","protected":false},"author":6,"featured_media":255948,"comment_status":"open","ping_status":"open","sticky":false,"template":"","format":"standard","meta":{"footnotes":""},"categories":[1],"tags":[],"class_list":["post-255947","post","type-post","status-publish","format-standard","has-post-thumbnail","hentry","category-uncategorized","entry","has-media"],"jetpack_featured_media_url":"http:\/\/vertienteglobal.com\/wp-content\/uploads\/2026\/04\/1001180029.webp","_links":{"self":[{"href":"http:\/\/vertienteglobal.com\/index.php?rest_route=\/wp\/v2\/posts\/255947","targetHints":{"allow":["GET"]}}],"collection":[{"href":"http:\/\/vertienteglobal.com\/index.php?rest_route=\/wp\/v2\/posts"}],"about":[{"href":"http:\/\/vertienteglobal.com\/index.php?rest_route=\/wp\/v2\/types\/post"}],"author":[{"embeddable":true,"href":"http:\/\/vertienteglobal.com\/index.php?rest_route=\/wp\/v2\/users\/6"}],"replies":[{"embeddable":true,"href":"http:\/\/vertienteglobal.com\/index.php?rest_route=%2Fwp%2Fv2%2Fcomments&post=255947"}],"version-history":[{"count":2,"href":"http:\/\/vertienteglobal.com\/index.php?rest_route=\/wp\/v2\/posts\/255947\/revisions"}],"predecessor-version":[{"id":255950,"href":"http:\/\/vertienteglobal.com\/index.php?rest_route=\/wp\/v2\/posts\/255947\/revisions\/255950"}],"wp:featuredmedia":[{"embeddable":true,"href":"http:\/\/vertienteglobal.com\/index.php?rest_route=\/wp\/v2\/media\/255948"}],"wp:attachment":[{"href":"http:\/\/vertienteglobal.com\/index.php?rest_route=%2Fwp%2Fv2%2Fmedia&parent=255947"}],"wp:term":[{"taxonomy":"category","embeddable":true,"href":"http:\/\/vertienteglobal.com\/index.php?rest_route=%2Fwp%2Fv2%2Fcategories&post=255947"},{"taxonomy":"post_tag","embeddable":true,"href":"http:\/\/vertienteglobal.com\/index.php?rest_route=%2Fwp%2Fv2%2Ftags&post=255947"}],"curies":[{"name":"wp","href":"https:\/\/api.w.org\/{rel}","templated":true}]}}