{"id":255931,"date":"2026-04-21T19:44:00","date_gmt":"2026-04-22T00:44:00","guid":{"rendered":"http:\/\/vertienteglobal.com\/?p=255931"},"modified":"2026-04-22T10:08:24","modified_gmt":"2026-04-22T15:08:24","slug":"luisa-maria-alcalde-dejara-la-presidencia-de-morena-perfilan-a-ariadna-montiel-como-nueva-dirigente","status":"publish","type":"post","link":"http:\/\/vertienteglobal.com\/?p=255931","title":{"rendered":"Luisa Mar\u00eda Alcalde dejar\u00e1 la presidencia de Morena; perfilan a Ariadna Montiel como nueva dirigente"},"content":{"rendered":"\n<div class=\"twitterbutton\" style=\"float: right; padding-left: 5px;\"><a href=\"http:\/\/twitter.com\/share\" class=\"twitter-share-button\" data-count=\"horizontal\" data-text=\"Luisa Mar\u00eda Alcalde dejar\u00e1 la presidencia de Morena; perfilan a Ariadna Montie...\" data-via=\"https:\/\/twitter.com\/VertienteGloba1\" data-url=\"http:\/\/vertienteglobal.com\/?p=255931\" data-lang=\"es\" data-related=\"Informaci\u00f3n general:S\u00edguenos para que est\u00e9ss informado\"><\/a><\/div>\n<figure class=\"wp-block-image size-full\"><img loading=\"lazy\" decoding=\"async\" width=\"1024\" height=\"683\" src=\"http:\/\/vertienteglobal.com\/wp-content\/uploads\/2026\/04\/1001179020.webp\" alt=\"\" class=\"wp-image-255932\" srcset=\"http:\/\/vertienteglobal.com\/wp-content\/uploads\/2026\/04\/1001179020.webp 1024w, http:\/\/vertienteglobal.com\/wp-content\/uploads\/2026\/04\/1001179020-300x200.webp 300w, http:\/\/vertienteglobal.com\/wp-content\/uploads\/2026\/04\/1001179020-150x100.webp 150w, http:\/\/vertienteglobal.com\/wp-content\/uploads\/2026\/04\/1001179020-768x512.webp 768w\" sizes=\"auto, (max-width: 1024px) 100vw, 1024px\" \/><\/figure>\n\n\n\n<p>(Redacci\u00f3n)<\/p>\n\n\n\n<p>Este cambio terminar\u00eda con las especulaciones que surgieron a inicios de abril, que afirmaban que Luisa Mar\u00eda Alcalde dejar\u00eda el partido guinda<\/p>\n\n\n\n<p>Ciudad de M\u00e9xico 21 de abril de 2026.-Este martes, trascendi\u00f3 que Luisa Mar\u00eda Alcalde estar\u00eda a punto de dejar la dirigencia del partido Morena. En su lugar, llegar\u00eda Ariadna Montiel, quien se desempe\u00f1a como secretaria del Bienestar.<\/p>\n\n\n\n<p>Y es que se espera un mensaje por parte de Luisa Mar\u00eda Alcalde para dar el anuncio oficial, lo cual fue confirmado por senadores del instituto pol\u00edtico.<\/p>\n\n\n\n<p>Este cambio terminar\u00eda con las especulaciones que surgieron a inicios de abril, que afirmaban que Luisa Mar\u00eda Alcalde dejar\u00eda el partido guinda.<\/p>\n\n\n\n<p>Incluso, la presidenta de M\u00e9xico, Claudia Sheinbaum, dijo que desconoc\u00eda si Luisa Mar\u00eda Alcalde dejar\u00eda el partido Morena, de cara a 2027. (Fuente:Razon\/XEVA)<\/p>\n\n\n\n<figure class=\"wp-block-image size-full\"><img loading=\"lazy\" decoding=\"async\" width=\"800\" height=\"534\" src=\"http:\/\/vertienteglobal.com\/wp-content\/uploads\/2026\/04\/1001179021.jpg\" alt=\"\" class=\"wp-image-255933\" srcset=\"http:\/\/vertienteglobal.com\/wp-content\/uploads\/2026\/04\/1001179021.jpg 800w, http:\/\/vertienteglobal.com\/wp-content\/uploads\/2026\/04\/1001179021-300x200.jpg 300w, http:\/\/vertienteglobal.com\/wp-content\/uploads\/2026\/04\/1001179021-150x100.jpg 150w, http:\/\/vertienteglobal.com\/wp-content\/uploads\/2026\/04\/1001179021-768x513.jpg 768w\" sizes=\"auto, (max-width: 800px) 100vw, 800px\" \/><\/figure>\n","protected":false},"excerpt":{"rendered":"<p>(Redacci\u00f3n) Este cambio terminar\u00eda con las especulaciones que surgieron a inicios de abril, que afirmaban que Luisa Mar\u00eda Alcalde dejar\u00eda el partido guinda Ciudad de M\u00e9xico 21 de abril de 2026.-Este martes, trascendi\u00f3 que Luisa Mar\u00eda Alcalde estar\u00eda a punto de dejar la dirigencia del partido Morena. En su lugar, llegar\u00eda Ariadna Montiel, quien se [&hellip;]<\/p>\n","protected":false},"author":6,"featured_media":255932,"comment_status":"open","ping_status":"open","sticky":false,"template":"","format":"standard","meta":{"footnotes":""},"categories":[8],"tags":[],"class_list":["post-255931","post","type-post","status-publish","format-standard","has-post-thumbnail","hentry","category-pais","entry","has-media"],"jetpack_featured_media_url":"http:\/\/vertienteglobal.com\/wp-content\/uploads\/2026\/04\/1001179020.webp","_links":{"self":[{"href":"http:\/\/vertienteglobal.com\/index.php?rest_route=\/wp\/v2\/posts\/255931","targetHints":{"allow":["GET"]}}],"collection":[{"href":"http:\/\/vertienteglobal.com\/index.php?rest_route=\/wp\/v2\/posts"}],"about":[{"href":"http:\/\/vertienteglobal.com\/index.php?rest_route=\/wp\/v2\/types\/post"}],"author":[{"embeddable":true,"href":"http:\/\/vertienteglobal.com\/index.php?rest_route=\/wp\/v2\/users\/6"}],"replies":[{"embeddable":true,"href":"http:\/\/vertienteglobal.com\/index.php?rest_route=%2Fwp%2Fv2%2Fcomments&post=255931"}],"version-history":[{"count":1,"href":"http:\/\/vertienteglobal.com\/index.php?rest_route=\/wp\/v2\/posts\/255931\/revisions"}],"predecessor-version":[{"id":255934,"href":"http:\/\/vertienteglobal.com\/index.php?rest_route=\/wp\/v2\/posts\/255931\/revisions\/255934"}],"wp:featuredmedia":[{"embeddable":true,"href":"http:\/\/vertienteglobal.com\/index.php?rest_route=\/wp\/v2\/media\/255932"}],"wp:attachment":[{"href":"http:\/\/vertienteglobal.com\/index.php?rest_route=%2Fwp%2Fv2%2Fmedia&parent=255931"}],"wp:term":[{"taxonomy":"category","embeddable":true,"href":"http:\/\/vertienteglobal.com\/index.php?rest_route=%2Fwp%2Fv2%2Fcategories&post=255931"},{"taxonomy":"post_tag","embeddable":true,"href":"http:\/\/vertienteglobal.com\/index.php?rest_route=%2Fwp%2Fv2%2Ftags&post=255931"}],"curies":[{"name":"wp","href":"https:\/\/api.w.org\/{rel}","templated":true}]}}