{"id":255901,"date":"2026-04-18T12:21:00","date_gmt":"2026-04-18T17:21:00","guid":{"rendered":"http:\/\/vertienteglobal.com\/?p=255901"},"modified":"2026-04-21T13:17:05","modified_gmt":"2026-04-21T18:17:05","slug":"dif-yucatan-supervisa-avances-de-la-clinica-de-autismo-del-crit","status":"publish","type":"post","link":"http:\/\/vertienteglobal.com\/?p=255901","title":{"rendered":"DIF Yucat\u00e1n supervisa avances de la Cl\u00ednica de Autismo del CRIT"},"content":{"rendered":"\n<div class=\"twitterbutton\" style=\"float: right; padding-left: 5px;\"><a href=\"http:\/\/twitter.com\/share\" class=\"twitter-share-button\" data-count=\"horizontal\" data-text=\"DIF Yucat\u00e1n supervisa avances de la Cl\u00ednica de Autismo del CRIT\" data-via=\"https:\/\/twitter.com\/VertienteGloba1\" data-url=\"http:\/\/vertienteglobal.com\/?p=255901\" data-lang=\"es\" data-related=\"Informaci\u00f3n general:S\u00edguenos para que est\u00e9ss informado\"><\/a><\/div>\n<figure class=\"wp-block-image size-large\"><img loading=\"lazy\" decoding=\"async\" width=\"1024\" height=\"683\" src=\"http:\/\/vertienteglobal.com\/wp-content\/uploads\/2026\/04\/1001176405-1024x683.jpg\" alt=\"\" class=\"wp-image-255902\" srcset=\"http:\/\/vertienteglobal.com\/wp-content\/uploads\/2026\/04\/1001176405-1024x683.jpg 1024w, http:\/\/vertienteglobal.com\/wp-content\/uploads\/2026\/04\/1001176405-300x200.jpg 300w, http:\/\/vertienteglobal.com\/wp-content\/uploads\/2026\/04\/1001176405-150x100.jpg 150w, http:\/\/vertienteglobal.com\/wp-content\/uploads\/2026\/04\/1001176405-768x512.jpg 768w, http:\/\/vertienteglobal.com\/wp-content\/uploads\/2026\/04\/1001176405-1536x1024.jpg 1536w, http:\/\/vertienteglobal.com\/wp-content\/uploads\/2026\/04\/1001176405-2048x1366.jpg 2048w\" sizes=\"auto, (max-width: 1024px) 100vw, 1024px\" \/><\/figure>\n\n\n\n<p>(Redacci\u00f3n)<\/p>\n\n\n\n<p><em>Con este espacio se fortalece la atenci\u00f3n especializada para ni\u00f1as, ni\u00f1os y j\u00f3venes con autismo en el estado<\/em><\/p>\n\n\n\n<p>M\u00e9rida, Yucat\u00e1n, a 18 de abril de 2026.-La Presidenta Honoraria del DIF Yucat\u00e1n, Mtra. Wendy M\u00e9ndez Naal, realiz\u00f3 una visita de supervisi\u00f3n al turno vespertino de la Cl\u00ednica de Autismo del CRIT Yucat\u00e1n, para conocer de cerca los avances y la atenci\u00f3n que se brinda a ni\u00f1as, ni\u00f1os y j\u00f3venes en este espacio especializado.<\/p>\n\n\n\n<p>Durante el recorrido, M\u00e9ndez Naal visit\u00f3 las \u00e1reas de valoraci\u00f3n m\u00e9dica, terapia de lenguaje, terapia ocupacional y terapia f\u00edsica, acompa\u00f1ada por directivos del CRIT Yucat\u00e1n y del DIF estatal, quienes presentaron los resultados y avances alcanzados durante 2025.<\/p>\n\n\n\n<p>En su visita, destac\u00f3 que este espacio ya es una realidad para las familias yucatecas y record\u00f3 que, desde el DIF Yucat\u00e1n y junto con el Gobierno del Estado, se donaron 18 millones de pesos al CRIT estatal para hacer posible esta cl\u00ednica y fortalecer la atenci\u00f3n especializada en la entidad.<\/p>\n\n\n\n<p>Este espacio, explic\u00f3 M\u00e9ndez Naal, representa un paso importante para ampliar la atenci\u00f3n especializada en autismo en Yucat\u00e1n, brindando a m\u00e1s familias acceso a terapias, acompa\u00f1amiento y servicios que contribuyen al desarrollo integral de ni\u00f1as, ni\u00f1os y j\u00f3venes. Asimismo, reiter\u00f3 que contar con sitios especializados hace una gran diferencia en la vida de las familias, ya que les permite acceder a servicios cercanos, dignos y de calidad, fortaleciendo la inclusi\u00f3n y el bienestar de ni\u00f1as, ni\u00f1os y j\u00f3venes con autismo.<\/p>\n\n\n\n<p>Estas medidas forman parte de la visi\u00f3n impulsada por el Gobernador Joaqu\u00edn D\u00edaz Mena de construir un estado m\u00e1s incluyente, donde las personas con discapacidad y sus familias tengan acceso a servicios especializados, que les permitan mejorar su calidad de vida y desarrollarse plenamente.<\/p>\n\n\n\n<p>Al finalizar la visita, M\u00e9ndez Naal sostuvo una reuni\u00f3n con el director general del CRIT Yucat\u00e1n, Rodrigo Ruelas Villal\u00f3n, en la cual se presentaron los avances de la Cl\u00ednica de Autismo y se entreg\u00f3 el Informe de Actividades 2025.<\/p>\n\n\n\n<p>En este encuentro participaron tambi\u00e9n la directora general del DIF Yucat\u00e1n, Shirley Castillo S\u00e1nchez; la directora m\u00e9dica del CRIT Yucat\u00e1n, Elo\u00edsa S\u00e1nchez Z\u00fa\u00f1iga; la directora del CREE, Lidieth Denis Alcocer; la subdirectora M\u00e9dica de la Cl\u00ednica de Autismo del CRIT Yucat\u00e1n, Jessica Calvillo P\u00e9rez; y la gerente de Alianzas Estrat\u00e9gicas y Procuraci\u00f3n de Fondos del CRIT Yucat\u00e1n, Adriana G\u00f3ngora Tolosa.<\/p>\n\n\n\n<figure class=\"wp-block-image size-large\"><img loading=\"lazy\" decoding=\"async\" width=\"1024\" height=\"683\" src=\"http:\/\/vertienteglobal.com\/wp-content\/uploads\/2026\/04\/1001176406-1024x683.jpg\" alt=\"\" class=\"wp-image-255903\" srcset=\"http:\/\/vertienteglobal.com\/wp-content\/uploads\/2026\/04\/1001176406-1024x683.jpg 1024w, http:\/\/vertienteglobal.com\/wp-content\/uploads\/2026\/04\/1001176406-300x200.jpg 300w, http:\/\/vertienteglobal.com\/wp-content\/uploads\/2026\/04\/1001176406-150x100.jpg 150w, http:\/\/vertienteglobal.com\/wp-content\/uploads\/2026\/04\/1001176406-768x512.jpg 768w, http:\/\/vertienteglobal.com\/wp-content\/uploads\/2026\/04\/1001176406-1536x1024.jpg 1536w, http:\/\/vertienteglobal.com\/wp-content\/uploads\/2026\/04\/1001176406-2048x1366.jpg 2048w\" sizes=\"auto, (max-width: 1024px) 100vw, 1024px\" \/><\/figure>\n\n\n\n<figure class=\"wp-block-image size-large\"><img loading=\"lazy\" decoding=\"async\" width=\"1024\" height=\"683\" src=\"http:\/\/vertienteglobal.com\/wp-content\/uploads\/2026\/04\/1001176407-1024x683.jpg\" alt=\"\" class=\"wp-image-255904\" srcset=\"http:\/\/vertienteglobal.com\/wp-content\/uploads\/2026\/04\/1001176407-1024x683.jpg 1024w, http:\/\/vertienteglobal.com\/wp-content\/uploads\/2026\/04\/1001176407-300x200.jpg 300w, http:\/\/vertienteglobal.com\/wp-content\/uploads\/2026\/04\/1001176407-150x100.jpg 150w, http:\/\/vertienteglobal.com\/wp-content\/uploads\/2026\/04\/1001176407-768x512.jpg 768w, http:\/\/vertienteglobal.com\/wp-content\/uploads\/2026\/04\/1001176407-1536x1024.jpg 1536w, http:\/\/vertienteglobal.com\/wp-content\/uploads\/2026\/04\/1001176407-2048x1366.jpg 2048w\" sizes=\"auto, (max-width: 1024px) 100vw, 1024px\" \/><\/figure>\n\n\n\n<figure class=\"wp-block-image size-large\"><img loading=\"lazy\" decoding=\"async\" width=\"1024\" height=\"715\" src=\"http:\/\/vertienteglobal.com\/wp-content\/uploads\/2026\/04\/1001176408-1024x715.jpg\" alt=\"\" class=\"wp-image-255905\" srcset=\"http:\/\/vertienteglobal.com\/wp-content\/uploads\/2026\/04\/1001176408-1024x715.jpg 1024w, http:\/\/vertienteglobal.com\/wp-content\/uploads\/2026\/04\/1001176408-300x210.jpg 300w, http:\/\/vertienteglobal.com\/wp-content\/uploads\/2026\/04\/1001176408-150x105.jpg 150w, http:\/\/vertienteglobal.com\/wp-content\/uploads\/2026\/04\/1001176408-768x536.jpg 768w, http:\/\/vertienteglobal.com\/wp-content\/uploads\/2026\/04\/1001176408-1536x1073.jpg 1536w, http:\/\/vertienteglobal.com\/wp-content\/uploads\/2026\/04\/1001176408-2048x1430.jpg 2048w\" sizes=\"auto, (max-width: 1024px) 100vw, 1024px\" \/><\/figure>\n\n\n\n<figure class=\"wp-block-image size-large\"><img loading=\"lazy\" decoding=\"async\" width=\"1024\" height=\"683\" src=\"http:\/\/vertienteglobal.com\/wp-content\/uploads\/2026\/04\/1001176409-1024x683.jpg\" alt=\"\" class=\"wp-image-255906\" srcset=\"http:\/\/vertienteglobal.com\/wp-content\/uploads\/2026\/04\/1001176409-1024x683.jpg 1024w, http:\/\/vertienteglobal.com\/wp-content\/uploads\/2026\/04\/1001176409-300x200.jpg 300w, http:\/\/vertienteglobal.com\/wp-content\/uploads\/2026\/04\/1001176409-150x100.jpg 150w, http:\/\/vertienteglobal.com\/wp-content\/uploads\/2026\/04\/1001176409-768x512.jpg 768w, http:\/\/vertienteglobal.com\/wp-content\/uploads\/2026\/04\/1001176409-1536x1024.jpg 1536w, http:\/\/vertienteglobal.com\/wp-content\/uploads\/2026\/04\/1001176409-2048x1366.jpg 2048w\" sizes=\"auto, (max-width: 1024px) 100vw, 1024px\" \/><\/figure>\n\n\n\n<figure class=\"wp-block-image size-large\"><img loading=\"lazy\" decoding=\"async\" width=\"1024\" height=\"683\" src=\"http:\/\/vertienteglobal.com\/wp-content\/uploads\/2026\/04\/1001176410-1024x683.jpg\" alt=\"\" class=\"wp-image-255907\" srcset=\"http:\/\/vertienteglobal.com\/wp-content\/uploads\/2026\/04\/1001176410-1024x683.jpg 1024w, http:\/\/vertienteglobal.com\/wp-content\/uploads\/2026\/04\/1001176410-300x200.jpg 300w, http:\/\/vertienteglobal.com\/wp-content\/uploads\/2026\/04\/1001176410-150x100.jpg 150w, http:\/\/vertienteglobal.com\/wp-content\/uploads\/2026\/04\/1001176410-768x512.jpg 768w, http:\/\/vertienteglobal.com\/wp-content\/uploads\/2026\/04\/1001176410-1536x1024.jpg 1536w, http:\/\/vertienteglobal.com\/wp-content\/uploads\/2026\/04\/1001176410-2048x1366.jpg 2048w\" sizes=\"auto, (max-width: 1024px) 100vw, 1024px\" \/><\/figure>\n","protected":false},"excerpt":{"rendered":"<p>(Redacci\u00f3n) Con este espacio se fortalece la atenci\u00f3n especializada para ni\u00f1as, ni\u00f1os y j\u00f3venes con autismo en el estado M\u00e9rida, Yucat\u00e1n, a 18 de abril de 2026.-La Presidenta Honoraria del DIF Yucat\u00e1n, Mtra. Wendy M\u00e9ndez Naal, realiz\u00f3 una visita de supervisi\u00f3n al turno vespertino de la Cl\u00ednica de Autismo del CRIT Yucat\u00e1n, para conocer de [&hellip;]<\/p>\n","protected":false},"author":6,"featured_media":255902,"comment_status":"open","ping_status":"open","sticky":false,"template":"","format":"standard","meta":{"footnotes":""},"categories":[2],"tags":[],"class_list":["post-255901","post","type-post","status-publish","format-standard","has-post-thumbnail","hentry","category-yucatan","entry","has-media"],"jetpack_featured_media_url":"http:\/\/vertienteglobal.com\/wp-content\/uploads\/2026\/04\/1001176405.jpg","_links":{"self":[{"href":"http:\/\/vertienteglobal.com\/index.php?rest_route=\/wp\/v2\/posts\/255901","targetHints":{"allow":["GET"]}}],"collection":[{"href":"http:\/\/vertienteglobal.com\/index.php?rest_route=\/wp\/v2\/posts"}],"about":[{"href":"http:\/\/vertienteglobal.com\/index.php?rest_route=\/wp\/v2\/types\/post"}],"author":[{"embeddable":true,"href":"http:\/\/vertienteglobal.com\/index.php?rest_route=\/wp\/v2\/users\/6"}],"replies":[{"embeddable":true,"href":"http:\/\/vertienteglobal.com\/index.php?rest_route=%2Fwp%2Fv2%2Fcomments&post=255901"}],"version-history":[{"count":1,"href":"http:\/\/vertienteglobal.com\/index.php?rest_route=\/wp\/v2\/posts\/255901\/revisions"}],"predecessor-version":[{"id":255908,"href":"http:\/\/vertienteglobal.com\/index.php?rest_route=\/wp\/v2\/posts\/255901\/revisions\/255908"}],"wp:featuredmedia":[{"embeddable":true,"href":"http:\/\/vertienteglobal.com\/index.php?rest_route=\/wp\/v2\/media\/255902"}],"wp:attachment":[{"href":"http:\/\/vertienteglobal.com\/index.php?rest_route=%2Fwp%2Fv2%2Fmedia&parent=255901"}],"wp:term":[{"taxonomy":"category","embeddable":true,"href":"http:\/\/vertienteglobal.com\/index.php?rest_route=%2Fwp%2Fv2%2Fcategories&post=255901"},{"taxonomy":"post_tag","embeddable":true,"href":"http:\/\/vertienteglobal.com\/index.php?rest_route=%2Fwp%2Fv2%2Ftags&post=255901"}],"curies":[{"name":"wp","href":"https:\/\/api.w.org\/{rel}","templated":true}]}}