{"id":255876,"date":"2026-04-19T12:46:00","date_gmt":"2026-04-19T17:46:00","guid":{"rendered":"http:\/\/vertienteglobal.com\/?p=255876"},"modified":"2026-04-21T10:44:59","modified_gmt":"2026-04-21T15:44:59","slug":"dif-yucatan-impulsa-proyectos-de-vida-para-52-adolescentes-de-casa-otoch","status":"publish","type":"post","link":"http:\/\/vertienteglobal.com\/?p=255876","title":{"rendered":"DIF Yucat\u00e1n impulsa proyectos de vida para 52 adolescentes de Casa Otoch"},"content":{"rendered":"\n<div class=\"twitterbutton\" style=\"float: right; padding-left: 5px;\"><a href=\"http:\/\/twitter.com\/share\" class=\"twitter-share-button\" data-count=\"horizontal\" data-text=\"DIF Yucat\u00e1n impulsa proyectos de vida para 52 adolescentes de Casa Otoch\" data-via=\"https:\/\/twitter.com\/VertienteGloba1\" data-url=\"http:\/\/vertienteglobal.com\/?p=255876\" data-lang=\"es\" data-related=\"Informaci\u00f3n general:S\u00edguenos para que est\u00e9ss informado\"><\/a><\/div>\n<figure class=\"wp-block-image size-large\"><img loading=\"lazy\" decoding=\"async\" width=\"1024\" height=\"683\" src=\"http:\/\/vertienteglobal.com\/wp-content\/uploads\/2026\/04\/1001176314-1024x683.jpg\" alt=\"\" class=\"wp-image-255877\" srcset=\"http:\/\/vertienteglobal.com\/wp-content\/uploads\/2026\/04\/1001176314-1024x683.jpg 1024w, http:\/\/vertienteglobal.com\/wp-content\/uploads\/2026\/04\/1001176314-300x200.jpg 300w, http:\/\/vertienteglobal.com\/wp-content\/uploads\/2026\/04\/1001176314-150x100.jpg 150w, http:\/\/vertienteglobal.com\/wp-content\/uploads\/2026\/04\/1001176314-768x512.jpg 768w, http:\/\/vertienteglobal.com\/wp-content\/uploads\/2026\/04\/1001176314.jpg 1280w\" sizes=\"auto, (max-width: 1024px) 100vw, 1024px\" \/><\/figure>\n\n\n\n<p>(Redacci\u00f3n)<\/p>\n\n\n\n<p><em>Durante el Mes de la Ni\u00f1a y el ni\u00f1o, j\u00f3venes conocen a nuevas opciones acad\u00e9micas y profesionales durante una visita a la 17\u00aa Zona A\u00e9rea Militar<\/em><\/p>\n\n\n\n<p>M\u00e9rida, Yucat\u00e1n, a 19 de abril de 2026.-Como parte de las actividades por el Mes de la Ni\u00f1a y el Ni\u00f1o, el Sistema DIF Yucat\u00e1n organiz\u00f3 una visita guiada a la 17\u00aa Zona A\u00e9rea Militar para adolescentes de Casa Otoch, a fin de acercarles nuevas experiencias y brindarles herramientas que les permitan ampliar su visi\u00f3n sobre su futuro acad\u00e9mico y profesional.<\/p>\n\n\n\n<p>En esta actividad participaron 52 adolescentes, 25 mujeres y 27 hombres, quienes recorrieron las instalaciones de la base a\u00e9rea y conocieron de cerca algunas de las especialidades y oportunidades de formaci\u00f3n que ofrece este espacio.<\/p>\n\n\n\n<p>La visita estuvo encabezada por la Presidenta Honoraria del DIF Yucat\u00e1n, Wendy M\u00e9ndez Naal, quien impulsa, junto con el Gobernador Joaqu\u00edn D\u00edaz Mena, acciones orientadas a generar mayores oportunidades de desarrollo para ni\u00f1as, ni\u00f1os y adolescentes, en especial para quienes se encuentran bajo resguardo institucional.<\/p>\n\n\n\n<p>Esta fue la primera colaboraci\u00f3n de este tipo entre Casa Otoch y la 17\u00aa Zona A\u00e9rea Militar, lo que permiti\u00f3 que las y los adolescentes no solo conocieran las instalaciones, sino tambi\u00e9n las distintas \u00e1reas y disciplinas que forman parte de este espacio.<\/p>\n\n\n\n<p>Durante el recorrido, las y los participantes recibieron informaci\u00f3n sobre diversas especialidades, entre ellas pilotaje, control de vuelo, mec\u00e1nica aeron\u00e1utica y otras funciones relacionadas con la operaci\u00f3n a\u00e9rea, lo que les permiti\u00f3 identificar nuevas alternativas para su futuro.<\/p>\n\n\n\n<p>En ese sentido, Wendy M\u00e9ndez Naal se\u00f1al\u00f3 que brindar este tipo de experiencias forma parte del compromiso de avanzar con amor, al generar espacios que fortalezcan la autoestima, los sue\u00f1os y las oportunidades de quienes forman parte de Casa Otoch.<\/p>\n\n\n\n<p>Con estas acciones, el DIF Yucat\u00e1n refrenda su compromiso de seguir impulsando actividades que contribuyan al desarrollo integral de ni\u00f1as, ni\u00f1os y adolescentes, al acercarles experiencias que ampl\u00eden sus horizontes y les permitan construir un mejor proyecto de vida.<\/p>\n\n\n\n<figure class=\"wp-block-image size-large\"><img loading=\"lazy\" decoding=\"async\" width=\"1024\" height=\"683\" src=\"http:\/\/vertienteglobal.com\/wp-content\/uploads\/2026\/04\/1001176315-1024x683.jpg\" alt=\"\" class=\"wp-image-255878\" srcset=\"http:\/\/vertienteglobal.com\/wp-content\/uploads\/2026\/04\/1001176315-1024x683.jpg 1024w, http:\/\/vertienteglobal.com\/wp-content\/uploads\/2026\/04\/1001176315-300x200.jpg 300w, http:\/\/vertienteglobal.com\/wp-content\/uploads\/2026\/04\/1001176315-150x100.jpg 150w, http:\/\/vertienteglobal.com\/wp-content\/uploads\/2026\/04\/1001176315-768x512.jpg 768w, http:\/\/vertienteglobal.com\/wp-content\/uploads\/2026\/04\/1001176315.jpg 1280w\" sizes=\"auto, (max-width: 1024px) 100vw, 1024px\" \/><\/figure>\n\n\n\n<figure class=\"wp-block-image size-large\"><img loading=\"lazy\" decoding=\"async\" width=\"1024\" height=\"683\" src=\"http:\/\/vertienteglobal.com\/wp-content\/uploads\/2026\/04\/1001176316-1024x683.jpg\" alt=\"\" class=\"wp-image-255879\" srcset=\"http:\/\/vertienteglobal.com\/wp-content\/uploads\/2026\/04\/1001176316-1024x683.jpg 1024w, http:\/\/vertienteglobal.com\/wp-content\/uploads\/2026\/04\/1001176316-300x200.jpg 300w, http:\/\/vertienteglobal.com\/wp-content\/uploads\/2026\/04\/1001176316-150x100.jpg 150w, http:\/\/vertienteglobal.com\/wp-content\/uploads\/2026\/04\/1001176316-768x512.jpg 768w, http:\/\/vertienteglobal.com\/wp-content\/uploads\/2026\/04\/1001176316.jpg 1280w\" sizes=\"auto, (max-width: 1024px) 100vw, 1024px\" \/><\/figure>\n\n\n\n<figure class=\"wp-block-image size-large\"><img loading=\"lazy\" decoding=\"async\" width=\"1024\" height=\"678\" src=\"http:\/\/vertienteglobal.com\/wp-content\/uploads\/2026\/04\/1001176317-1024x678.jpg\" alt=\"\" class=\"wp-image-255880\" srcset=\"http:\/\/vertienteglobal.com\/wp-content\/uploads\/2026\/04\/1001176317-1024x678.jpg 1024w, http:\/\/vertienteglobal.com\/wp-content\/uploads\/2026\/04\/1001176317-300x199.jpg 300w, http:\/\/vertienteglobal.com\/wp-content\/uploads\/2026\/04\/1001176317-150x99.jpg 150w, http:\/\/vertienteglobal.com\/wp-content\/uploads\/2026\/04\/1001176317-768x508.jpg 768w, http:\/\/vertienteglobal.com\/wp-content\/uploads\/2026\/04\/1001176317.jpg 1280w\" sizes=\"auto, (max-width: 1024px) 100vw, 1024px\" \/><\/figure>\n\n\n\n<figure class=\"wp-block-image size-large\"><img loading=\"lazy\" decoding=\"async\" width=\"1024\" height=\"682\" src=\"http:\/\/vertienteglobal.com\/wp-content\/uploads\/2026\/04\/1001176318-1024x682.jpg\" alt=\"\" class=\"wp-image-255881\" srcset=\"http:\/\/vertienteglobal.com\/wp-content\/uploads\/2026\/04\/1001176318-1024x682.jpg 1024w, http:\/\/vertienteglobal.com\/wp-content\/uploads\/2026\/04\/1001176318-300x200.jpg 300w, http:\/\/vertienteglobal.com\/wp-content\/uploads\/2026\/04\/1001176318-150x100.jpg 150w, http:\/\/vertienteglobal.com\/wp-content\/uploads\/2026\/04\/1001176318-768x512.jpg 768w, http:\/\/vertienteglobal.com\/wp-content\/uploads\/2026\/04\/1001176318.jpg 1280w\" sizes=\"auto, (max-width: 1024px) 100vw, 1024px\" \/><\/figure>\n\n\n\n<figure class=\"wp-block-image size-large\"><img loading=\"lazy\" decoding=\"async\" width=\"1024\" height=\"602\" src=\"http:\/\/vertienteglobal.com\/wp-content\/uploads\/2026\/04\/1001176319-1024x602.jpg\" alt=\"\" class=\"wp-image-255882\" srcset=\"http:\/\/vertienteglobal.com\/wp-content\/uploads\/2026\/04\/1001176319-1024x602.jpg 1024w, http:\/\/vertienteglobal.com\/wp-content\/uploads\/2026\/04\/1001176319-300x176.jpg 300w, http:\/\/vertienteglobal.com\/wp-content\/uploads\/2026\/04\/1001176319-150x88.jpg 150w, http:\/\/vertienteglobal.com\/wp-content\/uploads\/2026\/04\/1001176319-768x451.jpg 768w, http:\/\/vertienteglobal.com\/wp-content\/uploads\/2026\/04\/1001176319.jpg 1280w\" sizes=\"auto, (max-width: 1024px) 100vw, 1024px\" \/><\/figure>\n","protected":false},"excerpt":{"rendered":"<p>(Redacci\u00f3n) Durante el Mes de la Ni\u00f1a y el ni\u00f1o, j\u00f3venes conocen a nuevas opciones acad\u00e9micas y profesionales durante una visita a la 17\u00aa Zona A\u00e9rea Militar M\u00e9rida, Yucat\u00e1n, a 19 de abril de 2026.-Como parte de las actividades por el Mes de la Ni\u00f1a y el Ni\u00f1o, el Sistema DIF Yucat\u00e1n organiz\u00f3 una visita [&hellip;]<\/p>\n","protected":false},"author":6,"featured_media":255877,"comment_status":"open","ping_status":"open","sticky":false,"template":"","format":"standard","meta":{"footnotes":""},"categories":[2],"tags":[],"class_list":["post-255876","post","type-post","status-publish","format-standard","has-post-thumbnail","hentry","category-yucatan","entry","has-media"],"jetpack_featured_media_url":"http:\/\/vertienteglobal.com\/wp-content\/uploads\/2026\/04\/1001176314.jpg","_links":{"self":[{"href":"http:\/\/vertienteglobal.com\/index.php?rest_route=\/wp\/v2\/posts\/255876","targetHints":{"allow":["GET"]}}],"collection":[{"href":"http:\/\/vertienteglobal.com\/index.php?rest_route=\/wp\/v2\/posts"}],"about":[{"href":"http:\/\/vertienteglobal.com\/index.php?rest_route=\/wp\/v2\/types\/post"}],"author":[{"embeddable":true,"href":"http:\/\/vertienteglobal.com\/index.php?rest_route=\/wp\/v2\/users\/6"}],"replies":[{"embeddable":true,"href":"http:\/\/vertienteglobal.com\/index.php?rest_route=%2Fwp%2Fv2%2Fcomments&post=255876"}],"version-history":[{"count":1,"href":"http:\/\/vertienteglobal.com\/index.php?rest_route=\/wp\/v2\/posts\/255876\/revisions"}],"predecessor-version":[{"id":255883,"href":"http:\/\/vertienteglobal.com\/index.php?rest_route=\/wp\/v2\/posts\/255876\/revisions\/255883"}],"wp:featuredmedia":[{"embeddable":true,"href":"http:\/\/vertienteglobal.com\/index.php?rest_route=\/wp\/v2\/media\/255877"}],"wp:attachment":[{"href":"http:\/\/vertienteglobal.com\/index.php?rest_route=%2Fwp%2Fv2%2Fmedia&parent=255876"}],"wp:term":[{"taxonomy":"category","embeddable":true,"href":"http:\/\/vertienteglobal.com\/index.php?rest_route=%2Fwp%2Fv2%2Fcategories&post=255876"},{"taxonomy":"post_tag","embeddable":true,"href":"http:\/\/vertienteglobal.com\/index.php?rest_route=%2Fwp%2Fv2%2Ftags&post=255876"}],"curies":[{"name":"wp","href":"https:\/\/api.w.org\/{rel}","templated":true}]}}