{"id":255843,"date":"2026-04-17T17:09:00","date_gmt":"2026-04-17T22:09:00","guid":{"rendered":"http:\/\/vertienteglobal.com\/?p=255843"},"modified":"2026-04-21T10:03:44","modified_gmt":"2026-04-21T15:03:44","slug":"mara-lezama-se-reune-con-titular-del-instituto-nacional-de-migracion-para-garantizar-en-quintana-roo-atencion-ordenada-segura-y-con-enfoque-humanitario","status":"publish","type":"post","link":"http:\/\/vertienteglobal.com\/?p=255843","title":{"rendered":"Mara Lezama se re\u00fane con titular del Instituto Nacional de Migraci\u00f3n para garantizar en Quintana Roo atenci\u00f3n ordenada, segura y con enfoque humanitario"},"content":{"rendered":"\n<div class=\"twitterbutton\" style=\"float: right; padding-left: 5px;\"><a href=\"http:\/\/twitter.com\/share\" class=\"twitter-share-button\" data-count=\"horizontal\" data-text=\"Mara Lezama se re\u00fane con titular del Instituto Nacional de Migraci\u00f3n para gara...\" data-via=\"https:\/\/twitter.com\/VertienteGloba1\" data-url=\"http:\/\/vertienteglobal.com\/?p=255843\" data-lang=\"es\" data-related=\"Informaci\u00f3n general:S\u00edguenos para que est\u00e9ss informado\"><\/a><\/div>\n<figure class=\"wp-block-image size-large\"><img loading=\"lazy\" decoding=\"async\" width=\"1024\" height=\"683\" src=\"http:\/\/vertienteglobal.com\/wp-content\/uploads\/2026\/04\/1001176028-1024x683.jpg\" alt=\"\" class=\"wp-image-255844\" srcset=\"http:\/\/vertienteglobal.com\/wp-content\/uploads\/2026\/04\/1001176028-1024x683.jpg 1024w, http:\/\/vertienteglobal.com\/wp-content\/uploads\/2026\/04\/1001176028-300x200.jpg 300w, http:\/\/vertienteglobal.com\/wp-content\/uploads\/2026\/04\/1001176028-150x100.jpg 150w, http:\/\/vertienteglobal.com\/wp-content\/uploads\/2026\/04\/1001176028-768x512.jpg 768w, http:\/\/vertienteglobal.com\/wp-content\/uploads\/2026\/04\/1001176028.jpg 1280w\" sizes=\"auto, (max-width: 1024px) 100vw, 1024px\" \/><\/figure>\n\n\n\n<p>(Redacci\u00f3n)<\/p>\n\n\n\n<p>Ciudad de M\u00e9xico, 17 de abril de 2026.- La gobernadora Mara Lezama Espinosa sostuvo una reuni\u00f3n de trabajo con Sergio Salom\u00f3n, titular del Instituto Nacional de Migraci\u00f3n (INM), con el objetivo de fortalecer la coordinaci\u00f3n en materia migratoria en la entidad.<\/p>\n\n\n\n<p>Durante el encuentro, ambas autoridades acordaron trabajar de manera conjunta para garantizar una migraci\u00f3n ordenada, segura y con enfoque humanitario, privilegiando en todo momento el respeto a los derechos humanos de las personas en tr\u00e1nsito.<\/p>\n\n\n\n<p>Como parte de estas acciones, destacaron la implementaci\u00f3n de jornadas de prevenci\u00f3n e informaci\u00f3n contra la trata de personas en el Aeropuerto Internacional de Canc\u00fan, realizadas en coordinaci\u00f3n con la Comisi\u00f3n Nacional de los Derechos Humanos (CNDH), con el prop\u00f3sito de sensibilizar a viajeros y reforzar mecanismos de protecci\u00f3n.<\/p>\n\n\n\n<p>La Gobernadora subray\u00f3 que el Caribe Mexicano, la Capital Mundial de las Vacaciones, contin\u00faa consolid\u00e1ndose como un punto estrat\u00e9gico para la movilidad nacional e internacional, por lo que se mantienen esfuerzos permanentes para mejorar los servicios y la experiencia migratoria de quienes visitan la regi\u00f3n.<\/p>\n","protected":false},"excerpt":{"rendered":"<p>(Redacci\u00f3n) Ciudad de M\u00e9xico, 17 de abril de 2026.- La gobernadora Mara Lezama Espinosa sostuvo una reuni\u00f3n de trabajo con Sergio Salom\u00f3n, titular del Instituto Nacional de Migraci\u00f3n (INM), con el objetivo de fortalecer la coordinaci\u00f3n en materia migratoria en la entidad. Durante el encuentro, ambas autoridades acordaron trabajar de manera conjunta para garantizar una [&hellip;]<\/p>\n","protected":false},"author":6,"featured_media":255844,"comment_status":"open","ping_status":"open","sticky":false,"template":"","format":"standard","meta":{"footnotes":""},"categories":[8,3],"tags":[],"class_list":["post-255843","post","type-post","status-publish","format-standard","has-post-thumbnail","hentry","category-pais","category-quintana-roo","entry","has-media"],"jetpack_featured_media_url":"http:\/\/vertienteglobal.com\/wp-content\/uploads\/2026\/04\/1001176028.jpg","_links":{"self":[{"href":"http:\/\/vertienteglobal.com\/index.php?rest_route=\/wp\/v2\/posts\/255843","targetHints":{"allow":["GET"]}}],"collection":[{"href":"http:\/\/vertienteglobal.com\/index.php?rest_route=\/wp\/v2\/posts"}],"about":[{"href":"http:\/\/vertienteglobal.com\/index.php?rest_route=\/wp\/v2\/types\/post"}],"author":[{"embeddable":true,"href":"http:\/\/vertienteglobal.com\/index.php?rest_route=\/wp\/v2\/users\/6"}],"replies":[{"embeddable":true,"href":"http:\/\/vertienteglobal.com\/index.php?rest_route=%2Fwp%2Fv2%2Fcomments&post=255843"}],"version-history":[{"count":1,"href":"http:\/\/vertienteglobal.com\/index.php?rest_route=\/wp\/v2\/posts\/255843\/revisions"}],"predecessor-version":[{"id":255845,"href":"http:\/\/vertienteglobal.com\/index.php?rest_route=\/wp\/v2\/posts\/255843\/revisions\/255845"}],"wp:featuredmedia":[{"embeddable":true,"href":"http:\/\/vertienteglobal.com\/index.php?rest_route=\/wp\/v2\/media\/255844"}],"wp:attachment":[{"href":"http:\/\/vertienteglobal.com\/index.php?rest_route=%2Fwp%2Fv2%2Fmedia&parent=255843"}],"wp:term":[{"taxonomy":"category","embeddable":true,"href":"http:\/\/vertienteglobal.com\/index.php?rest_route=%2Fwp%2Fv2%2Fcategories&post=255843"},{"taxonomy":"post_tag","embeddable":true,"href":"http:\/\/vertienteglobal.com\/index.php?rest_route=%2Fwp%2Fv2%2Ftags&post=255843"}],"curies":[{"name":"wp","href":"https:\/\/api.w.org\/{rel}","templated":true}]}}